{"id":217244,"date":"2025-11-04T02:11:11","date_gmt":"2025-11-04T02:11:11","guid":{"rendered":"https:\/\/www.europesays.com\/es\/217244\/"},"modified":"2025-11-04T02:11:11","modified_gmt":"2025-11-04T02:11:11","slug":"si-no-hubiera-tenido-la-seminci-habria-ido-a-pisuerga","status":"publish","type":"post","link":"https:\/\/www.europesays.com\/es\/217244\/","title":{"rendered":"\u00abSi no hubiera tenido la Seminci habr\u00eda ido a Pisuerga\u00bb"},"content":{"rendered":"<p class=\"paragraph\">El caos provocado en Pisuerga con la suspensi\u00f3n del partido y que provoc\u00f3 las quejas de los aficionados al grito un\u00edsono de \u2018fuera, fuera\u2019 se qued\u00f3 sordo al no haber nadie del Ayuntamiento en el palco como en otras ocasiones. Mayte Mart\u00ednez explicaba el porqu\u00e9 de su ausencia. \u00abEse d\u00eda en Valladolid ten\u00edamos la clausura de la Seminci. Creo que, aunque cada uno de los concejales tenemos diferentes \u00e1reas, creo que, ante todo, tambi\u00e9n somos concejales de la ciudad y en un evento tan importante como era la clausura de la Seminci consideramos estar y prestar apoyo. Si yo no hubiera tenido la Seminci, hubiera acudido al partido de baloncesto\u00bb, asever\u00f3.<\/p>\n<p>            <a href=\"#\" title=\"\"><\/p>\n<p>                    <img loading=\"lazy\" decoding=\"async\" data-index=\"\" width=\"140\" height=\"140\" alt=\"Imagen de una lona tapando el parquet del Pisuerga que llev\u00f3 a la suspensi\u00f3n del partido del s\u00e1bado.\" data-full=\"[object Object]\" data-original=\"[object Object]\" src=\"https:\/\/imagenes.diariodevalladolid.es\/files\/related_image\/uploads\/2025\/11\/03\/6908ed84d71ba.jpeg\" data-full-src=\"https:\/\/www.europesays.com\/es\/wp-content\/uploads\/2025\/11\/6908ed84d71ba.jpeg\"\/><\/p>\n<p>            <\/a><\/p>\n<p class=\"paragraph\">La concejala, consciente de las cr\u00edticas recibidas y toda la polvareda que se ha levantado con las goteras de Pisuerga, adelant\u00f3 que estar\u00e1 en el pabell\u00f3n el 15 de noviembre en el partido entre el UEMC Baloncesto Valladolid y Ponferrada. \u00abA sabiendas de lo que se est\u00e1 movilizando y que se van a abrir paraguas, que va a haber pitos en el siguiente partido de baloncesto, all\u00ed estar\u00e9, porque a m\u00ed me gusta dar la cara y no me gusta eludir responsabilidades\u00bb.<\/p>\n","protected":false},"excerpt":{"rendered":"El caos provocado en Pisuerga con la suspensi\u00f3n del partido y que provoc\u00f3 las quejas de los aficionados&hellip;\n","protected":false},"author":2,"featured_media":217245,"comment_status":"","ping_status":"","sticky":false,"template":"","format":"standard","meta":{"footnotes":""},"categories":[269],"tags":[299,298,168,25,24,58208,16148,39589,23,167,1607],"class_list":{"0":"post-217244","1":"post","2":"type-post","3":"status-publish","4":"format-standard","5":"has-post-thumbnail","7":"category-baloncesto","8":"tag-baloncesto","9":"tag-basketball","10":"tag-deportes","11":"tag-es","12":"tag-espana","13":"tag-mayte-martinez","14":"tag-ponferrada","15":"tag-seminci","16":"tag-spain","17":"tag-sports","18":"tag-valladolid"},"share_on_mastodon":{"url":"https:\/\/pubeurope.com\/@es\/115489006311392146","error":""},"_links":{"self":[{"href":"https:\/\/www.europesays.com\/es\/wp-json\/wp\/v2\/posts\/217244","targetHints":{"allow":["GET"]}}],"collection":[{"href":"https:\/\/www.europesays.com\/es\/wp-json\/wp\/v2\/posts"}],"about":[{"href":"https:\/\/www.europesays.com\/es\/wp-json\/wp\/v2\/types\/post"}],"author":[{"embeddable":true,"href":"https:\/\/www.europesays.com\/es\/wp-json\/wp\/v2\/users\/2"}],"replies":[{"embeddable":true,"href":"https:\/\/www.europesays.com\/es\/wp-json\/wp\/v2\/comments?post=217244"}],"version-history":[{"count":0,"href":"https:\/\/www.europesays.com\/es\/wp-json\/wp\/v2\/posts\/217244\/revisions"}],"wp:featuredmedia":[{"embeddable":true,"href":"https:\/\/www.europesays.com\/es\/wp-json\/wp\/v2\/media\/217245"}],"wp:attachment":[{"href":"https:\/\/www.europesays.com\/es\/wp-json\/wp\/v2\/media?parent=217244"}],"wp:term":[{"taxonomy":"category","embeddable":true,"href":"https:\/\/www.europesays.com\/es\/wp-json\/wp\/v2\/categories?post=217244"},{"taxonomy":"post_tag","embeddable":true,"href":"https:\/\/www.europesays.com\/es\/wp-json\/wp\/v2\/tags?post=217244"}],"curies":[{"name":"wp","href":"https:\/\/api.w.org\/{rel}","templated":true}]}}