{"id":217278,"date":"2025-11-04T02:41:12","date_gmt":"2025-11-04T02:41:12","guid":{"rendered":"https:\/\/www.europesays.com\/es\/217278\/"},"modified":"2025-11-04T02:41:12","modified_gmt":"2025-11-04T02:41:12","slug":"spider-man-brand-new-day-tambien-contara-con-tony-revolori-como-flash-thompson","status":"publish","type":"post","link":"https:\/\/www.europesays.com\/es\/217278\/","title":{"rendered":"&#8216;Spider-Man: Brand New Day&#8217; tambi\u00e9n contar\u00e1 con Tony Revolori como Flash Thompson"},"content":{"rendered":"<p>El final &#8216;<a href=\"https:\/\/www.ecartelera.com\/peliculas\/spider-man-3-2021\/\" rel=\"nofollow noopener\" target=\"_blank\">Spider-Man: No Way Home<\/a>&#8216; conden\u00f3 a Peter Parker al olvido. Nadie en su universo le recuerda a \u00e9l o a su identidad secreta, <b>una gran oportunidad para forjarse nuevos amigos e incluir nuevos personajes en la saga protagonizada por <a href=\"https:\/\/www.ecartelera.com\/personas\/tom-holland\/\" rel=\"nofollow noopener\" target=\"_blank\">Tom Holland<\/a>.<\/b> Sin embargo, eso no significa que vayamos a decir adi\u00f3s a todo el reparto de la trilog\u00eda original, de hecho tanto <a href=\"https:\/\/www.ecartelera.com\/personas\/zendaya\/\" rel=\"nofollow noopener\" target=\"_blank\">Zendaya<\/a> como <a href=\"https:\/\/www.ecartelera.com\/personas\/jacob-batalon\/\" rel=\"nofollow noopener\" target=\"_blank\">Jacob Batalon<\/a> tienen <a href=\"https:\/\/www.ecartelera.com\/noticias\/jon-bernthal-spiderman-brand-new-day-81025\/\" rel=\"nofollow noopener\" target=\"_blank\">confirmados sus regresos<\/a> y a la lista parece que se suma otro nombre. <\/p>\n<p>Avance &#8216;Spider-Man: Brand New Day&#8217;: D\u00eda 1 en el rodaje<\/p>\n<p><video id=\"vid-35635\" class=\"video-js vjs-default-skin\" data-title=\"Avance 'Spider-Man: Brand New Day': D\u00eda 1 en el rodaje\" poster=\"https:\/\/www.ecartelera.com\/images\/videos\/35600\/f35635.jpg\" controls=\"\" preload=\"auto\" width=\"640\" height=\"360\" playsinline=\"\" data-vtt=\"\/\/v1.ecartelera.com\/video\/35600\/35635_sprite.vtt\" data-stream=\"1\">El navegador no soporta el tag de v\u00eddeo.<\/video><\/p>\n<p>X<\/p>\n<p>Seg\u00fan <a target=\"_blank\" href=\"https:\/\/comicbookmovie.com\/spider_man\/spider_man-brand-new-day\/rumor-spider-man-brand-new-day-will-bring-back-a-polarizing-character-from-the-previous-trilogy-a224618\" rel=\"nofollow noopener\">asegura el insider<\/a> Daniel Richtman, <b><a href=\"https:\/\/www.ecartelera.com\/personas\/tony-revolori\/\" rel=\"nofollow noopener\" target=\"_blank\">Tony Revolori<\/a> tambi\u00e9n regresa en &#8216;Brand New Day&#8217; como Flash Thompson<\/b>, compa\u00f1ero de instituto de Peter. <\/p>\n<p>Si bien en los c\u00f3mics Thompson es un mat\u00f3n que la toma con Peter y un jugador de f\u00fatbol americano, en &#8216;<a href=\"https:\/\/www.ecartelera.com\/peliculas\/spider-man-homecoming\/\" rel=\"nofollow noopener\" target=\"_blank\">Spider-Man: Homecoming<\/a>&#8216; se nos present\u00f3 una versi\u00f3n muy diferente: <b>como un ni\u00f1o rico y mimado.<\/b> Tuvo una breve aparici\u00f3n en &#8216;<a href=\"https:\/\/www.ecartelera.com\/peliculas\/spider-man-3-2021\/\" rel=\"nofollow noopener\" target=\"_blank\">No Way Home<\/a>&#8216; y en general fue recibido con cierta controversia por los cambios. <\/p>\n<p>\t\t\t\t\t\t\t<img decoding=\"async\" loading=\"lazy\" src=\"https:\/\/www.europesays.com\/es\/wp-content\/uploads\/2025\/11\/246941_spider-man-brand-new-day-tambien-contara-con-to.jpg\" alt=\"'Spider-Man: Homecoming'\" width=\"1200\" height=\"600\"\/>\t<\/p>\n<p>\t\t\t\t\t\t&#8216;Spider-Man: Homecoming&#8217; (Sony \/ Marvel)<\/p>\n<p>En los c\u00f3mics, Peter y Flash acaban haci\u00e9ndose amigos en la universidad, despu\u00e9s de que Flash haya madurado. En &#8216;Brand New Day&#8217; Peter ha dejado atr\u00e1s el instituto y tendr\u00e1 un nuevo grupo de amigos en la universidad a la que probablemente asista tambi\u00e9n el personaje de Revolori. <b>Como curiosidad, Eugene \u00abFlash\u00bb Thompson termina convirti\u00e9ndose en el superh\u00e9roe Agente Venom<\/b> y en el tercer anfitri\u00f3n del simbionte Anti-Venom.<\/p>\n<p>El reparto confirmado<\/p>\n<p>Por ahora el regreso de Revolori (que te sonar\u00e1 tambi\u00e9n por &#8216;<a href=\"https:\/\/www.ecartelera.com\/peliculas\/the-grand-budapest-hotel\/\" rel=\"nofollow noopener\" target=\"_blank\">El Gran Hotel Budapest<\/a>&#8216; o por ser Tobe en &#8216;<a href=\"https:\/\/www.ecartelera.com\/series\/servant\/\" rel=\"nofollow noopener\" target=\"_blank\">Servant<\/a>&#8216;) es solo un rumor y los \u00fanicos confirmados oficialmente son Holland, Zendaya, Batalon, <b><a href=\"https:\/\/www.ecartelera.com\/personas\/jon-bernthal\/\" rel=\"nofollow noopener\" target=\"_blank\">Jon Bernthal<\/a> como Frank Castle\/Punisher, <a href=\"https:\/\/www.ecartelera.com\/personas\/sadie-sink\/\" rel=\"nofollow noopener\" target=\"_blank\">Sadie Sink<\/a>, <a href=\"https:\/\/www.ecartelera.com\/personas\/liza-colon-zayas\/\" rel=\"nofollow noopener\" target=\"_blank\">Liza Col\u00f3n-Zayas<\/a>,<\/b> <a href=\"https:\/\/www.ecartelera.com\/personas\/marvin-jones-iii\/\" rel=\"nofollow noopener\" target=\"_blank\">Marvin Jones III<\/a> como Tombstone, <a href=\"https:\/\/www.ecartelera.com\/personas\/michael-mando\/\" rel=\"nofollow noopener\" target=\"_blank\">Michael Mando<\/a> como Mac Gargan\/Scorpion, <a href=\"https:\/\/www.ecartelera.com\/personas\/tramell-tillman\/\" rel=\"nofollow noopener\" target=\"_blank\">Tramell Tillman<\/a> y <a href=\"https:\/\/www.ecartelera.com\/personas\/mark-ruffalo\/\" rel=\"nofollow noopener\" target=\"_blank\">Mark Ruffalo<\/a> como Bruce Banner\/Hulk. Se espera un cameo de la Yelena Belova de <a href=\"https:\/\/www.ecartelera.com\/personas\/florence-pugh\/\" rel=\"nofollow noopener\" target=\"_blank\">Florence Pugh<\/a>. <\/p>\n<p>\t\t\t\t\t\t\t<img decoding=\"async\" loading=\"lazy\" src=\"https:\/\/www.europesays.com\/es\/wp-content\/uploads\/2025\/11\/246942_spider-man-brand-new-day-tambien-contara-con-to.jpg\" alt=\"Tom Holland en el set de 'Spider-Man: Brand New Day' \" width=\"1200\" height=\"704\"\/>\t<\/p>\n<p>\t\t\t\t\t\tTom Holland en el set de &#8216;Spider-Man: Brand New Day&#8217;  (Sony \/ Marvel)<\/p>\n<p>Tras las c\u00e1maras nos encontramos a <a href=\"https:\/\/www.ecartelera.com\/personas\/destin-cretton\/\" rel=\"nofollow noopener\" target=\"_blank\">Destin Daniel Cretton<\/a> (&#8216;<a href=\"https:\/\/www.ecartelera.com\/peliculas\/shang-chi-and-the-leyend-of-the-ten-rings\/\" rel=\"nofollow noopener\" target=\"_blank\">Shang-Chi y la leyenda de los diez anillos<\/a>&#8216;) con guion de <a href=\"https:\/\/www.ecartelera.com\/personas\/chris-mckenna-guionista\/\" rel=\"nofollow noopener\" target=\"_blank\">Chris McKenna<\/a> y <a href=\"https:\/\/www.ecartelera.com\/personas\/erik-sommers\/\" rel=\"nofollow noopener\" target=\"_blank\">Erik Sommers<\/a>. La pel\u00edcula <a href=\"https:\/\/www.ecartelera.com\/noticias\/imagenes-spider-man-brand-new-day-sadie-sink-mark-ruffalo-82149\/\" rel=\"nofollow noopener\" target=\"_blank\">se est\u00e1 rodando<\/a> en Glasgow y diferentes localizaciones de Inglaterra, <b>con <a href=\"https:\/\/www.ecartelera.com\/noticias\/tom-holland-hospitalizado-accidente-spider-man-brand-new-day-81890\/\" rel=\"nofollow noopener\" target=\"_blank\">accidente de Holland<\/a> incluido. <\/b><\/p>\n<p>Sobre su argumento sabemos poco, pero parece que <a href=\"https:\/\/www.ecartelera.com\/noticias\/spider-man-brand-new-day-daredevil-born-again-conectadas-82077\/\" rel=\"nofollow noopener\" target=\"_blank\">estar\u00e1 estrechamente<\/a> conectada con &#8216;<a href=\"https:\/\/www.ecartelera.com\/series\/daredevil-born-again\/\" rel=\"nofollow noopener\" target=\"_blank\">Daredevil: Born Again<\/a>&#8216;. <b>&#8216;Spider-Man: Brand New Day&#8217; se estrenar\u00e1 el 31 de julio de 2026<\/b> tras sufrir un retraso de una semana en el calendario de estrenos.<\/p>\n","protected":false},"excerpt":{"rendered":"El final &#8216;Spider-Man: No Way Home&#8216; conden\u00f3 a Peter Parker al olvido. Nadie en su universo le recuerda&hellip;\n","protected":false},"author":2,"featured_media":217279,"comment_status":"","ping_status":"","sticky":false,"template":"","format":"standard","meta":{"footnotes":""},"categories":[169],"tags":[1014,1015,1013,177,1011,146,147,25,24,782,176,1019,1016,175,753,1012,23,1017,1018],"class_list":{"0":"post-217278","1":"post","2":"type-post","3":"status-publish","4":"format-standard","5":"has-post-thumbnail","7":"category-cine","8":"tag-actores","9":"tag-actrices","10":"tag-cartelera","11":"tag-cine","12":"tag-ecartelera","13":"tag-entertainment","14":"tag-entretenimiento","15":"tag-es","16":"tag-espana","17":"tag-estrellas","18":"tag-film","19":"tag-fotogramas","20":"tag-fotos","21":"tag-movies","22":"tag-peliculas","23":"tag-pelis","24":"tag-spain","25":"tag-trailers","26":"tag-videos"},"share_on_mastodon":{"url":"https:\/\/pubeurope.com\/@es\/115489124233688255","error":""},"_links":{"self":[{"href":"https:\/\/www.europesays.com\/es\/wp-json\/wp\/v2\/posts\/217278","targetHints":{"allow":["GET"]}}],"collection":[{"href":"https:\/\/www.europesays.com\/es\/wp-json\/wp\/v2\/posts"}],"about":[{"href":"https:\/\/www.europesays.com\/es\/wp-json\/wp\/v2\/types\/post"}],"author":[{"embeddable":true,"href":"https:\/\/www.europesays.com\/es\/wp-json\/wp\/v2\/users\/2"}],"replies":[{"embeddable":true,"href":"https:\/\/www.europesays.com\/es\/wp-json\/wp\/v2\/comments?post=217278"}],"version-history":[{"count":0,"href":"https:\/\/www.europesays.com\/es\/wp-json\/wp\/v2\/posts\/217278\/revisions"}],"wp:featuredmedia":[{"embeddable":true,"href":"https:\/\/www.europesays.com\/es\/wp-json\/wp\/v2\/media\/217279"}],"wp:attachment":[{"href":"https:\/\/www.europesays.com\/es\/wp-json\/wp\/v2\/media?parent=217278"}],"wp:term":[{"taxonomy":"category","embeddable":true,"href":"https:\/\/www.europesays.com\/es\/wp-json\/wp\/v2\/categories?post=217278"},{"taxonomy":"post_tag","embeddable":true,"href":"https:\/\/www.europesays.com\/es\/wp-json\/wp\/v2\/tags?post=217278"}],"curies":[{"name":"wp","href":"https:\/\/api.w.org\/{rel}","templated":true}]}}