{"id":217309,"date":"2025-11-04T03:07:14","date_gmt":"2025-11-04T03:07:14","guid":{"rendered":"https:\/\/www.europesays.com\/es\/217309\/"},"modified":"2025-11-04T03:07:14","modified_gmt":"2025-11-04T03:07:14","slug":"la-batalla-legal-entre-justin-baldoni-y-blake-lively-llega-a-su-fin-tras-fallo-definitivo","status":"publish","type":"post","link":"https:\/\/www.europesays.com\/es\/217309\/","title":{"rendered":"La batalla legal entre Justin Baldoni y Blake Lively llega a su fin tras fallo definitivo"},"content":{"rendered":"<p><img alt=\"Justin Baldoni ya no podr\u00e1\" class=\"global-image\" decoding=\"async\" fetchpriority=\"high\" height=\"1080\" loading=\"eager\" src=\"https:\/\/www.europesays.com\/es\/wp-content\/uploads\/2025\/11\/XSUVXCWDG5FVDA6KX6LCL7UKWM.jpg\" width=\"1920\"\/>Justin Baldoni ya no podr\u00e1 reclamar los 400 millones de d\u00f3lares contra Blake Lively y Ryan Reynolds tras la decisi\u00f3n definitiva del juez federal  (AP)<\/p>\n<p class=\"paragraph\">Un juez federal de distrito en Nueva York formaliz\u00f3 la desestimaci\u00f3n definitiva de la contrademanda por <b>400 millones de d\u00f3lares<\/b> presentada por <a href=\"https:\/\/www.infobae.com\/entretenimiento\/2025\/09\/13\/por-que-taylor-swift-quedo-fuera-del-proceso-judicial-entre-justin-baldoni-y-blake-lively\/\" target=\"_blank\" rel=\"noreferrer nofollow noopener\" title=\"https:\/\/www.infobae.com\/entretenimiento\/2025\/09\/13\/por-que-taylor-swift-quedo-fuera-del-proceso-judicial-entre-justin-baldoni-y-blake-lively\/\">Justin Baldoni<\/a><b> <\/b>contra <a href=\"https:\/\/www.infobae.com\/entretenimiento\/2025\/09\/10\/justin-baldoni-enfrenta-acusaciones-de-abuso-verbal-previo-a-su-juicio-con-blake-lively\/\" target=\"_blank\" rel=\"noreferrer nofollow noopener\" title=\"https:\/\/www.infobae.com\/entretenimiento\/2025\/09\/10\/justin-baldoni-enfrenta-acusaciones-de-abuso-verbal-previo-a-su-juicio-con-blake-lively\/\">Blake Lively<\/a><b> <\/b>y<b> Ryan Reynolds<\/b>.<\/p>\n<p class=\"paragraph\">La corte ratific\u00f3 que el actor y sus co-demandantes de Wayfarer Studios no realizaron una nueva presentaci\u00f3n de su caso dentro del plazo establecido.<\/p>\n<p class=\"paragraph\">Por tal motivo,<b> la demanda<\/b>, que acusaba a la actriz, su esposo y su representante de extorsi\u00f3n y difamaci\u00f3n, <b>queda as\u00ed oficialmente cerrada<\/b>, seg\u00fan la orden firmada por el juez Lewis Liman.<\/p>\n<p class=\"paragraph\">La decisi\u00f3n se comunic\u00f3 el pasado viernes, despu\u00e9s de que el magistrado contactara a todas las partes el 17 de octubre para informarles que emitir\u00eda un fallo final concluyendo el proceso si nadie presentaba objeciones formales.<\/p>\n<p class=\"paragraph\">De acuerdo con la prensa estadounidense, la \u00fanica respuesta recibida fue la de Lively, quien solicit\u00f3 que el fallo se declarara oficialmente, permitiendo que su petici\u00f3n de pago de honorarios legales permaneciera activa.<\/p>\n<p><img alt=\"Ryan Reynolds, esposo de Lively,\" class=\"global-image\" decoding=\"async\" fetchpriority=\"low\" height=\"5185\" loading=\"lazy\" src=\"https:\/\/www.europesays.com\/es\/wp-content\/uploads\/2025\/11\/UY5FEX2KFJH4BIIOIDGMEAKSK4.jpg\" width=\"7773\"\/>Ryan Reynolds, esposo de Lively, y su entorno fueron excluidos de la demanda por el tribunal, que no hall\u00f3 pruebas de difamaci\u00f3n o extorsi\u00f3n (REUTERS\/Kylie Cooper)<\/p>\n<p class=\"paragraph\"><b>El juez concedi\u00f3 la solicitud de Blake Lively<\/b>, dejando pendiente solo el tema de los costos judiciales, mientras que los representantes legales de ambos actores evitaron hacer comentarios al respecto ante los medios consultados.<\/p>\n<p class=\"paragraph\">Esta resoluci\u00f3n cierra uno de los cap\u00edtulos de mayor repercusi\u00f3n jur\u00eddica y medi\u00e1tica vinculados a la producci\u00f3n de <b>Romper el c\u00edrculo<\/b>.<\/p>\n<p class=\"paragraph\">El conflicto inicial comenz\u00f3 en diciembre, cuando Lively denunci\u00f3 a Baldoni ante el Departamento de Derechos Civiles de California, alegando conducta inapropiada durante el rodaje y posterior represalia mediante una campa\u00f1a de desprestigio.<\/p>\n<p class=\"paragraph\">Ante la denuncia de su co-estrella, tanto Baldoni como Wayfarer Studios respondieron con una contrademanda por 400 millones de d\u00f3lares, se\u00f1alando presunta extorsi\u00f3n, difamaci\u00f3n, incumplimiento de contrato e invasi\u00f3n a la privacidad contra Lively, su esposo <b>Ryan Reynolds<\/b> y la publicista <b>Leslie Sloane<\/b>.<\/p>\n<p class=\"paragraph\">Adem\u00e1s, el actor y director inici\u00f3 una demanda adicional por <b>250 millones de d\u00f3lares<\/b> contra The New York Times debido a la publicaci\u00f3n que recogi\u00f3 por primera vez las alegaciones de la actriz.<\/p>\n<p><img alt=\"Un tribunal de Nueva York\" class=\"global-image\" decoding=\"async\" fetchpriority=\"low\" height=\"2000\" loading=\"lazy\" src=\"https:\/\/www.europesays.com\/es\/wp-content\/uploads\/2025\/11\/EKHQH34KJ54PB7GHGRCTHD2DLI.jpg\" width=\"3000\"\/>Un tribunal de Nueva York puso fin a la millonaria contrademanda de Baldoni contra el equipo de \u00abRomper el c\u00edrculo\u00bb (Nicole Rivelli\/Sony Pictures v\u00eda AP)<\/p>\n<p class=\"paragraph\">En junio, el juez Liman ya hab\u00eda desestimado la contrademanda entera, tras considerar que las acusaciones vertidas por <b>Blake Lively<\/b> quedaron legalmente protegidas bajo la figura del privilegio de litigio, al haberse formulado dentro de una denuncia formal ante las autoridades competentes.<\/p>\n<p class=\"paragraph\">Seg\u00fan report\u00f3 People, el fallo se\u00f1al\u00f3 que ni Ryan Reynolds, ni la publicista Leslie Sloane, ni el peri\u00f3dico The New York Times cometieron difamaci\u00f3n por difundir la versi\u00f3n de la actriz, ya que no hubo pruebas de que tuvieran motivos para dudar de su credibilidad.<\/p>\n<p class=\"paragraph\">En declaraciones posteriores a la citada revista, los abogados de Lively, Esra Hudson y Mike Gottlieb, destacaron la victoria para la actriz.<\/p>\n<p class=\"paragraph\">\u201cComo lo dijimos desde el primer d\u00eda, esta demanda de \u2018400 millones de d\u00f3lares\u2019 <b>era una farsa <\/b>y la Corte lo vio con claridad\u201d, y calificaron el dictamen como una <b>\u201cvictoria total y reivindicaci\u00f3n completa\u201d<\/b> para su clienta.<\/p>\n<p class=\"paragraph\">En ese mismo sentido, Entertainment Weekly cit\u00f3 a los abogados anticipando la b\u00fasqueda de reparaci\u00f3n pecuniaria adicional ante los responsables de la demanda desestimada.<\/p>\n<p><img alt=\"La actriz celebr\u00f3 la decisi\u00f3n\" class=\"global-image\" decoding=\"async\" fetchpriority=\"low\" height=\"1080\" loading=\"lazy\" src=\"https:\/\/www.europesays.com\/es\/wp-content\/uploads\/2025\/11\/NPY3TIR5SFB5JFIGFUSZVXJXUU.jpg\" width=\"1920\"\/>La actriz celebr\u00f3 la decisi\u00f3n del juez y reiter\u00f3 su compromiso con los derechos de las mujeres en el sector audiovisual (AP\/REUTERS)<\/p>\n<p class=\"paragraph\">Por su parte, Baldoni y su defensa rechazaron la celebraci\u00f3n del equipo de Lively. \u201cLa declaraci\u00f3n de victoria era previsible y es falsa\u201d, respondi\u00f3 el abogado del artista, Bryan Freedman, en un comunicado recogido por People.<\/p>\n<p class=\"paragraph\">\u201cEste caso trata de acusaciones falsas de acoso sexual, represalias y una campa\u00f1a de difamaci\u00f3n inexistente, la cual el propio equipo de Lively reconoce como \u2018inrastreable\u2019 porque no pueden demostrar lo que nunca ocurri\u00f3\u201d, agreg\u00f3 en su declaraci\u00f3n oficial.<\/p>\n<p class=\"paragraph\">Durante este proceso, <b>Blake Lively<\/b> comparti\u00f3 en redes sociales el impacto emocional del litigio: \u201cComo muchas personas, he sentido el dolor de una demanda retaliatoria, incluida<b> la verg\u00fcenza fabricada que intenta quebrarnos<\/b>\u201d, escribi\u00f3 en su cuenta de Instagram en junio de este a\u00f1o.<\/p>\n<p class=\"paragraph\">\u201cAunque la demanda contra m\u00ed fue rechazada, muchas otras personas no tienen los recursos para defenderse\u201d, se\u00f1al\u00f3. Adem\u00e1s, expres\u00f3 su determinaci\u00f3n para seguir defendiendo el derecho de las mujeres a proteger su seguridad, integridad y dignidad.<\/p>\n<p class=\"paragraph\">En su fallo, el juez Liman cit\u00f3 la <b>legislaci\u00f3n de California implementada tras el movimiento #MeToo<\/b>, la cual protege la presentaci\u00f3n de denuncias por acoso en entornos laborales e impide el uso de esas denuncias como base para demandas por difamaci\u00f3n.<\/p>\n<p><img alt=\"El juicio principal impulsado por\" class=\"global-image\" decoding=\"async\" fetchpriority=\"low\" height=\"2000\" loading=\"lazy\" src=\"https:\/\/www.europesays.com\/es\/wp-content\/uploads\/2025\/11\/SLAOOQYOVTNZTN55CYFAEHRH2U.jpg\" width=\"3000\"\/>El juicio principal impulsado por Blake Lively sigue en curso y se espera una resoluci\u00f3n definitiva en marzo de 2026 (Nicole Rivelli\/Sony Pictures via AP)<\/p>\n<p class=\"paragraph\">El magistrado tambi\u00e9n record\u00f3 que <b>Justin Baldoni<\/b> y sus co-demandantes no lograron demostrar que los acusados tuvieran razones s\u00f3lidas para desconfiar de las afirmaciones iniciales de <b>Blake Lively<\/b>.<\/p>\n<p class=\"paragraph\">Por el momento, la acci\u00f3n legal promovida por Lively en instancias civiles contin\u00faa activa, mientras que la ofensiva judicial de Baldoni en respuesta a esas denuncias se considera oficialmente finalizada por decisi\u00f3n judicial.<\/p>\n<p class=\"paragraph\">El enfrentamiento de las partes por los hechos en torno al rodaje de<b> Romper el c\u00edrculo<\/b>, adaptaci\u00f3n de la novela de Colleen Hoover, sigue su curso, con el juicio programado para <b>marzo de 2026<\/b>.<\/p>\n","protected":false},"excerpt":{"rendered":"Justin Baldoni ya no podr\u00e1 reclamar los 400 millones de d\u00f3lares contra Blake Lively y Ryan Reynolds tras&hellip;\n","protected":false},"author":2,"featured_media":217310,"comment_status":"","ping_status":"","sticky":false,"template":"","format":"standard","meta":{"footnotes":""},"categories":[91],"tags":[146,147,25,24,3120,3119,23],"class_list":{"0":"post-217309","1":"post","2":"type-post","3":"status-publish","4":"format-standard","5":"has-post-thumbnail","7":"category-entretenimiento","8":"tag-entertainment","9":"tag-entretenimiento","10":"tag-es","11":"tag-espana","12":"tag-new-york","13":"tag-north-america","14":"tag-spain"},"share_on_mastodon":{"url":"https:\/\/pubeurope.com\/@es\/115489226808949452","error":""},"_links":{"self":[{"href":"https:\/\/www.europesays.com\/es\/wp-json\/wp\/v2\/posts\/217309","targetHints":{"allow":["GET"]}}],"collection":[{"href":"https:\/\/www.europesays.com\/es\/wp-json\/wp\/v2\/posts"}],"about":[{"href":"https:\/\/www.europesays.com\/es\/wp-json\/wp\/v2\/types\/post"}],"author":[{"embeddable":true,"href":"https:\/\/www.europesays.com\/es\/wp-json\/wp\/v2\/users\/2"}],"replies":[{"embeddable":true,"href":"https:\/\/www.europesays.com\/es\/wp-json\/wp\/v2\/comments?post=217309"}],"version-history":[{"count":0,"href":"https:\/\/www.europesays.com\/es\/wp-json\/wp\/v2\/posts\/217309\/revisions"}],"wp:featuredmedia":[{"embeddable":true,"href":"https:\/\/www.europesays.com\/es\/wp-json\/wp\/v2\/media\/217310"}],"wp:attachment":[{"href":"https:\/\/www.europesays.com\/es\/wp-json\/wp\/v2\/media?parent=217309"}],"wp:term":[{"taxonomy":"category","embeddable":true,"href":"https:\/\/www.europesays.com\/es\/wp-json\/wp\/v2\/categories?post=217309"},{"taxonomy":"post_tag","embeddable":true,"href":"https:\/\/www.europesays.com\/es\/wp-json\/wp\/v2\/tags?post=217309"}],"curies":[{"name":"wp","href":"https:\/\/api.w.org\/{rel}","templated":true}]}}