{"id":217311,"date":"2025-11-04T03:08:10","date_gmt":"2025-11-04T03:08:10","guid":{"rendered":"https:\/\/www.europesays.com\/es\/217311\/"},"modified":"2025-11-04T03:08:10","modified_gmt":"2025-11-04T03:08:10","slug":"arc-raiders-define-su-hoja-de-ruta-para-lo-que-resta-de-ano","status":"publish","type":"post","link":"https:\/\/www.europesays.com\/es\/217311\/","title":{"rendered":"Arc Raiders define su hoja de ruta para lo que resta de a\u00f1o"},"content":{"rendered":"<p>&#13;<br \/>\nEmbark Studios ha anunciado la hoja de ruta de Arc Raiders para lo que resta de 2025.&#13;\n<\/p>\n<p>&#13;<br \/>\nEn noviembre llegar\u00e1 la actualizaci\u00f3n North Line, la cual a\u00f1adir\u00e1 un nuevo mapa llamado Stella Montis, dos nuevos enemigos Arc, un evento de comunidad desbloqueable y nuevas quests y objetos.&#13;\n<\/p>\n<p>&#13;<br \/>\nEn diciembre ser\u00e1 el turno de Cold Snap, una actualizaci\u00f3n que incluir\u00e1 la condici\u00f3n de nieve para los mapas, el evento Flickering Flames, m\u00e1s quests, un nuevo raider deck para progresar y la primera departure window (un reseteo opcional de personaje).&#13;\n<\/p>\n<p>&#13;<br \/>\nEl plan del estudio parece ser similar al que Embark aplic\u00f3 a su otro juego, The Finals, con al menos un evento o cambio sustancial cada pocas semanas con el objetivo de mantener el inter\u00e9s de la comunidad de usuarios.&#13;\n<\/p>\n<p>&#13;<br \/>\nArc Raiders, disponible en PlayStation 5, Xbox Series X\/S y PC, se public\u00f3 el pasado 30 de octubre y se ha convertido en un gran \u00e9xito dentro del g\u00e9nero de los shooters de extracci\u00f3n, especialmente en PC.&#13;<\/p>\n","protected":false},"excerpt":{"rendered":"&#13; Embark Studios ha anunciado la hoja de ruta de Arc Raiders para lo que resta de 2025.&#13;&hellip;\n","protected":false},"author":2,"featured_media":217312,"comment_status":"","ping_status":"","sticky":false,"template":"","format":"standard","meta":{"footnotes":""},"categories":[81],"tags":[119,123,124,25,24,117,121,122,23,118,120],"class_list":{"0":"post-217311","1":"post","2":"type-post","3":"status-publish","4":"format-standard","5":"has-post-thumbnail","7":"category-ciencia-y-tecnologia","8":"tag-ciencia","9":"tag-ciencia-y-tecnologia","10":"tag-cienciaytecnologia","11":"tag-es","12":"tag-espana","13":"tag-science","14":"tag-science-and-technology","15":"tag-scienceandtechnology","16":"tag-spain","17":"tag-technology","18":"tag-tecnologia"},"share_on_mastodon":{"url":"https:\/\/pubeurope.com\/@es\/115489230452195543","error":""},"_links":{"self":[{"href":"https:\/\/www.europesays.com\/es\/wp-json\/wp\/v2\/posts\/217311","targetHints":{"allow":["GET"]}}],"collection":[{"href":"https:\/\/www.europesays.com\/es\/wp-json\/wp\/v2\/posts"}],"about":[{"href":"https:\/\/www.europesays.com\/es\/wp-json\/wp\/v2\/types\/post"}],"author":[{"embeddable":true,"href":"https:\/\/www.europesays.com\/es\/wp-json\/wp\/v2\/users\/2"}],"replies":[{"embeddable":true,"href":"https:\/\/www.europesays.com\/es\/wp-json\/wp\/v2\/comments?post=217311"}],"version-history":[{"count":0,"href":"https:\/\/www.europesays.com\/es\/wp-json\/wp\/v2\/posts\/217311\/revisions"}],"wp:featuredmedia":[{"embeddable":true,"href":"https:\/\/www.europesays.com\/es\/wp-json\/wp\/v2\/media\/217312"}],"wp:attachment":[{"href":"https:\/\/www.europesays.com\/es\/wp-json\/wp\/v2\/media?parent=217311"}],"wp:term":[{"taxonomy":"category","embeddable":true,"href":"https:\/\/www.europesays.com\/es\/wp-json\/wp\/v2\/categories?post=217311"},{"taxonomy":"post_tag","embeddable":true,"href":"https:\/\/www.europesays.com\/es\/wp-json\/wp\/v2\/tags?post=217311"}],"curies":[{"name":"wp","href":"https:\/\/api.w.org\/{rel}","templated":true}]}}