{"id":217364,"date":"2025-11-04T04:09:22","date_gmt":"2025-11-04T04:09:22","guid":{"rendered":"https:\/\/www.europesays.com\/es\/217364\/"},"modified":"2025-11-04T04:09:22","modified_gmt":"2025-11-04T04:09:22","slug":"casa-cm-atelierm-nicolas-krause","status":"publish","type":"post","link":"https:\/\/www.europesays.com\/es\/217364\/","title":{"rendered":"Casa CM \/ AtelierM + Nicolas Krause"},"content":{"rendered":"<p><a class=\"js-image-size__link \" href=\"https:\/\/www.archdaily.cl\/cl\/1035636\/casa-cm-atelierm-plus-nicolas-krause\/6907d20d10727b018ab68423-casa-cm-atelierm-plus-nicolas-krause-foto\" rel=\"attachment nofollow noopener\" style=\"width: 100%; height: 100%;\" target=\"_blank\"><img decoding=\"async\" alt=\"Casa CM \/ AtelierM + Nicolas Krause - Fotograf\u00eda exterior, Ladrillo\" data-nr-picture-id=\"6907d20d10727b018ab68423\" fetchpriority=\"high\" height=\"492\" itemprop=\"image\" loading=\"eager\" longdesc=\"https:\/\/www.archdaily.cl\/cl\/1035636\/casa-cm-atelierm-plus-nicolas-krause\/6907d20d10727b018ab68423-casa-cm-atelierm-plus-nicolas-krause-foto\" src=\"https:\/\/www.europesays.com\/es\/wp-content\/uploads\/2025\/11\/casa-cm-atelierm-plus-nicolas-krause_16.jpg\" style=\"min-height: var(--featured-height, auto); aspect-ratio: auto 640 \/ 492\" width=\"640\"\/><\/a>\u00a9 AtelierM<\/p>\n<p class=\"thumbs afd-desktop-e clearfix\"><a class=\"thumbs__link\" data-nr-picture-id=\"6905456d10727b018ab6825c\" href=\"https:\/\/www.archdaily.cl\/cl\/1035636\/casa-cm-atelierm-plus-nicolas-krause\/6905456d10727b018ab6825c-casa-cm-atelierm-plus-nicolas-krause-foto\" rel=\"attachment nofollow noopener\" target=\"_blank\"><img loading=\"lazy\" decoding=\"async\" alt=\"Casa CM \/ AtelierM + Nicolas Krause - Fotograf\u00eda interior, Ladrillo\" class=\"thumbs__img b-lazy\" data-nr-picture-id=\"6905456d10727b018ab6825c\" data-pin-nopin=\"true\" src=\"https:\/\/www.europesays.com\/es\/wp-content\/uploads\/2025\/11\/casa-cm-atelierm-plus-nicolas-krause_13.jpg\" height=\"125\" longdesc=\"https:\/\/www.archdaily.cl\/cl\/1035636\/casa-cm-atelierm-plus-nicolas-krause\/6905456d10727b018ab6825c-casa-cm-atelierm-plus-nicolas-krause-foto\" title=\"\u00a9 AtelierM\" width=\"125\"\/><\/a><a class=\"thumbs__link\" data-nr-picture-id=\"6905454810727b018ab6825b\" href=\"https:\/\/www.archdaily.cl\/cl\/1035636\/casa-cm-atelierm-plus-nicolas-krause\/6905454810727b018ab6825b-casa-cm-atelierm-plus-nicolas-krause-foto\" rel=\"attachment nofollow noopener\" target=\"_blank\"><img loading=\"lazy\" decoding=\"async\" alt=\"Casa CM \/ AtelierM + Nicolas Krause - Imagen 3 de 29\" class=\"thumbs__img b-lazy\" data-nr-picture-id=\"6905454810727b018ab6825b\" data-pin-nopin=\"true\" src=\"https:\/\/www.europesays.com\/es\/wp-content\/uploads\/2025\/11\/casa-cm-atelierm-plus-nicolas-krause_12.jpg\" height=\"125\" longdesc=\"https:\/\/www.archdaily.cl\/cl\/1035636\/casa-cm-atelierm-plus-nicolas-krause\/6905454810727b018ab6825b-casa-cm-atelierm-plus-nicolas-krause-foto\" title=\"\u00a9 AtelierM\" width=\"125\"\/><\/a><a class=\"thumbs__link\" data-nr-picture-id=\"6905453cb04b1c01891e8447\" href=\"https:\/\/www.archdaily.cl\/cl\/1035636\/casa-cm-atelierm-plus-nicolas-krause\/6905453cb04b1c01891e8447-casa-cm-atelierm-plus-nicolas-krause-foto\" rel=\"attachment nofollow noopener\" target=\"_blank\"><img loading=\"lazy\" decoding=\"async\" alt=\"Casa CM \/ AtelierM + Nicolas Krause - Imagen 4 de 29\" class=\"thumbs__img b-lazy\" data-nr-picture-id=\"6905453cb04b1c01891e8447\" data-pin-nopin=\"true\" src=\"https:\/\/www.europesays.com\/es\/wp-content\/uploads\/2025\/11\/casa-cm-atelierm-plus-nicolas-krause_15.jpg\" height=\"125\" longdesc=\"https:\/\/www.archdaily.cl\/cl\/1035636\/casa-cm-atelierm-plus-nicolas-krause\/6905453cb04b1c01891e8447-casa-cm-atelierm-plus-nicolas-krause-foto\" title=\"\u00a9 AtelierM\" width=\"125\"\/><\/a><a class=\"thumbs__link\" data-nr-picture-id=\"6905455cb04b1c01891e844d\" href=\"https:\/\/www.archdaily.cl\/cl\/1035636\/casa-cm-atelierm-plus-nicolas-krause\/6905455cb04b1c01891e844d-casa-cm-atelierm-plus-nicolas-krause-foto\" rel=\"attachment nofollow noopener\" target=\"_blank\"><img loading=\"lazy\" decoding=\"async\" alt=\"Casa CM \/ AtelierM + Nicolas Krause - Fotograf\u00eda exterior, Ladrillo\" class=\"thumbs__img b-lazy\" data-nr-picture-id=\"6905455cb04b1c01891e844d\" data-pin-nopin=\"true\" src=\"https:\/\/www.europesays.com\/es\/wp-content\/uploads\/2025\/11\/casa-cm-atelierm-plus-nicolas-krause_10.jpg\" height=\"125\" longdesc=\"https:\/\/www.archdaily.cl\/cl\/1035636\/casa-cm-atelierm-plus-nicolas-krause\/6905455cb04b1c01891e844d-casa-cm-atelierm-plus-nicolas-krause-foto\" title=\"\u00a9 AtelierM\" width=\"125\"\/><\/a><a class=\"gallery-link afd-desktop-e\" href=\"https:\/\/www.archdaily.cl\/cl\/1035636\/casa-cm-atelierm-plus-nicolas-krause\/6907d20d10727b018ab68423-casa-cm-atelierm-plus-nicolas-krause-foto\" rel=\"nofollow noopener\" target=\"_blank\"><img decoding=\"async\" alt=\"Casa CM \/ AtelierM + Nicolas Krause - M\u00e1s Im\u00e1genes\" class=\"thumbs__img b-lazy\" src=\"https:\/\/www.europesays.com\/es\/wp-content\/uploads\/2025\/11\/casa-cm-atelierm-plus-nicolas-krause_16.jpg\" itemprop=\"image\" bad-src=\"data:image\/gif;base64,R0lGODlhAQABAIAAAAUEBAAAACwAAAAAAQABAAACAkQBADs=\"\/>+ 24<\/a><\/p>\n<p>    Compartir<\/p>\n<p>Compartir<\/p>\n<ul class=\"afd-share__networks clearfix\">\n<li class=\"afd-share__social\"><a aria-label=\"Facebook\" class=\"afd-share__button\" data-insights-category=\"share\" data-insights-label=\"facebook_sharing_options\" data-insights-value=\"1035636\" data-social=\"facebook\" href=\"https:\/\/www.facebook.com\/sharer\/sharer.php?u=https:\/\/www.archdaily.cl\/cl\/1035636\/casa-cm-atelierm-plus-nicolas-krause\" rel=\"nofollow noopener\" target=\"_blank\"><\/a>\n<p>Facebook<\/p>\n<\/li>\n<li class=\"afd-share__social\"><a aria-label=\"Twitter\" class=\"afd-share__button\" data-insights-category=\"share\" data-insights-label=\"twitter_sharing_options\" data-insights-value=\"1035636\" data-social=\"twitter\" href=\"https:\/\/twitter.com\/intent\/tweet?text=Casa%20CM%20%2F%20AtelierM%20%2B%20Nicolas%20Krause&amp;url=https:\/\/www.archdaily.cl\/cl\/1035636\/casa-cm-atelierm-plus-nicolas-krause&amp;via=parq\" rel=\"nofollow noopener\" target=\"_blank\"><\/a>\n<p>Twitter<\/p>\n<\/li>\n<li class=\"afd-share__social\"><a class=\"afd-share__button\" data-insights-category=\"share\" data-insights-label=\"email_sharing_options\" data-insights-value=\"1035636\" data-social=\"email\" href=\"mailto:?subject=Casa CM \/ AtelierM + Nicolas Krause&amp;body=https:\/\/www.archdaily.cl\/cl\/1035636\/casa-cm-atelierm-plus-nicolas-krause\"><\/a>\n<p>Mail<\/p>\n<\/li>\n<li class=\"afd-share__social\"><a aria-label=\"Pinterest\" class=\"afd-share__button\" data-insights-category=\"share\" data-insights-label=\"pinterest_sharing_options\" data-insights-value=\"1035636\" data-social=\"pinterest\" href=\"https:\/\/pinterest.com\/pin\/create\/button\/?url=https%3A%2F%2Fwww.archdaily.cl%2Fcl%2F1035636%2Fcasa-cm-atelierm-plus-nicolas-krause&amp;media=https%3A%2F%2Fimages.adsttc.com%2Fmedia%2Fimages%2F6907%2Fd20d%2F1072%2F7b01%2F8ab6%2F8423%2Flarge_jpg%2Fcasa-cm-atelierm-plus-nicolas-krause_16.jpg%3F1762120231&amp;description=Casa%20CM%20%2F%20AtelierM%20%2B%20Nicolas%20Krause\" rel=\"nofollow noopener\" target=\"_blank\"><\/a>\n<p>Pinterest<\/p>\n<\/li>\n<li class=\"afd-share__social\"><a aria-label=\"Whatsapp\" class=\"afd-share__button\" data-action=\"share\/whatsapp\/share\" data-insights-category=\"share\" data-insights-label=\"whatsapp_sharing_options\" data-insights-value=\"1035636\" data-social=\"whatsapp\" href=\"whatsapp:\/\/send?text=Casa+CM+%2F+AtelierM+%2B+Nicolas+Krause+%7C+https%3A%2F%2Fwww.archdaily.cl%2Fcl%2F1035636%2Fcasa-cm-atelierm-plus-nicolas-krause%3Futm_source%3DWhatsapp%26utm_medium%3DIM%26utm_campaign%3Dshare-button\" rel=\"nofollow\"><\/a>\n<p>Whatsapp<\/p>\n<\/li>\n<\/ul>\n<p>O<\/p>\n<p>https:\/\/www.archdaily.cl\/cl\/1035636\/casa-cm-atelierm-plus-nicolas-krause<\/p>\n<p>  Portapapeles<\/p>\n<p>              \u00abCOPY\u00bb<\/p>\n<p>Copiar<br \/>\n<a class=\"js-image-size__link lazy-anchor\" href=\"https:\/\/www.archdaily.cl\/cl\/1035636\/casa-cm-atelierm-plus-nicolas-krause\/69054501b04b1c01891e8441-casa-cm-atelierm-plus-nicolas-krause-foto\" rel=\"nofollow noopener\" target=\"_blank\"><img decoding=\"async\" alt=\"Casa CM \/ AtelierM + Nicolas Krause - Fotograf\u00eda exterior, Ladrillo\" data-nr-picture-id=\"69054501b04b1c01891e8441\" height=\"427\" itemprop=\"image\" loading=\"lazy\" longdesc=\"https:\/\/www.archdaily.cl\/cl\/1035636\/casa-cm-atelierm-plus-nicolas-krause\/69054501b04b1c01891e8441-casa-cm-atelierm-plus-nicolas-krause-foto\" src=\"https:\/\/www.europesays.com\/es\/wp-content\/uploads\/2025\/11\/casa-cm-atelierm-plus-nicolas-krause_5.jpg\" width=\"640\"\/>\u00a9 AtelierM<\/a><\/p>\n<p>Descripci\u00f3n enviada por el equipo del proyecto. La Casa CM se ubica en un barrio cerrado de Escobar, Buenos Aires, sobre uno de los \u00faltimos lotes disponibles dentro de un entorno de normativa estricta y profundamente tradicional. Entre sus condicionantes, la norma exig\u00eda que la totalidad de los techos fueran inclinados, un requisito que en principio remit\u00eda a una imagen convencional y repetida.<\/p>\n<p><a class=\"js-image-size__link lazy-anchor\" href=\"https:\/\/www.archdaily.cl\/cl\/1035636\/casa-cm-atelierm-plus-nicolas-krause\/6905456d10727b018ab6825c-casa-cm-atelierm-plus-nicolas-krause-foto\" rel=\"nofollow noopener\" target=\"_blank\"><img decoding=\"async\" alt=\"Casa CM \/ AtelierM + Nicolas Krause - Fotograf\u00eda interior, Ladrillo\" data-nr-picture-id=\"6905456d10727b018ab6825c\" height=\"427\" itemprop=\"image\" loading=\"lazy\" longdesc=\"https:\/\/www.archdaily.cl\/cl\/1035636\/casa-cm-atelierm-plus-nicolas-krause\/6905456d10727b018ab6825c-casa-cm-atelierm-plus-nicolas-krause-foto\" src=\"https:\/\/www.europesays.com\/es\/wp-content\/uploads\/2025\/11\/1762229358_902_casa-cm-atelierm-plus-nicolas-krause_13.jpg\" width=\"640\"\/>\u00a9 AtelierM<\/a><\/p>\n<p data-start=\"353\" data-end=\"572\">Sin embargo, este l\u00edmite se transform\u00f3 en la oportunidad para explorar <strong>c\u00f3mo hacer arquitectura desde la tradici\u00f3n pero con un gui\u00f1o a la contemporaneidad<\/strong>, reinterpretando las reglas y proyectando un habitar diferente.<\/p>\n<p><a class=\"js-image-size__link lazy-anchor\" href=\"https:\/\/www.archdaily.cl\/cl\/1035636\/casa-cm-atelierm-plus-nicolas-krause\/69054506b04b1c01891e8442-casa-cm-atelierm-plus-nicolas-krause-foto\" rel=\"nofollow noopener\" target=\"_blank\"><img decoding=\"async\" alt=\"Casa CM \/ AtelierM + Nicolas Krause - Fotograf\u00eda interior, Madera, Fijaci\u00f3n Vigas\" data-nr-picture-id=\"69054506b04b1c01891e8442\" height=\"427\" itemprop=\"image\" loading=\"lazy\" longdesc=\"https:\/\/www.archdaily.cl\/cl\/1035636\/casa-cm-atelierm-plus-nicolas-krause\/69054506b04b1c01891e8442-casa-cm-atelierm-plus-nicolas-krause-foto\" src=\"https:\/\/www.europesays.com\/es\/wp-content\/uploads\/2025\/11\/casa-cm-atelierm-plus-nicolas-krause_11.jpg\" width=\"640\"\/>\u00a9 AtelierM<\/a><\/p>\n<p data-start=\"574\" data-end=\"896\">La propuesta se materializa en <strong>tres vol\u00famenes de ladrill<\/strong>o, cada uno concebido como un bloque monomaterial en el que la envolvente, el techo y los muros se funden en una misma l\u00f3gica. Estos tres cuerpos se organizan agrupando el programa y, al disponerse de manera precisa en el lote, construyen la relaci\u00f3n con el sitio.<\/p>\n<p><a class=\"js-image-size__link lazy-anchor\" href=\"https:\/\/www.archdaily.cl\/cl\/1035636\/casa-cm-atelierm-plus-nicolas-krause\/6905453cb04b1c01891e8447-casa-cm-atelierm-plus-nicolas-krause-foto\" rel=\"nofollow noopener\" target=\"_blank\"><img decoding=\"async\" alt=\"Casa CM \/ AtelierM + Nicolas Krause - Imagen 4 de 29\" data-nr-picture-id=\"6905453cb04b1c01891e8447\" height=\"427\" itemprop=\"image\" loading=\"lazy\" longdesc=\"https:\/\/www.archdaily.cl\/cl\/1035636\/casa-cm-atelierm-plus-nicolas-krause\/6905453cb04b1c01891e8447-casa-cm-atelierm-plus-nicolas-krause-foto\" src=\"https:\/\/www.europesays.com\/es\/wp-content\/uploads\/2025\/11\/1762229359_441_casa-cm-atelierm-plus-nicolas-krause_15.jpg\" width=\"640\"\/>\u00a9 AtelierM<\/a><\/p>\n<p data-start=\"898\" data-end=\"1109\">La imagen inicial es casi arquet\u00edpica: tres casas con techos inclinados, simples y esenciales, como si hubieran sido dibujadas por un ni\u00f1o. Esa simpleza buscada constituye un manifiesto de claridad y s\u00edntesis.<\/p>\n<p><a class=\"js-image-size__link lazy-anchor\" href=\"https:\/\/www.archdaily.cl\/cl\/1035636\/casa-cm-atelierm-plus-nicolas-krause\/6905453eb04b1c01891e8448-casa-cm-atelierm-plus-nicolas-krause-foto\" rel=\"nofollow noopener\" target=\"_blank\"><img decoding=\"async\" alt=\"Casa CM \/ AtelierM + Nicolas Krause - Fotograf\u00eda exterior, Ladrillo\" data-nr-picture-id=\"6905453eb04b1c01891e8448\" height=\"427\" itemprop=\"image\" loading=\"lazy\" longdesc=\"https:\/\/www.archdaily.cl\/cl\/1035636\/casa-cm-atelierm-plus-nicolas-krause\/6905453eb04b1c01891e8448-casa-cm-atelierm-plus-nicolas-krause-foto\" src=\"https:\/\/www.europesays.com\/es\/wp-content\/uploads\/2025\/11\/1762229359_856_casa-cm-atelierm-plus-nicolas-krause_16.jpg\" width=\"640\"\/>\u00a9 AtelierM<\/a><\/p>\n<p data-start=\"1111\" data-end=\"1470\">No obstante, la b\u00fasqueda contempor\u00e1nea aparece en el modo de vincular estos vol\u00famenes. Para romper con la inercia de lo establecido, uno de los bloques se cruza en posici\u00f3n transversal, apoy\u00e1ndose sobre los otros dos. El gesto no es caprichoso ni gratuito: su objetivo es generar una espacialidad m\u00e1s amplia, abierta y sin l\u00edmites entre interior y exterior.<\/p>\n<p><a class=\"js-image-size__link lazy-anchor\" href=\"https:\/\/www.archdaily.cl\/cl\/1035636\/casa-cm-atelierm-plus-nicolas-krause\/690545b910727b018ab68262-casa-cm-atelierm-plus-nicolas-krause-planta-baja\" rel=\"nofollow noopener\" target=\"_blank\"><img decoding=\"async\" alt=\"Casa CM \/ AtelierM + Nicolas Krause - Imagen 18 de 29\" data-nr-picture-id=\"690545b910727b018ab68262\" height=\"427\" itemprop=\"image\" loading=\"lazy\" longdesc=\"https:\/\/www.archdaily.cl\/cl\/1035636\/casa-cm-atelierm-plus-nicolas-krause\/690545b910727b018ab68262-casa-cm-atelierm-plus-nicolas-krause-planta-baja\" src=\"https:\/\/www.europesays.com\/es\/wp-content\/uploads\/2025\/11\/cm-01-pb-19.jpg\" width=\"640\"\/>Planta Baja<\/a><a class=\"js-image-size__link lazy-anchor\" href=\"https:\/\/www.archdaily.cl\/cl\/1035636\/casa-cm-atelierm-plus-nicolas-krause\/6905458110727b018ab6825d-casa-cm-atelierm-plus-nicolas-krause-planta-alta\" rel=\"nofollow noopener\" target=\"_blank\"><img decoding=\"async\" alt=\"Casa CM \/ AtelierM + Nicolas Krause - Imagen 19 de 29\" data-nr-picture-id=\"6905458110727b018ab6825d\" height=\"427\" itemprop=\"image\" loading=\"lazy\" longdesc=\"https:\/\/www.archdaily.cl\/cl\/1035636\/casa-cm-atelierm-plus-nicolas-krause\/6905458110727b018ab6825d-casa-cm-atelierm-plus-nicolas-krause-planta-alta\" src=\"https:\/\/www.europesays.com\/es\/wp-content\/uploads\/2025\/11\/cm-02-pa-1.jpg\" width=\"640\"\/>Planta Alta<\/a><\/p>\n<p data-start=\"1472\" data-end=\"1883\">Al elevar un volumen, se libera un espacio p\u00fablico en planta baja que se conecta directamente con el paisaje. El bosque del contrafrente se convierte en el verdadero protagonista, enmarcado por la arquitectura y al mismo tiempo protegido de las miradas vecinas. El resultado es un \u00e1mbito que parece flotar, donde lo pesado del ladrillo pierde su gravedad y se transforma en una estructura liviana y permeable.<\/p>\n<p><a class=\"js-image-size__link lazy-anchor\" href=\"https:\/\/www.archdaily.cl\/cl\/1035636\/casa-cm-atelierm-plus-nicolas-krause\/69054548b04b1c01891e844a-casa-cm-atelierm-plus-nicolas-krause-foto\" rel=\"nofollow noopener\" target=\"_blank\"><img decoding=\"async\" alt=\"Casa CM \/ AtelierM + Nicolas Krause - Fotograf\u00eda exterior, Ladrillo\" data-nr-picture-id=\"69054548b04b1c01891e844a\" height=\"427\" itemprop=\"image\" loading=\"lazy\" longdesc=\"https:\/\/www.archdaily.cl\/cl\/1035636\/casa-cm-atelierm-plus-nicolas-krause\/69054548b04b1c01891e844a-casa-cm-atelierm-plus-nicolas-krause-foto\" src=\"https:\/\/www.europesays.com\/es\/wp-content\/uploads\/2025\/11\/casa-cm-atelierm-plus-nicolas-krause_17.jpg\" width=\"640\"\/>\u00a9 AtelierM<\/a><\/p>\n<p data-start=\"1885\" data-end=\"2235\">El proyecto se reconoce as\u00ed en dos escalas de simpleza. A escala macro, la imagen de tres vol\u00famenes puros que cumplen con la normativa y dialogan con la tradici\u00f3n, pero reinterpretados de una manera singular. A escala micro, <strong>la decisi\u00f3n de resolver toda la envolvente con un solo material potencia la coherencia y refuerza la idea de atemporalidad.<\/strong><\/p>\n<p><a class=\"js-image-size__link lazy-anchor\" href=\"https:\/\/www.archdaily.cl\/cl\/1035636\/casa-cm-atelierm-plus-nicolas-krause\/6905455cb04b1c01891e844d-casa-cm-atelierm-plus-nicolas-krause-foto\" rel=\"nofollow noopener\" target=\"_blank\"><img decoding=\"async\" alt=\"Casa CM \/ AtelierM + Nicolas Krause - Fotograf\u00eda exterior, Ladrillo\" data-nr-picture-id=\"6905455cb04b1c01891e844d\" height=\"427\" itemprop=\"image\" loading=\"lazy\" longdesc=\"https:\/\/www.archdaily.cl\/cl\/1035636\/casa-cm-atelierm-plus-nicolas-krause\/6905455cb04b1c01891e844d-casa-cm-atelierm-plus-nicolas-krause-foto\" src=\"https:\/\/www.europesays.com\/es\/wp-content\/uploads\/2025\/11\/1762229360_83_casa-cm-atelierm-plus-nicolas-krause_10.jpg\" width=\"640\"\/>\u00a9 AtelierM<\/a><\/p>\n<p data-start=\"2237\" data-end=\"2446\">El ladrillo, con su textura, color y durabilidad, se convierte en hilo conductor de la obra, capaz de atravesar generaciones con m\u00ednimo mantenimiento, inscribi\u00e9ndose en una l\u00f3gica de sostenibilidad material.<\/p>\n<p><a class=\"js-image-size__link lazy-anchor\" href=\"https:\/\/www.archdaily.cl\/cl\/1035636\/casa-cm-atelierm-plus-nicolas-krause\/69054541b04b1c01891e8449-casa-cm-atelierm-plus-nicolas-krause-foto\" rel=\"nofollow noopener\" target=\"_blank\"><img decoding=\"async\" alt=\"Casa CM \/ AtelierM + Nicolas Krause - Fotograf\u00eda exterior, Ladrillo\" data-nr-picture-id=\"69054541b04b1c01891e8449\" height=\"427\" itemprop=\"image\" loading=\"lazy\" longdesc=\"https:\/\/www.archdaily.cl\/cl\/1035636\/casa-cm-atelierm-plus-nicolas-krause\/69054541b04b1c01891e8449-casa-cm-atelierm-plus-nicolas-krause-foto\" src=\"https:\/\/www.europesays.com\/es\/wp-content\/uploads\/2025\/11\/casa-cm-atelierm-plus-nicolas-krause_7.jpg\" width=\"640\"\/>\u00a9 AtelierM<\/a><\/p>\n<p data-start=\"2448\" data-end=\"2710\">La sustentabilidad del proyecto tambi\u00e9n se aborda desde la estrategia ambiental. Las ventilaciones cruzadas naturales garantizan un buen comportamiento pasivo de la vivienda, favoreciendo la circulaci\u00f3n del aire sin necesidad de depender de sistemas mec\u00e1nicos.<\/p>\n<p><a class=\"js-image-size__link lazy-anchor\" href=\"https:\/\/www.archdaily.cl\/cl\/1035636\/casa-cm-atelierm-plus-nicolas-krause\/69054519b04b1c01891e8445-casa-cm-atelierm-plus-nicolas-krause-foto\" rel=\"nofollow noopener\" target=\"_blank\"><img decoding=\"async\" alt=\"Casa CM \/ AtelierM + Nicolas Krause - Fotograf\u00eda exterior, Ladrillo\" data-nr-picture-id=\"69054519b04b1c01891e8445\" height=\"427\" itemprop=\"image\" loading=\"lazy\" longdesc=\"https:\/\/www.archdaily.cl\/cl\/1035636\/casa-cm-atelierm-plus-nicolas-krause\/69054519b04b1c01891e8445-casa-cm-atelierm-plus-nicolas-krause-foto\" src=\"https:\/\/www.europesays.com\/es\/wp-content\/uploads\/2025\/11\/casa-cm-atelierm-plus-nicolas-krause_8.jpg\" width=\"640\"\/>\u00a9 AtelierM<\/a><\/p>\n<p data-start=\"2712\" data-end=\"3024\">La iluminaci\u00f3n natural se trabaja cuidadosamente, evitando deslumbramientos y ganancias t\u00e9rmicas excesivas gracias a la incorporaci\u00f3n de parasoles, filtros y aleros que regulan la incidencia solar. De este modo, se promueve un confort t\u00e9rmico y lum\u00ednico eficiente, a la vez que se reduce el consumo energ\u00e9tico.<\/p>\n<p><a class=\"js-image-size__link lazy-anchor\" href=\"https:\/\/www.archdaily.cl\/cl\/1035636\/casa-cm-atelierm-plus-nicolas-krause\/690545adb04b1c4e953dd3a4-casa-cm-atelierm-plus-nicolas-krause-fachada\" rel=\"nofollow noopener\" target=\"_blank\"><img decoding=\"async\" alt=\"Casa CM \/ AtelierM + Nicolas Krause - Imagen 23 de 29\" data-nr-picture-id=\"690545adb04b1c4e953dd3a4\" height=\"427\" itemprop=\"image\" loading=\"lazy\" longdesc=\"https:\/\/www.archdaily.cl\/cl\/1035636\/casa-cm-atelierm-plus-nicolas-krause\/690545adb04b1c4e953dd3a4-casa-cm-atelierm-plus-nicolas-krause-fachada\" src=\"https:\/\/www.europesays.com\/es\/wp-content\/uploads\/2025\/11\/cm-03-frente-21.jpg\" width=\"640\"\/>Fachada<\/a><a class=\"js-image-size__link lazy-anchor\" href=\"https:\/\/www.archdaily.cl\/cl\/1035636\/casa-cm-atelierm-plus-nicolas-krause\/690545aeb04b1c01891e8451-casa-cm-atelierm-plus-nicolas-krause-axonometria\" rel=\"nofollow noopener\" target=\"_blank\"><img decoding=\"async\" alt=\"Casa CM \/ AtelierM + Nicolas Krause - Imagen 24 de 29\" data-nr-picture-id=\"690545aeb04b1c01891e8451\" height=\"427\" itemprop=\"image\" loading=\"lazy\" longdesc=\"https:\/\/www.archdaily.cl\/cl\/1035636\/casa-cm-atelierm-plus-nicolas-krause\/690545aeb04b1c01891e8451-casa-cm-atelierm-plus-nicolas-krause-axonometria\" src=\"https:\/\/www.europesays.com\/es\/wp-content\/uploads\/2025\/11\/cm-06-axo-24.jpg\" width=\"640\"\/>Axonometria<\/a><a class=\"js-image-size__link lazy-anchor\" href=\"https:\/\/www.archdaily.cl\/cl\/1035636\/casa-cm-atelierm-plus-nicolas-krause\/690545b510727b018ab68261-casa-cm-atelierm-plus-nicolas-krause-corte-fugado\" rel=\"nofollow noopener\" target=\"_blank\"><img decoding=\"async\" alt=\"Casa CM \/ AtelierM + Nicolas Krause - Imagen 22 de 29\" data-nr-picture-id=\"690545b510727b018ab68261\" height=\"427\" itemprop=\"image\" loading=\"lazy\" longdesc=\"https:\/\/www.archdaily.cl\/cl\/1035636\/casa-cm-atelierm-plus-nicolas-krause\/690545b510727b018ab68261-casa-cm-atelierm-plus-nicolas-krause-corte-fugado\" src=\"https:\/\/www.europesays.com\/es\/wp-content\/uploads\/2025\/11\/cm-05-corte-perspectivado-23.jpg\" width=\"640\"\/>Corte Fugado<\/a><\/p>\n<p data-start=\"3026\" data-end=\"3368\">La atemporalidad del ladrillo se complementa con esta l\u00f3gica de eficiencia pasiva, logrando que la casa sea sustentable tanto desde su concepci\u00f3n material como desde su uso cotidiano. La envolvente robusta y de bajo mantenimiento no solo resuelve lo constructivo, sino que tambi\u00e9n construye identidad y pertenencia en el paisaje del barrio.<\/p>\n<p><a class=\"js-image-size__link lazy-anchor\" href=\"https:\/\/www.archdaily.cl\/cl\/1035636\/casa-cm-atelierm-plus-nicolas-krause\/6905454cb04b1c01891e844c-casa-cm-atelierm-plus-nicolas-krause-foto\" rel=\"nofollow noopener\" target=\"_blank\"><img decoding=\"async\" alt=\"Casa CM \/ AtelierM + Nicolas Krause - Fotograf\u00eda exterior, Fachada, Puerta, Ladrillo, Patio interior\" data-nr-picture-id=\"6905454cb04b1c01891e844c\" height=\"427\" itemprop=\"image\" loading=\"lazy\" longdesc=\"https:\/\/www.archdaily.cl\/cl\/1035636\/casa-cm-atelierm-plus-nicolas-krause\/6905454cb04b1c01891e844c-casa-cm-atelierm-plus-nicolas-krause-foto\" src=\"https:\/\/www.europesays.com\/es\/wp-content\/uploads\/2025\/11\/casa-cm-atelierm-plus-nicolas-krause_9.jpg\" width=\"640\"\/>\u00a9 AtelierM<\/a><\/p>\n<p data-start=\"3370\" data-end=\"3803\" data-is-last-node=\"\" data-is-only-node=\"\">La Casa CM es un ejercicio de reinterpretaci\u00f3n. Parte de una normativa r\u00edgida y de un lenguaje tradicional para dar lugar a una arquitectura que, sin abandonar lo familiar, introduce un giro hacia la contemporaneidad. Ese giro no se limita a la imagen, sino que se expresa en la experiencia del habitar: espacios amplios, fluidos y conectados al exterior, que enmarcan la naturaleza y privilegian la vida en relaci\u00f3n con el bosque.<\/p>\n<p><a class=\"js-image-size__link lazy-anchor\" href=\"https:\/\/www.archdaily.cl\/cl\/1035636\/casa-cm-atelierm-plus-nicolas-krause\/690544feb04b1c01891e8440-casa-cm-atelierm-plus-nicolas-krause-foto\" rel=\"nofollow noopener\" target=\"_blank\"><img decoding=\"async\" alt=\"Casa CM \/ AtelierM + Nicolas Krause - Fotograf\u00eda exterior, Jard\u00edn\" data-nr-picture-id=\"690544feb04b1c01891e8440\" height=\"427\" itemprop=\"image\" loading=\"lazy\" longdesc=\"https:\/\/www.archdaily.cl\/cl\/1035636\/casa-cm-atelierm-plus-nicolas-krause\/690544feb04b1c01891e8440-casa-cm-atelierm-plus-nicolas-krause-foto\" src=\"https:\/\/www.europesays.com\/es\/wp-content\/uploads\/2025\/11\/casa-cm-atelierm-plus-nicolas-krause_3.jpg\" width=\"640\"\/>\u00a9 AtelierM<\/a><script async src=\"https:\/\/platform.twitter.com\/widgets.js\" charset=\"utf-8\"><\/script><\/p>\n","protected":false},"excerpt":{"rendered":"\u00a9 AtelierM + 24 Compartir Compartir Facebook Twitter Mail Pinterest Whatsapp O https:\/\/www.archdaily.cl\/cl\/1035636\/casa-cm-atelierm-plus-nicolas-krause Portapapeles \u00abCOPY\u00bb Copiar \u00a9 AtelierM&hellip;\n","protected":false},"author":2,"featured_media":217365,"comment_status":"","ping_status":"","sticky":false,"template":"","format":"standard","meta":{"footnotes":""},"categories":[173],"tags":[801,802,229,233,231,230,3738,232,234,146,147,25,24,23],"class_list":{"0":"post-217364","1":"post","2":"type-post","3":"status-publish","4":"format-standard","5":"has-post-thumbnail","7":"category-arte-y-diseno","8":"tag-arquitectura","9":"tag-arquitectura-residencial","10":"tag-arte","11":"tag-arte-y-diseno","12":"tag-arts","13":"tag-arts-and-design","14":"tag-casas","15":"tag-design","16":"tag-diseno","17":"tag-entertainment","18":"tag-entretenimiento","19":"tag-es","20":"tag-espana","21":"tag-spain"},"share_on_mastodon":{"url":"https:\/\/pubeurope.com\/@es\/115489470825389738","error":""},"_links":{"self":[{"href":"https:\/\/www.europesays.com\/es\/wp-json\/wp\/v2\/posts\/217364","targetHints":{"allow":["GET"]}}],"collection":[{"href":"https:\/\/www.europesays.com\/es\/wp-json\/wp\/v2\/posts"}],"about":[{"href":"https:\/\/www.europesays.com\/es\/wp-json\/wp\/v2\/types\/post"}],"author":[{"embeddable":true,"href":"https:\/\/www.europesays.com\/es\/wp-json\/wp\/v2\/users\/2"}],"replies":[{"embeddable":true,"href":"https:\/\/www.europesays.com\/es\/wp-json\/wp\/v2\/comments?post=217364"}],"version-history":[{"count":0,"href":"https:\/\/www.europesays.com\/es\/wp-json\/wp\/v2\/posts\/217364\/revisions"}],"wp:featuredmedia":[{"embeddable":true,"href":"https:\/\/www.europesays.com\/es\/wp-json\/wp\/v2\/media\/217365"}],"wp:attachment":[{"href":"https:\/\/www.europesays.com\/es\/wp-json\/wp\/v2\/media?parent=217364"}],"wp:term":[{"taxonomy":"category","embeddable":true,"href":"https:\/\/www.europesays.com\/es\/wp-json\/wp\/v2\/categories?post=217364"},{"taxonomy":"post_tag","embeddable":true,"href":"https:\/\/www.europesays.com\/es\/wp-json\/wp\/v2\/tags?post=217364"}],"curies":[{"name":"wp","href":"https:\/\/api.w.org\/{rel}","templated":true}]}}