{"id":217368,"date":"2025-11-04T04:13:19","date_gmt":"2025-11-04T04:13:19","guid":{"rendered":"https:\/\/www.europesays.com\/es\/217368\/"},"modified":"2025-11-04T04:13:19","modified_gmt":"2025-11-04T04:13:19","slug":"tire-el-guion-a-la-papelera-sin-ni-siquiera-leerlo-y-rechace-la-propuesta-de-participar-en-la-pelicula","status":"publish","type":"post","link":"https:\/\/www.europesays.com\/es\/217368\/","title":{"rendered":"Tir\u00e9 el guion a la papelera sin ni siquiera leerlo y rechac\u00e9 la propuesta de participar en la pel\u00edcula"},"content":{"rendered":"<p data-journey-content=\"true\" data-node-id=\"3\" class=\"css-6wxqfj emevuu60\">El destino de \u2018Regreso al futuro\u2019 estuvo a punto de ser muy distinto al que ahora conocemos. Para empezar, de haber triunfado los deseos del estudio se habr\u00eda titulado de una forma completamente distinta: \u2018Spaceman from Pluto\u2019. Einstein, el perro que acompa\u00f1a a Doc, habr\u00eda sido un chimpanc\u00e9. Y su protagonista, Marty McFly, pod\u00eda haber tenido el rostro ani\u00f1ado de Ralph Macchio, el primer candidato sugerido por los mandamases de Universal\u2026 o el de Eric Stolz, el actor al que se le entreg\u00f3 el papel, pero que fue despedido cuando llevaba cinco semanas de rodaje por los responsables del film, Robert Zemeckis, director y guionista junto a Bob Gale, y Steven Spielberg, productor y verdadero impulsor del proyecto a trav\u00e9s de su productora Amblin, sello de una influencia clave en el cine comercial estadounidense de los a\u00f1os 80.<\/p>\n<p><img draggable=\"true\" alt=\"regreso al futuro\" title=\"regreso al futuro\" loading=\"lazy\" width=\"1750\" height=\"2661\" decoding=\"async\" data-nimg=\"1\" style=\"color:transparent;width:100%;height:auto;\"   src=\"https:\/\/www.europesays.com\/es\/wp-content\/uploads\/2025\/11\/christopher-lloyd-actor-regreso-al-futuro-6908c520286e4.jpg\" class=\"css-0 e1g79fud0\"\/><\/p>\n<p>Universal<\/p>\n<p data-journey-content=\"true\" data-node-id=\"8\" class=\"css-6wxqfj emevuu60\">Finalmente el papel fue para Michael J. Fox, el actor que Zemeckis y Gale quer\u00edan desde el principio, pero al que descartaron porque su contrato con la sitcom &#8216;Enredos de familia&#8217; convert\u00eda en inalcanzable. Ante las s\u00faplicas de Spielberg y Sid Sheinberg, el director de Universal, Gary David Goldberg, el creador de la serie, permiti\u00f3 que Fox leyera primero el guion y, cuando este le dijo que quer\u00eda hacerla, le permiti\u00f3 compatibilizar los dos rodajes: de d\u00eda ser\u00eda Alex P. Keaton en el set de TV y de noche y los fines de semana, Marty McFly.  Una peque\u00f1a muestra de las piedras que poblaron la carretera de este, ahora, cl\u00e1sico absoluto del cine de viajes en el tiempo, ciencia ficci\u00f3n y comedia pero que, en su momento, lleg\u00f3 a ser rechazado en m\u00e1s de 40 ocasiones. Ver para creer.<\/p>\n<p><img draggable=\"true\" alt=\"regreso al futuro\" title=\"regreso al futuro\" loading=\"lazy\" width=\"3000\" height=\"1998\" decoding=\"async\" data-nimg=\"1\" style=\"color:transparent;width:100%;height:auto;\"   src=\"https:\/\/www.europesays.com\/es\/wp-content\/uploads\/2025\/11\/regreso-al-futuro-pelicula-cine-6908c5202318c.jpg\" class=\"css-0 e1g79fud0\"\/><\/p>\n<p>Universal<\/p>\n<p data-journey-content=\"true\" data-node-id=\"11\" class=\"css-6wxqfj emevuu60\">Unos giros afortunados que hoy pocos recuerdan cuatro d\u00e9cadas despu\u00e9s del estreno de una cinta que, gracias a los m\u00e1s de 210 millones de d\u00f3lares recaudados en Estados Unidos, fue la m\u00e1s taquillera de 1985, por encima incluso de \u2018Rambo\u2019. Hechos y curiosidades de los que Christopher Lloyd, ha hablado este pasado fin de semana, el 1 y 2 de noviembre, en su primera visita a Espa\u00f1a. El actor que encarn\u00f3 al Doctor Emmet Brown en las tres entregas de la saga ha sido la gran estrella de una cita tan potente como 1,2 gigavatios que se ha celebrado en los cines Filmax Gran Via de Barcelona.<\/p>\n<p>No te pierdas esto<a data-theme-key=\"base-link\" href=\"#\" class=\"e1fx7w0v5 css-xorst3 e1c1bym14\">Reg\u00edstrate para recibir contenido personalizado<img decoding=\"async\" data-dynamic-svg=\"true\" src=\"https:\/\/www.fotogramas.es\/_assets\/design-tokens\/fre\/static\/icons\/arrow-right-regular.e879c19.svg?primary=%2523000000\" loading=\"lazy\" data-testid=\"dynamic-svg-base\" height=\"auto\" width=\"100%\" alt=\"\" class=\"css-13htjwu e1fx7w0v1\"\/><\/a><img draggable=\"true\" alt=\"regreso al futuro\" title=\"regreso al futuro\" loading=\"lazy\" width=\"1640\" height=\"2308\" decoding=\"async\" data-nimg=\"1\" style=\"color:transparent;width:100%;height:auto;\"   src=\"https:\/\/www.europesays.com\/es\/wp-content\/uploads\/2025\/11\/regreso-al-futuro-pelicula-6908c52024d48.jpg\" class=\"css-0 e1g79fud0\"\/><\/p>\n<p>Universal<\/p>\n<p>\u00ab\u00a1Esto es muy fuerte, Doc!\u00bb<\/p>\n<p data-journey-content=\"true\" data-node-id=\"17\" class=\"css-6wxqfj emevuu60\">Christopher Lloyd se pas\u00f3 todo el fin de semana presentando distintas proyecciones de &#8216;Regreso al futur0&#8217;, firmando aut\u00f3grafos y objetos de coleccionismo a centenares de fans y fotografi\u00e1ndose con ellos. Nacido en Stantford, Connecticut, en 1938 y conocido a mediados de los 80 por su paso por films como &#8216;Alguien vol\u00f3 sobre el nido del cuco&#8217; (M. Forman, 1975), su debut en el cine junto a Jack Nicholson y en la que comparti\u00f3 cartel con Danny DeVito, con quien coincidir\u00eda de nuevo en la serie &#8216;Taxi&#8217;, record\u00f3 en sus encuentros con el p\u00fablico que al principio <strong data-node-id=\"17.1\">\u00ab<\/strong><strong data-node-id=\"17.2\">tir\u00e9 el guion a la papelera sin ni siquiera leerlo y rechac\u00e9 la propuesta de participar en la pel\u00edcula<\/strong><strong data-node-id=\"17.3\">. <\/strong>Yo era un actor de teatro y hab\u00eda pasado mucho tiempo en Ciudad de M\u00e9xico en un rodaje y no ve\u00eda el momento de regresar a Nueva York para volver a pisar un escenario. Pero finalmente me pudo la curiosidad y recog\u00ed el guion de la papelera y lo le\u00ed. El resto, como dicen, es historia. No sabes nunca lo que te deparar\u00e1 el futuro y que hoy est\u00e9 yo aqu\u00ed es un gran ejemplo de esta verdad\u00bb. <\/p>\n<p><img draggable=\"true\" alt=\"christopher lloyd regreso al futuro\" title=\"christopher lloyd regreso al futuro\" loading=\"lazy\" width=\"3600\" height=\"2400\" decoding=\"async\" data-nimg=\"1\" style=\"color:transparent;width:100%;height:auto;\"   src=\"https:\/\/www.europesays.com\/es\/wp-content\/uploads\/2025\/11\/christopher-lloyd-actor-regreso-al-futuro-40-aniversario-6908c1981eece.jpg\" class=\"css-0 e1g79fud0\"\/><\/p>\n<p>Universal<\/p>\n<p>Fullilove &amp; Waters Jr.: Wilson &amp; Berry sociedad el\u00e9ctrica<\/p>\n<p data-journey-content=\"true\" data-node-id=\"21\" class=\"css-6wxqfj emevuu60\">Lloyd no ha sido el \u00fanico miembro del reparto de la primera entrega de la trilog\u00eda que ha visitado Barcelona. Junto a \u00e9l hemos estado junto a Donald Fullilove y Harry Waters Jr., es decir, el futuro alcalde Goldie Wilson y Marvin Berry, el primo de Chuck cuya mano herida permite a Marty McFly subirse al escenario para interpretar \u2018Johnny B. Goode\u2019. Los dos actores tambi\u00e9n han participado de estos dos d\u00edas de encuentro con los fans y han protagonizado un pre-show, como teloneros de Christopher Lloyd, en el que han explicado c\u00f3mo se hicieron con el papel o incluso han cantado el tema que propici\u00f3 el primer beso de George McFlye y Lorraine Blaines &#8230; y asegur\u00f3 el futuro de Marty y sus dos hermanos, &#8216;Earth Angel&#8217;.<\/p>\n<p><img draggable=\"true\" alt=\"regreso al futuro\" title=\"regreso al futuro\" loading=\"lazy\" width=\"2500\" height=\"1736\" decoding=\"async\" data-nimg=\"1\" style=\"color:transparent;width:100%;height:auto;\"   src=\"https:\/\/www.europesays.com\/es\/wp-content\/uploads\/2025\/11\/pelicula-regreso-al-futuro-6908c5202f1fc.jpg\" class=\"css-0 e1g79fud0\"\/><\/p>\n<p>Universal<\/p>\n<p data-journey-content=\"true\" data-node-id=\"24\" class=\"css-6wxqfj emevuu60\">Tambi\u00e9n ha sido muy mel\u00f3dico el saludo del equipo entero del musical que, basado en el film, se representa en el West End de Londres desde 2021 y se ha visto en Broadway, Hamburgo, Tokio o Sydney. Un montaje en el que el mismo actor encarna a los dos personajes, el alcalde Goldie Wilson y el primo de Chuck Berry, de la misma forma que el destino ha unido a estos dos int\u00e9rpretes. Donald Fullilove ha recordado c\u00f3mo se hizo con el papel en las oficinas de Amblin junto a Zemeckis, Gale y Spielberg porque <strong data-node-id=\"24.1\">\u00abno sab\u00eda cantar, pero les hice re\u00edr\u00bb.<\/strong> Mientras que  Harry Waters Jr. ha cogido el micr\u00f3fono para interpretar el tema que le dio el rol: una versi\u00f3n a capella del &#8216;Feelin&#8217; Good&#8217; de Nina Simone. De su experiencia en el set, ha recordado que rod\u00f3 <strong data-node-id=\"24.3\">\u00abmi frase m\u00e1s c\u00e9lebre, de hecho casi la \u00fanica frase que digo solo, ese \u00abChuck! \u00a1Soy tu primo, Marvin Berry! \u00bfRecuerdas ese nuevo sonido que estabas buscando? \u00a1Pues escucha esto!\u00bb en una sola toma. La gente aplaudi\u00f3 cuando gritaron &#8216;\u00a1Corten!\u00bb,<\/strong> ha recordado. <\/p>\n<p><img draggable=\"true\" alt=\"regreso al futuro\" title=\"regreso al futuro\" loading=\"lazy\" width=\"1412\" height=\"1938\" decoding=\"async\" data-nimg=\"1\" style=\"color:transparent;width:100%;height:auto;\"   src=\"https:\/\/www.europesays.com\/es\/wp-content\/uploads\/2025\/11\/christopher-lloyd-actor-regreso-al-futuro-pelicula-6908c52021bc6.jpg\" class=\"css-0 e1g79fud0\"\/><\/p>\n<p>Universal<\/p>\n<p>\u00ab\u00a1A donde vamos no necesitamos carreteras!\u00bb <\/p>\n<p data-journey-content=\"true\" data-node-id=\"28\" class=\"css-6wxqfj emevuu60\"> Tres presencias que han convertido este evento en la mayor celebraci\u00f3n del 40\u00ba aniversario del estreno del film, que en Espa\u00f1a lleg\u00f3 a las salas el 6 de diciembre de 1985 y que, adem\u00e1s de poder verse en las distintas plataformas de streaming de cuyo cat\u00e1logo forma parte, ha regresado a la gran pantalla en 14 cines de ciudades como Madrid, Toledo, Valencia, Sevilla, Granada y M\u00e1laga. El DeLorean volador de Doc del final de la cinta no necesitar\u00e1 carreteras, pero el reestreno del film de Zemeckis s\u00ed necesita de pantallas, cuanto m\u00e1s grandes, mejor. Estas son las 14 salas de Espa\u00f1a en las que se puede ver \u2018Regreso al Futuro\u2019:<\/p>\n<ul data-node-id=\"29\" class=\"css-kw9lqy emevuu60\">\n<li data-node-id=\"29.0\">      Barcelona: Cines Filmax Gran V\u00eda, Cine Yelmo Westfield La Maquinista, Cine Kin\u00e9polis Barcelona Splau (Cornell\u00e0 de Llobregat), Cine Kin\u00e9polis Matar\u00f3 Parc (Matar\u00f3).<\/li>\n<li data-node-id=\"29.1\">      Madrid: Cine Kin\u00e9polis Madrid Ciudad de la Imagen, Cine Kin\u00e9polis Madrid Diversia (Alcobendas).<\/li>\n<li data-node-id=\"29.2\">      Toledo: Cine Redux (Torrijos).<\/li>\n<li data-node-id=\"29.3\">      Valencia: Cines Mn4 (Alfafar), Cine Kin\u00e9polis Alzira (Alzira), Cine Kin\u00e9polis Valencia (Paterna).<\/li>\n<li data-node-id=\"29.4\">      Sevilla: Cine Yelmo Lagoh.<\/li>\n<li data-node-id=\"29.5\">      Granada: Cine Kin\u00e9polis Granada, Cine Kin\u00e9polis Nevada (Armilla).<\/li>\n<li data-node-id=\"29.6\">      M\u00e1laga: Cine Kin\u00e9polis La Ca\u00f1ada (M\u00e1laga). <\/li>\n<\/ul>\n<p><img draggable=\"true\" alt=\"regreso al futuro, 40 aniversario\" title=\"Regreso al Futuro, 40 Aniversario\" loading=\"lazy\" width=\"947\" height=\"1500\" decoding=\"async\" data-nimg=\"1\" style=\"color:transparent;width:100%;height:auto;\"   src=\"https:\/\/www.europesays.com\/es\/wp-content\/uploads\/2025\/11\/bf40-onesheet-digital-6902402493051.jpg\" class=\"css-0 e1g79fud0\"\/><\/p>\n<p>Universal<\/p>\n<p><img src=\"https:\/\/www.europesays.com\/es\/wp-content\/uploads\/2025\/11\/529eb84f-b022-41e7-830f-afd1eca8f9d8_1740748752.file\" alt=\"Headshot of Roger Salvans\" title=\"Headshot of Roger Salvans\" width=\"100%\" height=\"100%\" decoding=\"async\" loading=\"lazy\" class=\"css-o0wq4v ev8dhu53\"\/><\/p>\n<p><a href=\"https:\/\/www.imdb.com\/es-es\/name\/nm1253103\/\" rel=\"nofollow noopener\" target=\"_blank\">Roger Salvans<\/a> es experto en cine y series de TV de ayer, hoy y siempre. Del Hollywood dorado a la generaci\u00f3n de los rebeldes de los a\u00f1os 70 que lo cambiaron todo. Los cl\u00e1sicos ochenteros los indies del cambio de siglo, blockbusters palomiteros \u2013con o sin capa\u2013 o las cintas de autor m\u00e1s rompedoras a las series de culto, consumo masivo y devoci\u00f3n absoluta.<\/p>\n<p><a href=\"https:\/\/www.filmaffinity.com\/es\/name.php?name-id=213435377\" rel=\"nofollow noopener\" target=\"_blank\">Roger<\/a> lleva 20 a\u00f1os escribiendo en las p\u00e1ginas de Fotogramas, revista de la que es actualmente redactor jefe de la edici\u00f3n impresa y para la que ha entrevistado a centenares de directores y estrellas de la gran y peque\u00f1a pantalla: los hermanos Coen, David Fincher, Scarlett Johansson, Paul Mescal, Steven Spielberg, Tim Burton, Martin Scorsese, Leonardo Di Caprio, Christopher Lee, Margot Robbie, Aaron Sorkin, Anya Taylor-Joy y much\u00edsimos m\u00e1s.<\/p>\n<p><a href=\"https:\/\/www.linkedin.com\/in\/roger-salvans-ba53a319?originalSubdomain=es\" rel=\"nofollow noopener\" target=\"_blank\">Licenciado en Comunicaci\u00f3n Audiovisual<\/a>, profesor universitario durante 15 a\u00f1os, guionista y periodista con casi tres d\u00e9cadas de experiencia, tambi\u00e9n ha colaborado frecuentemente en distintos medios de radio y TV.\u00a0<\/p>\n","protected":false},"excerpt":{"rendered":"El destino de \u2018Regreso al futuro\u2019 estuvo a punto de ser muy distinto al que ahora conocemos. Para&hellip;\n","protected":false},"author":2,"featured_media":217369,"comment_status":"","ping_status":"","sticky":false,"template":"","format":"standard","meta":{"footnotes":""},"categories":[169],"tags":[177,1180,146,147,25,24,176,175,23],"class_list":{"0":"post-217368","1":"post","2":"type-post","3":"status-publish","4":"format-standard","5":"has-post-thumbnail","7":"category-cine","8":"tag-cine","9":"tag-editorial","10":"tag-entertainment","11":"tag-entretenimiento","12":"tag-es","13":"tag-espana","14":"tag-film","15":"tag-movies","16":"tag-spain"},"share_on_mastodon":{"url":"https:\/\/pubeurope.com\/@es\/115489487053903021","error":""},"_links":{"self":[{"href":"https:\/\/www.europesays.com\/es\/wp-json\/wp\/v2\/posts\/217368","targetHints":{"allow":["GET"]}}],"collection":[{"href":"https:\/\/www.europesays.com\/es\/wp-json\/wp\/v2\/posts"}],"about":[{"href":"https:\/\/www.europesays.com\/es\/wp-json\/wp\/v2\/types\/post"}],"author":[{"embeddable":true,"href":"https:\/\/www.europesays.com\/es\/wp-json\/wp\/v2\/users\/2"}],"replies":[{"embeddable":true,"href":"https:\/\/www.europesays.com\/es\/wp-json\/wp\/v2\/comments?post=217368"}],"version-history":[{"count":0,"href":"https:\/\/www.europesays.com\/es\/wp-json\/wp\/v2\/posts\/217368\/revisions"}],"wp:featuredmedia":[{"embeddable":true,"href":"https:\/\/www.europesays.com\/es\/wp-json\/wp\/v2\/media\/217369"}],"wp:attachment":[{"href":"https:\/\/www.europesays.com\/es\/wp-json\/wp\/v2\/media?parent=217368"}],"wp:term":[{"taxonomy":"category","embeddable":true,"href":"https:\/\/www.europesays.com\/es\/wp-json\/wp\/v2\/categories?post=217368"},{"taxonomy":"post_tag","embeddable":true,"href":"https:\/\/www.europesays.com\/es\/wp-json\/wp\/v2\/tags?post=217368"}],"curies":[{"name":"wp","href":"https:\/\/api.w.org\/{rel}","templated":true}]}}