{"id":217386,"date":"2025-11-04T04:32:30","date_gmt":"2025-11-04T04:32:30","guid":{"rendered":"https:\/\/www.europesays.com\/es\/217386\/"},"modified":"2025-11-04T04:32:30","modified_gmt":"2025-11-04T04:32:30","slug":"una-cocina-mini-6-m2-abierta-al-salon-que-ha-ganado-en-luz-y-funcionalidad","status":"publish","type":"post","link":"https:\/\/www.europesays.com\/es\/217386\/","title":{"rendered":"Una cocina mini (6 m2) abierta al sal\u00f3n que ha ganado en luz y funcionalidad"},"content":{"rendered":"<p>A veces, los metros no son lo m\u00e1s importante. Esto es algo que frecuentemente ense\u00f1amos desde El Mueble. Basta con ideas bien pensadas y una <a href=\"https:\/\/www.elmueble.com\/estancias\/salones\/tips-para-un-salon-a-medida_5886\" rel=\"nofollow noopener\" target=\"_blank\">buena distribuci\u00f3n<\/a>, para que cualquier <a href=\"https:\/\/www.elmueble.com\/casas\/pequenas\/diez-pisos-pequenos-con-las-mejores-ideas-para-aprovechar-espacio_40495\" rel=\"nofollow noopener\" target=\"_blank\">espacio reducido<\/a>, sea acogedor y funcional. Es el caso de este peque\u00f1o d\u00faplex, de <strong>apenas 30 metros cuadrados<\/strong>, cuya planificaci\u00f3n hizo capaz multiplicar la sensaci\u00f3n de espacio.<\/p>\n<p>Su propietaria quer\u00eda una vivienda pr\u00e1ctica y con estilo, donde la cocina se integrara al sal\u00f3n sin perder independencia. El reto era may\u00fasculo: <strong>la cocina no llegaba a los seis metros cuadrados. \u00a1Parec\u00eda una locura!<\/strong> La encargada del proyecto, la decoradora Celia Crego, explica que la clave fue lograr fluidez visual sin renunciar al orden. \u00abCon la <a href=\"https:\/\/www.elmueble.com\/ideas\/decoterapia\/50-cocinas-abiertas-comedor-y-salon_42477\" rel=\"nofollow noopener\" target=\"_blank\"><strong>integraci\u00f3n del sal\u00f3n, el comedor y la cocina<\/strong><\/a>, el piso ha ganado mucha luz y se da la paradoja de que <strong>ahora parece m\u00e1s grande lleno que vac\u00edo<\/strong>\u00ab, comenta.<\/p>\n<p>&#13;<img decoding=\"async\" src=\"https:\/\/www.europesays.com\/es\/wp-content\/uploads\/2025\/11\/mujer-limpiando-polvo-00366328_o_00000000_73d494eb_251027114731_600x600.webp.webp\" alt=\"Mujer-limpiando-polvo-00366328_O\" class=\"image lazyload\"\/><\/p>\n<p class=\"epigraph\">TRUCO DE LIMPIEZA<\/p>\n<p><a href=\"https:\/\/www.elmueble.com\/orden-limpieza-ahorro\/elisabet-jimenez-experta-limpieza-para-alejar-polvo-tu-casa-durante-varios-dias-mezcla-agua-vinagre-limpieza-lavaplatos-aceite-oliva-unas-gotitas-aceite-esencial_62344\" rel=\"nofollow noopener\" target=\"_blank\">Aleja el polvo de tu casa con este truco de limpieza<\/a><\/p>\n<p>El resultado es un <strong>hogar c\u00e1lido, sereno y perfectamente equilibrado<\/strong>, donde cada metro cuenta. \u00a1Te lo ense\u00f1amos!<\/p>\n<p>Distribuci\u00f3n pensada para ganar luz<img loading=\"lazy\" decoding=\"async\" src=\"https:\/\/www.europesays.com\/es\/wp-content\/uploads\/2025\/11\/pared-de-pladur-que-divide-pero-no-cierra_0aeb18fc_251023130305_1000x666.webp.webp\" alt=\"Pared de pladur que divide pero no cierra\" class=\"lazyload\" width=\"1000\" height=\"666\" data-aspectratio=\"1000\/666\"\/>&#13;El Mueble<\/p>\n<p>El punto de partida era un espacio compartimentado que imped\u00eda el paso de la luz natural. Celia decidi\u00f3<strong> reorganizar toda la planta baja<\/strong>, <strong>eliminando un antiguo tabique <\/strong>que separaba el comedor del sal\u00f3n. En su lugar, levant\u00f3 una <strong>nueva pared de Pladur de dos metros de ancho<\/strong>, que permite <strong>dividir las zonas sin cerrarlas <\/strong>por completo.<\/p>\n<p><img loading=\"lazy\" decoding=\"async\" src=\"https:\/\/www.europesays.com\/es\/wp-content\/uploads\/2025\/11\/un-salon-comunicado-con-la-cocina-mini_afe7a176_985_251023130316_1000x1333.webp.webp\" alt=\"Un sal\u00f3n comunicado con la cocina mini\" class=\"lazyload\" width=\"1000\" height=\"1333\" data-aspectratio=\"1000\/1333\"\/>&#13;El Mueble<\/p>\n<p>\u00abQuer\u00edamos que el sal\u00f3n y la cocina conservaran cierta independencia, pero sin puertas ni obst\u00e1culos\u00bb,\u00a0 explica la interiorista. Dej\u00f3 un paso de unos 140 cent\u00edmetros, suficiente para mantener la sensaci\u00f3n de apertura. En esa nueva pared incorpor\u00f3<strong> una hornacina para el televisor<\/strong>, de modo que la estructura cumple una doble funci\u00f3n: divide y decora.<\/p>\n<p>\u00abEl propietario quer\u00eda que la televisi\u00f3n quedara perfectamente centrada frente al sof\u00e1, as\u00ed que aprovechamos la obra para integrarla con una est\u00e9tica limpia\u00bb, a\u00f1ade Crego. El tono elegido, <strong>un gris piedra suave, ayuda a unificar el conjunto<\/strong>. Este color act\u00faa como hilo conductor entre los espacios y refuerza la luminosidad general del piso, especialmente gracias al suelo porcel\u00e1nico claro que se repite tanto en el sal\u00f3n como en la cocina.<\/p>\n<p>El plano: 6 m2 bien aprovechados<\/p>\n<p>En apenas <strong>seis metros cuadrados<\/strong>, la cocina ten\u00eda que ser funcional, ordenada y visualmente ligera. La soluci\u00f3n fue <strong>crear un mobiliario a medida, dise\u00f1ado por la propia decoradora<\/strong>, con frentes lacados en blanco y armarios de suelo a techo. En la parte superior se ocult\u00f3 la caldera, y en la inferior, la lavadora. Junto a ella se ubic\u00f3 el frigor\u00edfico, logrando una composici\u00f3n compacta, pr\u00e1ctica y est\u00e9ticamente uniforme.<\/p>\n<p>\u00a0<\/p>\n<p><img loading=\"lazy\" decoding=\"async\" src=\"https:\/\/www.europesays.com\/es\/wp-content\/uploads\/2025\/11\/plano-planta-cocina-6-m2-abierta-al-salon_46b9677c_251023130444_1000x1447.webp.webp\" alt=\"PLANO planta cocina 6 m2 abierta al salon\" class=\"lazyload\" width=\"1000\" height=\"1447\" data-aspectratio=\"1000\/1447\"\/>&#13;El Mueble<\/p>\n<p>\u00abEl objetivo era aprovechar cada cent\u00edmetro sin que el espacio se sintiera recargado\u00bb, se\u00f1ala Celia. Los m\u00f3dulos lisos, <strong>sin tiradores visibles, <\/strong>ayudan a<strong> mantener la sensaci\u00f3n de amplitud<\/strong>. Adem\u00e1s, los electrodom\u00e9sticos integrados y la continuidad del suelo porcel\u00e1nico contribuyen a reforzar la luminosidad.<\/p>\n<p>&#13;<img decoding=\"async\" src=\"https:\/\/www.europesays.com\/es\/wp-content\/uploads\/2025\/11\/cocina-de-madera-con-puertas-de-hierro-negras-00489007_a115ea65_00489007_251014124717_600x600.webp.webp\" alt=\"cocina de madera con puertas de hierro negras 00489007\" class=\"image lazyload\"\/><\/p>\n<p class=\"epigraph\">Tips muy \u00fatiles<\/p>\n<p><a href=\"https:\/\/www.elmueble.com\/decoracion\/mejor-iluminacion-para-cocina-pequena-este-es-tipo-luces-que-recomiendan-disenadores-para-que-parezca-mas-grande_62174\" rel=\"nofollow noopener\" target=\"_blank\">La mejor iluminaci\u00f3n para una cocina peque\u00f1a seg\u00fan los expertos<\/a><br \/>\nClaves que puedes aplicar en tu casa<\/p>\n<ul>\n<li><strong>Integra sin cerrar: <\/strong>si tu cocina est\u00e1 junto al sal\u00f3n, un tabique parcial o un murete bajo puede ayudarte a delimitar sin aislar.<\/li>\n<li><strong>El blanco sigue siendo tu aliado:<\/strong> multiplica la luz, agranda visualmente y combina con cualquier estilo.<\/li>\n<li><strong>Piensa en vertical: <\/strong>aprovecha el espacio hasta el techo con armarios altos o estanter\u00edas abiertas.<\/li>\n<li><strong>Mant\u00e9n la continuidad:<\/strong> un mismo suelo o gama crom\u00e1tica une los ambientes y ampl\u00eda la sensaci\u00f3n de espacio.<\/li>\n<li><strong>A\u00f1ade textura: <\/strong>una alfombra lavable o un revestimiento natural puede dar calidez sin restar funcionalidad.<\/li>\n<\/ul>\n<p>\u00bfVas a poner en pr\u00e1cticas alguno de estos consejos? \u00a1Seguro que te funcionan!<\/p>\n","protected":false},"excerpt":{"rendered":"A veces, los metros no son lo m\u00e1s importante. Esto es algo que frecuentemente ense\u00f1amos desde El Mueble.&hellip;\n","protected":false},"author":2,"featured_media":217387,"comment_status":"","ping_status":"","sticky":false,"template":"","format":"standard","meta":{"footnotes":""},"categories":[173],"tags":[229,233,231,230,232,234,146,147,25,24,23],"class_list":{"0":"post-217386","1":"post","2":"type-post","3":"status-publish","4":"format-standard","5":"has-post-thumbnail","7":"category-arte-y-diseno","8":"tag-arte","9":"tag-arte-y-diseno","10":"tag-arts","11":"tag-arts-and-design","12":"tag-design","13":"tag-diseno","14":"tag-entertainment","15":"tag-entretenimiento","16":"tag-es","17":"tag-espana","18":"tag-spain"},"share_on_mastodon":{"url":"https:\/\/pubeurope.com\/@es\/115489560714224110","error":""},"_links":{"self":[{"href":"https:\/\/www.europesays.com\/es\/wp-json\/wp\/v2\/posts\/217386","targetHints":{"allow":["GET"]}}],"collection":[{"href":"https:\/\/www.europesays.com\/es\/wp-json\/wp\/v2\/posts"}],"about":[{"href":"https:\/\/www.europesays.com\/es\/wp-json\/wp\/v2\/types\/post"}],"author":[{"embeddable":true,"href":"https:\/\/www.europesays.com\/es\/wp-json\/wp\/v2\/users\/2"}],"replies":[{"embeddable":true,"href":"https:\/\/www.europesays.com\/es\/wp-json\/wp\/v2\/comments?post=217386"}],"version-history":[{"count":0,"href":"https:\/\/www.europesays.com\/es\/wp-json\/wp\/v2\/posts\/217386\/revisions"}],"wp:featuredmedia":[{"embeddable":true,"href":"https:\/\/www.europesays.com\/es\/wp-json\/wp\/v2\/media\/217387"}],"wp:attachment":[{"href":"https:\/\/www.europesays.com\/es\/wp-json\/wp\/v2\/media?parent=217386"}],"wp:term":[{"taxonomy":"category","embeddable":true,"href":"https:\/\/www.europesays.com\/es\/wp-json\/wp\/v2\/categories?post=217386"},{"taxonomy":"post_tag","embeddable":true,"href":"https:\/\/www.europesays.com\/es\/wp-json\/wp\/v2\/tags?post=217386"}],"curies":[{"name":"wp","href":"https:\/\/api.w.org\/{rel}","templated":true}]}}