{"id":217400,"date":"2025-11-04T04:42:10","date_gmt":"2025-11-04T04:42:10","guid":{"rendered":"https:\/\/www.europesays.com\/es\/217400\/"},"modified":"2025-11-04T04:42:10","modified_gmt":"2025-11-04T04:42:10","slug":"los-ultimos-dias-de-guillermo-francos-los-rumores-la-decision-de-irse-y-su-futuro-mas-cercano","status":"publish","type":"post","link":"https:\/\/www.europesays.com\/es\/217400\/","title":{"rendered":"Los \u00faltimos d\u00edas de Guillermo Francos: los rumores, la decisi\u00f3n de irse y su futuro m\u00e1s cercano"},"content":{"rendered":"<p><img alt=\"El ex funcionario junto al\" class=\"global-image\" decoding=\"async\" fetchpriority=\"high\" height=\"1281\" loading=\"eager\" src=\"https:\/\/www.europesays.com\/es\/wp-content\/uploads\/2025\/11\/Y2LAMYPSNJCQNAISZFUKMCZ2O4.jpg\" width=\"1920\"\/>El ex funcionario junto al Presidente (TOMAS CUESTA \/ AFP)<\/p>\n<p class=\"paragraph\">El d\u00eda de las elecciones, el entonces jefe de Gabinete ten\u00eda la certeza de que no iba a continuar en el Gobierno. <b>Guillermo Francos<\/b> se prepar\u00f3 ese domingo para llevar adelante su \u00faltima tarea, en medio de las especulaciones que ya se\u00f1alaban a <b>Manuel Adorni<\/b> como su sucesor.<\/p>\n<p class=\"paragraph\">El funcionario se dirigi\u00f3 temprano al centro de c\u00f3mputos montado en la sede del Correo Argentino, ubicada en el barrio porte\u00f1o de Barracas, pero no estaba vestido con traje, sino con ropa de casa, ya que no pensaba cumplir ning\u00fan acto protocolar.<\/p>\n<p class=\"paragraph\">Su idea era estar en ese lugar hasta que hubiera datos consolidados y posteriormente dirigirse al b\u00fanker de La Libertad Avanza, en el Hotel Libertador, donde se esperaba que hubiera una reuni\u00f3n de la c\u00fapula nacional para definir el futuro de la administraci\u00f3n.<\/p>\n<p class=\"paragraph\">Estuvo acompa\u00f1ado por quien segu\u00eda siendo el ministro del Interior,<b> Lisandro Catal\u00e1n<\/b>, y la directora nacional electoral, <b>Mar\u00eda Luz Alegr\u00eda Landivar<\/b>, quienes ser\u00edan los encargados de transmitir las primeras cifras del escrutinio provisorio.<\/p>\n<p class=\"paragraph\">Por eso, lo tom\u00f3 por sorpresa cuando el presidente <b>Javier Milei <\/b>lo llam\u00f3, justo cuando se estaba yendo del centro de c\u00f3mputos, para pedirle que fuera \u00e9l quien anunciara la victoria del oficialismo, que gan\u00f3 incluso en la provincia de Buenos Aires.<\/p>\n<p><img alt=\"Francos anunci\u00f3 la victoria de\" class=\"global-image\" decoding=\"async\" fetchpriority=\"low\" height=\"1080\" loading=\"lazy\" src=\"https:\/\/www.europesays.com\/es\/wp-content\/uploads\/2025\/11\/KOUEL5R43RCHJFKD42J5HCN2OQ.jpg\" width=\"1920\"\/>Francos anunci\u00f3 la victoria de La Libertad Avanza <\/p>\n<p class=\"paragraph\">Hasta ese entonces, Francos pensaba que ya estaba definido que ser\u00eda reemplazado por Adorni, mientras que el asesor, <b>Santiago Caputo<\/b>, se quedar\u00eda con el Ministerio del Interior, para de esa manera equilibrar el poder en el \u201ctri\u00e1ngulo de hierro\u201d.<\/p>\n<p class=\"paragraph\">La decisi\u00f3n de ese domingo fue interpretada por el jefe de Gabinete como una ratificaci\u00f3n en su cargo, que se intensific\u00f3 cuando el mandatario tambi\u00e9n le encomend\u00f3, d\u00edas m\u00e1s tarde, que organizara el encuentro con los gobernadores.<\/p>\n<p class=\"paragraph\">El hombre, de 76 a\u00f1os, ya ven\u00eda teniendo presiones no solo internas, de otros sectores del Gobierno que cuestionaban su continuidad, sino tambi\u00e9n de su propia familia, que le ped\u00eda que diera un paso al costado para empezar a disfrutar el tiempo con su esposa e hijo, que reci\u00e9n est\u00e1 en edad escolar.<\/p>\n<p class=\"paragraph\">Sin embargo, esta tranquilidad dur\u00f3 poco, ya que esa misma semana volvieron a circular los rumores sobre cambios en la estructura del Poder Ejecutivo, que lo ubicaban afuera del organigrama.<\/p>\n<p class=\"paragraph\">Ante esta incertidumbre, el jueves pasado el funcionario le pidi\u00f3 a Milei una reuni\u00f3n para aclarar las cosas y saber si el Presidente lo iba a tener en cuenta para esta segunda etapa de su gesti\u00f3n, <b>pero no recibi\u00f3 una definici\u00f3n.<\/b><\/p>\n<p><img alt=\"Desde hac\u00eda d\u00edas, circulaba la\" class=\"global-image\" decoding=\"async\" fetchpriority=\"low\" height=\"1080\" loading=\"lazy\" src=\"https:\/\/www.europesays.com\/es\/wp-content\/uploads\/2025\/11\/YUIGRB2BPJGKFL4X7VT3PADQAQ.png\" width=\"1920\"\/>Desde hac\u00eda d\u00edas, circulaba la versi\u00f3n de que Adorni asumir\u00eda en la Jefatura de Gabinete, lo que finalmente sucedi\u00f3 <\/p>\n<p class=\"paragraph\">El viernes, y a pesar de haber sido uno de los principales actores en el reencuentro entre el l\u00edder libertario y <b>Mauricio Macri<\/b>, el jefe de Gabinete <b>no fue invitado a la cena<\/b> que los dos referentes pol\u00edticos mantuvieron en la Quinta de Olivos.<\/p>\n<p class=\"paragraph\">En paralelo, <b>comenz\u00f3 a leer varias notas que insist\u00edan con los trascendidos de que iba a ser expulsado del Gobierno<\/b>, por lo que ya entrada la noche tom\u00f3 la decisi\u00f3n de dejar el cargo, para que el mandatario nacional pudiera comenzar a reorganizar a su equipo.<\/p>\n<p class=\"paragraph\">\u201cAnte los persistentes trascendidos sobre modificaciones en el Gabinete Nacional, me dirijo a Usted con el objeto de presentarle mi renuncia al cargo de Jefe de Gabinete de Ministros, para que pueda afrontar sin condicionamientos la etapa de gobierno que se inicia luego de las elecciones nacionales del pasado 26 de octubre\u201d, escribi\u00f3 el ya saliente funcionario.<\/p>\n<p class=\"paragraph\">Y agreg\u00f3: \u201cPor extra\u00f1a coincidencia, mi primer acto como Ministro del Interior y mi \u00faltimo como Jefe de Gabinete fueron reunir a los Gobernadores de las Provincias con el Poder Ejecutivo Nacional con el objeto de encontrar mecanismos de di\u00e1logo y generaci\u00f3n de consensos, imprescindibles para avanzar en las reformas estructurales que la Argentina necesita\u201d.<\/p>\n<p><img alt=\"La renuncia de Guillermo Francos\" class=\"global-image\" decoding=\"async\" fetchpriority=\"low\" height=\"1080\" loading=\"lazy\" src=\"https:\/\/www.europesays.com\/es\/wp-content\/uploads\/2025\/11\/KW3VJRXCCND7LPIEHMG3ZHM47Y.png\" width=\"1920\"\/>La renuncia de Guillermo Francos <\/p>\n<p class=\"paragraph\">Ya el lunes, <b>Francos no particip\u00f3 de la reuni\u00f3n de Gabinete en la Casa Rosada, en la que s\u00ed estuvo Adorni,<\/b> y varios de los empleados que trabajan con \u00e9l empezaron a recoger sus cosas para dejarles el puesto a sus sucesores.<\/p>\n<p class=\"paragraph\">El hasta ahora vocero pidi\u00f3 tener la misma oficina que su antecesor, aunque \u00e9sta se encuentra en el Ministerio del Interior, en el que asumir\u00e1 en los pr\u00f3ximos d\u00edas <b>Diago Santilli<\/b>, por lo que ambos deben organizarse para saber d\u00f3nde van a estar.<\/p>\n<p class=\"paragraph\">Por su parte, si bien nuevamente circul\u00f3 que a Francos podr\u00edan ofrecerle alguna embajada -en Londres o en Z\u00farich-, no est\u00e1 claro si aceptar\u00eda y otra opci\u00f3n que maneja es regresar a la actividad privada. <\/p>\n<p class=\"paragraph\"><b>El desplazado funcionario visitar\u00e1 este martes por \u00faltima vez Balcarce 50 junto a Catal\u00e1n para reunirse con sus sucesores, Adorni y Santilli<\/b>, respectivamente, y hacer el traspaso de sus \u00e1reas. El encuentro ser\u00e1 por la ma\u00f1ana.<\/p>\n","protected":false},"excerpt":{"rendered":"El ex funcionario junto al Presidente (TOMAS CUESTA \/ AFP) El d\u00eda de las elecciones, el entonces jefe&hellip;\n","protected":false},"author":2,"featured_media":217401,"comment_status":"","ping_status":"","sticky":false,"template":"","format":"standard","meta":{"footnotes":""},"categories":[42],"tags":[17,18,13,14,11,408,61,62,63,64,19,20,9,10,15,16,88,5603,12,21,22,65,66,67],"class_list":{"0":"post-217400","1":"post","2":"type-post","3":"status-publish","4":"format-standard","5":"has-post-thumbnail","7":"category-internacional","8":"tag-breaking-news","9":"tag-breakingnews","10":"tag-featured-news","11":"tag-featurednews","12":"tag-headlines","13":"tag-horizontal","14":"tag-internacional","15":"tag-international","16":"tag-international-news","17":"tag-internationalnews","18":"tag-latest-news","19":"tag-latestnews","20":"tag-news","21":"tag-noticias","22":"tag-noticias-destacadas","23":"tag-noticiasdestacadas","24":"tag-politics","25":"tag-religion","26":"tag-titulares","27":"tag-ultimas-noticias","28":"tag-ultimasnoticias","29":"tag-world","30":"tag-world-news","31":"tag-worldnews"},"share_on_mastodon":{"url":"https:\/\/pubeurope.com\/@es\/115489600069441396","error":""},"_links":{"self":[{"href":"https:\/\/www.europesays.com\/es\/wp-json\/wp\/v2\/posts\/217400","targetHints":{"allow":["GET"]}}],"collection":[{"href":"https:\/\/www.europesays.com\/es\/wp-json\/wp\/v2\/posts"}],"about":[{"href":"https:\/\/www.europesays.com\/es\/wp-json\/wp\/v2\/types\/post"}],"author":[{"embeddable":true,"href":"https:\/\/www.europesays.com\/es\/wp-json\/wp\/v2\/users\/2"}],"replies":[{"embeddable":true,"href":"https:\/\/www.europesays.com\/es\/wp-json\/wp\/v2\/comments?post=217400"}],"version-history":[{"count":0,"href":"https:\/\/www.europesays.com\/es\/wp-json\/wp\/v2\/posts\/217400\/revisions"}],"wp:featuredmedia":[{"embeddable":true,"href":"https:\/\/www.europesays.com\/es\/wp-json\/wp\/v2\/media\/217401"}],"wp:attachment":[{"href":"https:\/\/www.europesays.com\/es\/wp-json\/wp\/v2\/media?parent=217400"}],"wp:term":[{"taxonomy":"category","embeddable":true,"href":"https:\/\/www.europesays.com\/es\/wp-json\/wp\/v2\/categories?post=217400"},{"taxonomy":"post_tag","embeddable":true,"href":"https:\/\/www.europesays.com\/es\/wp-json\/wp\/v2\/tags?post=217400"}],"curies":[{"name":"wp","href":"https:\/\/api.w.org\/{rel}","templated":true}]}}