{"id":217406,"date":"2025-11-04T04:54:25","date_gmt":"2025-11-04T04:54:25","guid":{"rendered":"https:\/\/www.europesays.com\/es\/217406\/"},"modified":"2025-11-04T04:54:25","modified_gmt":"2025-11-04T04:54:25","slug":"la-gran-noche-de-la-reina-sofia-con-alex-gonzalez-y-jose-merce-entre-otros-y-una-emotiva-dedicatoria-de-alaska","status":"publish","type":"post","link":"https:\/\/www.europesays.com\/es\/217406\/","title":{"rendered":"La gran noche de la reina Sof\u00eda, con \u00c1lex Gonz\u00e1lez y Jos\u00e9 Merc\u00e9, entre otros, y una emotiva dedicatoria de Alaska"},"content":{"rendered":"<p id=\"ew8xYvnYUH\" data-wc=\"101\">Como manda la tradici\u00f3n, la reina Sof\u00eda ha presidido la<a class=\"hm-link ho-link\" href=\"https:\/\/www.hola.com\/realeza\/casa_espanola\/20181025131931\/reina-sofia-ovacion-cumpleanos\/\" data-mrf-recirculation=\"article-body-link\" rel=\"nofollow noopener\" target=\"_blank\">\u00a040\u00aa edici\u00f3n de los Premios BMW de Pintura en el Teatro Real,<\/a> una de las citas sociales imprescindibles del oto\u00f1o madrile\u00f1o. El emblem\u00e1tico escenario se ha engalanado para disfrutar de una velada llena de arte, emoci\u00f3n y compromiso, y celebrar las cuatro d\u00e9cadas de unos galardones que se han consolidado como un encuentro al que acuden numerosos rostros destacados del \u00e1mbito cultural, la solidaridad y el talento espa\u00f1ol. Adem\u00e1s, antes de concluir el evento, se ha vivido un momento muy especial con motivo del cumplea\u00f1os de la madre de Felipe VI.\u00a0<\/p>\n<p> <img src=\"https:\/\/www.europesays.com\/es\/wp-content\/uploads\/2025\/11\/15b625e17c57-dlu594089035.jpg\"   width=\"682\" height=\"1024\" loading=\"lazy\" decoding=\"async\" alt=\"Este 2 de noviembre la reina Sof\u00eda cumple 87 a\u00f1os\" fetchpriority=\"auto\" class=\"image ho-image\"\/>\u00a9 GTRESEste 2 de noviembre la reina Sof\u00eda cumpli\u00f3 87 a\u00f1os<\/p>\n<p> <img src=\"https:\/\/www.europesays.com\/es\/wp-content\/uploads\/2025\/11\/cd7d6ab2056d-dlu594069023.jpg\"   width=\"1024\" height=\"683\" loading=\"lazy\" decoding=\"async\" alt=\"La Reina Sof\u00eda llegando a la 40.\u00aa edici\u00f3n de los Premios de Pintura BMW 2025 en Madrid.\" fetchpriority=\"auto\" class=\"image ho-image\"\/>\u00a9 GTRESDo\u00f1a Sof\u00eda ha pasado el d\u00eda en familia, con sus hijos y con los nietos que pudieron desplazarse a Madrid<\/p>\n<p> <img src=\"https:\/\/www.europesays.com\/es\/wp-content\/uploads\/2025\/11\/1754af5de54b-dlu594089012.jpg\"   width=\"682\" height=\"1024\" loading=\"lazy\" decoding=\"async\" alt=\"Este a\u00f1o ha sido muy intenso para ella: ha viajado a Washington, Par\u00eds y Grecia  y ha estado muy pendiente del estado de salud de su hermana, la princesa Irene\" fetchpriority=\"auto\" class=\"image ho-image\"\/>\u00a9 GTRESEste a\u00f1o ha sido muy intenso para ella: ha viajado a Washington, Par\u00eds y Grecia  y ha estado muy pendiente del estado de salud de su hermana, la princesa Irene<\/p>\n<p> <img src=\"https:\/\/www.europesays.com\/es\/wp-content\/uploads\/2025\/11\/77613a219235-la-reina-sofa-ha-presidido-esta-tarde-en-el-teatro-real-madrid-la-40-edicin.jpg\"   width=\"819\" height=\"1024\" loading=\"lazy\" decoding=\"async\" alt=\"Para la ocasi\u00f3n se ha decantado por un traje de falda y blazer en tonos dorados\" fetchpriority=\"auto\" class=\"image ho-image\"\/>\u00a9 casareal.esPara la ocasi\u00f3n se ha decantado por un traje de falda y blazer en tonos dorados<\/p>\n<p id=\"evZcxBBt0P\" data-wc=\"88\">A la hora acordada<a class=\"hm-link ho-link\" href=\"https:\/\/www.hola.com\/realeza\/casa_espanola\/20210929304931\/reina-sofia-preside-inauguracion-temporada-teatro-real\/\" data-mrf-recirculation=\"article-body-link\" rel=\"nofollow noopener\" target=\"_blank\">, los 1.300 invitados\u00a0<\/a>\u2014entre los que se encontraban Naty Abascal, Carmen Lomana, Mar\u00eda Pombo, Blanca Suelves, Beatriz de Orleans, Nuria Gonz\u00e1lez, Luis Medina, Silvia Cu\u00e9tara, Marta Robles, Alejandra Martos, Sandra Gago con Feliciano L\u00f3pez, <strong>Ainhoa Arteta<\/strong> y Pedro Trapote, entre otros,\u2014 han comenzado a llegar al Teatro Real para disfrutar de la gala de los premios, conducida por \u00c1lex Gonz\u00e1lez y Alaska. Una noche que fue mucho m\u00e1s que una simple entrega de galardones<strong>: una celebraci\u00f3n del poder del arte para emocionar y unir.<\/strong><\/p>\n<p> <img src=\"https:\/\/www.europesays.com\/es\/wp-content\/uploads\/2025\/11\/4355b41c3de8-dlu594069006.jpg\"   width=\"682\" height=\"1024\" loading=\"lazy\" decoding=\"async\" alt=\"Naty Abascal llegando a la 40.\u00aa edici\u00f3n de los Premios de Pintura BMW 2025 en Madrid.\" fetchpriority=\"auto\" class=\"image ho-image\"\/>\u00a9 GTRESNaty Abascal<\/p>\n<p> <img src=\"https:\/\/www.europesays.com\/es\/wp-content\/uploads\/2025\/11\/4f76b5ade6e1-dlu594069018.jpg\"   width=\"682\" height=\"1024\" loading=\"lazy\" decoding=\"async\" alt=\"40.\u00aa edici\u00f3n de los Premios de Pintura BMW 2025 en Madrid.\" fetchpriority=\"auto\" class=\"image ho-image\"\/>\u00a9 GTRESBlanca Suelves<\/p>\n<p> <img src=\"https:\/\/www.europesays.com\/es\/wp-content\/uploads\/2025\/11\/c44b053677c4-dlu594069012.jpg\"   width=\"682\" height=\"1024\" loading=\"lazy\" decoding=\"async\" alt=\"40.\u00aa edici\u00f3n de los Premios de Pintura BMW 2025 en Madrid.\" fetchpriority=\"auto\" class=\"image ho-image\"\/>\u00a9 GTRESFeliciano L\u00f3pez y Sandra Gago<\/p>\n<p> <img src=\"https:\/\/www.europesays.com\/es\/wp-content\/uploads\/2025\/11\/22f46ba52832-dlu594069016.jpg\"   width=\"682\" height=\"1024\" loading=\"lazy\" decoding=\"async\" alt=\"Nuria Gonz\u00e1lez llegando a la 40.\u00aa edici\u00f3n de los Premios de Pintura BMW 2025 en Madrid.\" fetchpriority=\"auto\" class=\"image ho-image\"\/>\u00a9 GTRESNuria Gonz\u00e1lez<\/p>\n<p> <img src=\"https:\/\/www.europesays.com\/es\/wp-content\/uploads\/2025\/11\/5e2a725041f3-dlu594069001-1.jpg\"   width=\"682\" height=\"1024\" loading=\"lazy\" decoding=\"async\" alt=\"40.\u00aa edici\u00f3n de los Premios de Pintura BMW 2025 en Madrid.\" fetchpriority=\"auto\" class=\"image ho-image\"\/>\u00a9 GTRESBeatriz de Orleans<\/p>\n<p> <img src=\"https:\/\/www.europesays.com\/es\/wp-content\/uploads\/2025\/11\/ee87225b5a4d-dlu594069014.jpg\"   width=\"682\" height=\"1024\" loading=\"lazy\" decoding=\"async\" alt=\"40.\u00aa edici\u00f3n de los Premios de Pintura BMW 2025 en Madrid.\" fetchpriority=\"auto\" class=\"image ho-image\"\/>\u00a9 GTRESEmiliano Su\u00e1rez y Carola Baleztena <\/p>\n<p> <img src=\"https:\/\/www.europesays.com\/es\/wp-content\/uploads\/2025\/11\/216cd2d3a8dd-dlu594069008.jpg\"   width=\"682\" height=\"1024\" loading=\"lazy\" decoding=\"async\" alt=\"Carmen Lomana llegando a la 40.\u00aa edici\u00f3n de los Premios de Pintura BMW 2025 en Madrid.\" fetchpriority=\"auto\" class=\"image ho-image\"\/>\u00a9 GTRESCarmen Lomana<\/p>\n<p> <img src=\"https:\/\/www.europesays.com\/es\/wp-content\/uploads\/2025\/11\/9a278550899b-dlu594069002.jpg\"   width=\"682\" height=\"1024\" loading=\"lazy\" decoding=\"async\" alt=\"Ainhoa Arteta\" fetchpriority=\"auto\" class=\"image ho-image\"\/>\u00a9 GTRESAinhoa Arteta<\/p>\n<p id=\"exjlSLRcnI\" data-wc=\"107\">Una velada dedicada a rendir homenaje a la reina Sof\u00eda. La madre de Felipe VI lleg\u00f3 al Teatro Real con una gran sonrisa y, antes de cruzar la entrada, fue vitoreada y felicitada por los ciudadanos congregados en los aleda\u00f1os del teatro. Ya en el interior, recorri\u00f3 la exposici\u00f3n de las 12 obras finalistas antes de ocupar su asiento en las sillas granate del teatro. Cabe recordar que este pasado 2 de noviembre fue el cumplea\u00f1os de do\u00f1a Sof\u00eda; sin embargo, esta cita ha tenido un matiz agridulce, pues por primera vez su hermana, Irene de Grecia \u2014gran amante del arte y la cultura\u2014, no pudo acompa\u00f1arla.<\/p>\n<p> <img src=\"https:\/\/www.europesays.com\/es\/wp-content\/uploads\/2025\/11\/73194544d0fd-europapress7074537reinadonasofiapresideentregapremiobmwpinturayposteri.jpg\"   width=\"1024\" height=\"696\" loading=\"lazy\" decoding=\"async\" alt=\"&#10;\" fetchpriority=\"auto\" class=\"image ho-image\"\/>\u00a9 Europa PressAcaba de regresar de Oviedo para cumplir con los Premios Princesa de Asturias<\/p>\n<p> <img src=\"https:\/\/www.europesays.com\/es\/wp-content\/uploads\/2025\/11\/85f696454352-europapress7074542reinadonasofiapresideentregapremiobmwpinturayposteri.jpg\"   width=\"1024\" height=\"696\" loading=\"lazy\" decoding=\"async\" alt=\"&#10;Jos\u00c3\u00a9 Oliva \/ Europa Press&#10;PREMIO;TEATRO REAL;GENTE&#10;03\/11\/2025\" fetchpriority=\"auto\" class=\"image ho-image\"\/>\u00a9 Europa PressTampoco ha faltado a la entrega de Premios Sociales de la Fundaci\u00f3n Mapfre, donde coincidi\u00f3 con la infanta Elena y tiene una agenda internacional importante, este a\u00f1o con viajes a Washington y a Par\u00eds<\/p>\n<p> <img src=\"https:\/\/www.europesays.com\/es\/wp-content\/uploads\/2025\/11\/3a5c1c0875af-la-reina-sofa-ha-presidido-esta-tarde-en-el-teatro-real-madrid-la-40-edicin.jpg\"   width=\"819\" height=\"1024\" loading=\"lazy\" decoding=\"async\" alt=\"\u00c1lex Gonz\u00e1lez record\u00f3 que &quot;la cultura no es un lujo, es una necesidad&quot;\" fetchpriority=\"auto\" class=\"image ho-image\"\/>\u00a9 casareal.es\u00c1lex Gonz\u00e1lez record\u00f3 que \u00abla cultura no es un lujo, es una necesidad\u00bb<\/p>\n<p id=\"eN6ZQYUNVpo\" data-wc=\"93\">El evento ha querido rendir homenaje a la cultura espa\u00f1ola. Desde el escenario, \u00c1lex Gonz\u00e1lez record\u00f3 que \u00abla cultura no es un lujo, es una necesidad. Es el alma de un pueblo, lo que nos une cuando todo parece dividirnos\u00bb. La cantante Alaska, por su parte, evoc\u00f3 la energ\u00eda de la <strong>Movida<\/strong> \u2014surgida en los a\u00f1os en que naci\u00f3 tambi\u00e9n el Premio BMW de Pintura\u2014 y <a class=\"hm-link ho-link\" href=\"https:\/\/www.hola.com\/realeza\/casa_espanola\/20210923196543\/dona-sofia-inaugura-temporada-teatro-real\/\" data-mrf-recirculation=\"article-body-link\" rel=\"nofollow noopener\" target=\"_blank\">destac\u00f3 la vitalidad cultural de nuestro pa\u00eds<\/a>: \u201cLa cultura es nuestra revoluci\u00f3n m\u00e1s bella. Nos ense\u00f1a a mirar hacia adelante sin miedo y a celebrar la diferencia\u00bb.<\/p>\n<p> <img src=\"https:\/\/www.europesays.com\/es\/wp-content\/uploads\/2025\/11\/b2f810cd6a28-la-reina-sofa-ha-presidido-esta-tarde-en-el-teatro-real-madrid-la-40-edicin.jpg\"   width=\"819\" height=\"1024\" loading=\"lazy\" decoding=\"async\" alt=\"La reina Sof\u00eda arropado de los invitados\" fetchpriority=\"auto\" class=\"image ho-image\"\/>\u00a9 casareal.esLa reina Sof\u00eda arropado de los invitados<\/p>\n<p> <img src=\"https:\/\/www.europesays.com\/es\/wp-content\/uploads\/2025\/11\/411d2339d571-europapress7074325alaskaasisteentregapremiobmwpinturayposteriorconciert.jpg\"   width=\"682\" height=\"1024\" loading=\"lazy\" decoding=\"async\" alt=\"Alaska ha dedicado unas emotivas palabras a la reina Sof\u00eda\" fetchpriority=\"auto\" class=\"image ho-image\"\/>\u00a9 Europa PressAlaska ha dedicado unas emotivas palabras a la reina Sof\u00eda<\/p>\n<p> <img src=\"https:\/\/www.europesays.com\/es\/wp-content\/uploads\/2025\/11\/b72bf65a815d-europapress7074319alexgonzalezasisteentregapremiobmwpinturayposteriorc.jpg\"   width=\"680\" height=\"1024\" loading=\"lazy\" decoding=\"async\" alt=\"\u00c1lex Gonz\u00e1lez ha sido el encargado de presentar la gala\" fetchpriority=\"auto\" class=\"image ho-image\"\/>\u00a9 Europa Press\u00c1lex Gonz\u00e1lez ha sido el encargado de presentar la gala<\/p>\n<p> <img src=\"https:\/\/www.europesays.com\/es\/wp-content\/uploads\/2025\/11\/19c19ac5b7a4-europapress7074546margarciavaqueropedrotrapoteasistenentregapremiobmw.jpg\"   width=\"649\" height=\"1024\" loading=\"lazy\" decoding=\"async\" alt=\"Mar Garc\u00eda Vaquero y Pedro Trapote\" fetchpriority=\"auto\" class=\"image ho-image\"\/>\u00a9 Europa PressMar Garc\u00eda Vaquero y Pedro Trapote<\/p>\n<p> <img src=\"https:\/\/www.europesays.com\/es\/wp-content\/uploads\/2025\/11\/4de34428b7a4-europapress7074336alejandramartosasisteentregapremiobmwpinturayposterio.jpg\"   width=\"662\" height=\"1024\" loading=\"lazy\" decoding=\"async\" alt=\"Alejandra Martos &#10;\" fetchpriority=\"auto\" class=\"image ho-image\"\/>\u00a9 Europa PressAlejandra Martos <\/p>\n<p id=\"eHHyetY5nB\" data-wc=\"112\">El gran momento de la velada ha llegado cuando la int\u00e9rprete de Ni t\u00fa ni nadie, \u00bfA qui\u00e9n le importa? o\u00a0Mil campanas ha dedicado unas emotivas palabras a la reina Sof\u00eda. \u00abSu compromiso con la cultura, con el arte, con el desarrollo del talento y con los m\u00e1s desfavorecidos es extraordinario. Cuando un pa\u00eds cuida sus artes, est\u00e1 cuidando su alma\u00bb, ha comenzado diciendo. A continuaci\u00f3n, ha querido felicitarla p\u00fablicamente por su cumplea\u00f1os, dando paso a la interpretaci\u00f3n del Cumplea\u00f1os feliz por parte de la Orquesta de Radio Televisi\u00f3n Espa\u00f1ola, un gesto que culmin\u00f3 en un espont\u00e1neo momento con todo el p\u00fablico en pie, aplaudiendo a la madre de don Felipe.<\/p>\n<p> <img src=\"https:\/\/www.europesays.com\/es\/wp-content\/uploads\/2025\/11\/85d78e153f81-europapress7074534reinadonasofiapresideentregapremiobmwpinturayposteri.jpg\"   width=\"1024\" height=\"676\" loading=\"lazy\" decoding=\"async\" alt=\"&#10;Jos\u00c3\u00a9 Oliva \/ Europa Press&#10;PREMIO;TEATRO REAL;GENTE&#10;03\/11\/2025\" fetchpriority=\"auto\" class=\"image ho-image\"\/>\u00a9 Europa PressA principios de a\u00f1o su hijo le concedi\u00f3 la distinci\u00f3n del Tois\u00f3n de Oro, por su dedicaci\u00f3n y entrega al servicio de Espa\u00f1a y la Corona<\/p>\n<p> <img src=\"https:\/\/www.europesays.com\/es\/wp-content\/uploads\/2025\/11\/72c2b1b8588c-europapress7074531reinadonasofiapresideentregapremiobmwpinturayposteri.jpg\"   width=\"1024\" height=\"671\" loading=\"lazy\" decoding=\"async\" alt=\"Hace tan solo unos d\u00edas recibi\u00f3 una gran ovaci\u00f3n en los Premios Princesa de Asturias\" fetchpriority=\"auto\" class=\"image ho-image\"\/>\u00a9 Europa PressHace tan solo unos d\u00edas recibi\u00f3 una gran ovaci\u00f3n en los Premios Princesa de Asturias<\/p>\n<p id=\"eL_-eP249d\" data-wc=\"71\">Otro de los grandes momentos de la gala ha sido el espect\u00e1culo musical de la Orquesta Sinf\u00f3nica RTVE, dirigida por Salvador V\u00e1zquez, junto al D\u00fao del Valle, Antonio Najarro y Jos\u00e9 Merc\u00e9. Juntos han ofrecido un recorrido emocional por la creaci\u00f3n espa\u00f1ola de las \u00faltimas cuatro d\u00e9cadas, desde Falla hasta Manuel Alejandro, que culmin\u00f3 con una emotiva interpretaci\u00f3n de<strong>\u00a0Se nos rompi\u00f3 el amor, de Merc\u00e9, en homenaje a Roc\u00edo Jurado.\u00a0<\/strong><\/p>\n<p> <img src=\"https:\/\/www.europesays.com\/es\/wp-content\/uploads\/2025\/11\/b01c4c26e1c9-europapress7074612reinadonasofiapresideentregapremiobmwpinturayposteri.jpg\"   width=\"1024\" height=\"702\" loading=\"lazy\" decoding=\"async\" alt=\"Media Image\" fetchpriority=\"auto\" class=\"image ho-image\"\/>\u00a9 Europa Press<\/p>\n<p> <img src=\"https:\/\/www.europesays.com\/es\/wp-content\/uploads\/2025\/11\/601184a9b9b9-europapress7074569reinadonasofiasaludaainhoaartetamiradafelicianolopez.jpg\"   width=\"1024\" height=\"687\" loading=\"lazy\" decoding=\"async\" alt=\"&#10;Jos\u00c3\u00a9 Oliva \/ Europa Press&#10;PREMIO;TEATRO REAL;GENTE&#10;03\/11\/2025\" fetchpriority=\"auto\" class=\"image ho-image\"\/>\u00a9 Europa Press<\/p>\n<p id=\"eLU1NFlLdT\" data-wc=\"83\">Entre las intervenciones de la noche ha destacado la del presidente mundial del Grupo BMW, Oliver Zipse, quien ha subrayado el papel de la cultura como motor de desarrollo social y como elemento esencial para tender puentes entre personas, generaciones y comunidades. Por su parte, el presidente ejecutivo de BMW Group Espa\u00f1a y Portugal, Manuel Terroba, ha afirmado que \u00abcuarenta a\u00f1os sosteniendo un compromiso no es casualidad: es la demostraci\u00f3n de que arte, innovaci\u00f3n y sociedad pueden y deben avanzar de la mano\u00bb.<\/p>\n<p> <img src=\"https:\/\/www.europesays.com\/es\/wp-content\/uploads\/2025\/11\/e4a3bc0314ad-dlu594089003.jpg\"   width=\"1024\" height=\"682\" loading=\"lazy\" decoding=\"async\" alt=\"Media Image\" fetchpriority=\"auto\" class=\"image ho-image\"\/>\u00a9 GTRES<br \/>\nLos premiados<\/p>\n<p id=\"eSRNzxuN8P5X\" data-wc=\"144\">En esta 40.\u00aa edici\u00f3n, la artista navarra Amaya Suberviola se ha alzado con el Premio BMW de Pintura gracias a su obra ST25061, una creaci\u00f3n que ha destacado por su originalidad y fuerza expresiva. Por su parte, el madrile\u00f1o Chino Moya ha sido galardonado en la categor\u00eda de Arte Digital con Metapope, un proyecto que combina innovaci\u00f3n tecnol\u00f3gica y sensibilidad art\u00edstica. Las obras de ambos, junto con las de los finalistas, formar\u00e1n parte de la exposici\u00f3n del 40.\u00ba Premio BMW de Pintura, un recorrido que permitir\u00e1 al p\u00fablico disfrutar de lo m\u00e1s destacado de la creaci\u00f3n contempor\u00e1nea espa\u00f1ola de los \u00faltimos a\u00f1os. La muestra podr\u00e1 visitarse en el Centro Conde Duque de Madrid desde el 20 de noviembre de 2025 hasta finales de enero de 2026, ofreciendo as\u00ed una oportunidad \u00fanica para acercarse al talento y la creatividad de los artistas premiados y finalistas.<\/p>\n<p> <img src=\"https:\/\/www.europesays.com\/es\/wp-content\/uploads\/2025\/11\/e3a31ec6619b-europapress7074611reinadonasofiapresideentregapremiobmwpinturayposteri.jpg\"   width=\"1024\" height=\"682\" loading=\"lazy\" decoding=\"async\" alt=\"Media Image\" fetchpriority=\"auto\" class=\"image ho-image\"\/>\u00a9 Europa Press<\/p>\n<p> <img src=\"https:\/\/www.europesays.com\/es\/wp-content\/uploads\/2025\/11\/c842fc401b35-dlu594089030.jpg\"   width=\"1024\" height=\"682\" loading=\"lazy\" decoding=\"async\" alt=\"Media Image\" fetchpriority=\"auto\" class=\"image ho-image\"\/>\u00a9 GTRES<\/p>\n<p id=\"elsTzsQRUVuk\" data-wc=\"96\">Con el car\u00e1cter solidario que caracteriza a este premio, el Grupo BMW ha realizado una donaci\u00f3n al Banco de Alimentos, destinada espec\u00edficamente a los menores de 12 a\u00f1os. Un gesto que cobra a\u00fan m\u00e1s relevancia al recordar que, en Espa\u00f1a, cerca de un mill\u00f3n de personas necesitan ayuda para cubrir sus necesidades b\u00e1sicas de alimentaci\u00f3n, y que aproximadamente un 30\u202f% de ellas son ni\u00f1os. Esta acci\u00f3n refuerza el compromiso del grupo con la sociedad y subraya c\u00f3mo la cultura y la solidaridad pueden ir de la mano, generando un impacto positivo en quienes m\u00e1s lo necesitan.<\/p>\n<p> <img src=\"https:\/\/www.europesays.com\/es\/wp-content\/uploads\/2025\/11\/894c360d0e16-dlu594089008.jpg\"   width=\"1024\" height=\"682\" loading=\"lazy\" decoding=\"async\" alt=\"Media Image\" fetchpriority=\"auto\" class=\"image ho-image\"\/>\u00a9 GTRES<\/p>\n<p> <img src=\"https:\/\/www.europesays.com\/es\/wp-content\/uploads\/2025\/11\/fee1a5775afd-dlu594089028.jpg\"   width=\"1024\" height=\"682\" loading=\"lazy\" decoding=\"async\" alt=\"Media Image\" fetchpriority=\"auto\" class=\"image ho-image\"\/>\u00a9 GTRES<\/p>\n<p id=\"epOQ3OOp9z7\" data-wc=\"0\">\u00a0<\/p>\n","protected":false},"excerpt":{"rendered":"Como manda la tradici\u00f3n, la reina Sof\u00eda ha presidido la\u00a040\u00aa edici\u00f3n de los Premios BMW de Pintura en&hellip;\n","protected":false},"author":2,"featured_media":217407,"comment_status":"","ping_status":"","sticky":false,"template":"","format":"standard","meta":{"footnotes":""},"categories":[174],"tags":[255,146,147,25,24,256,1027,1029,11789,23],"class_list":{"0":"post-217406","1":"post","2":"type-post","3":"status-publish","4":"format-standard","5":"has-post-thumbnail","7":"category-famosos","8":"tag-celebrities","9":"tag-entertainment","10":"tag-entretenimiento","11":"tag-es","12":"tag-espana","13":"tag-famosos","14":"tag-realeza","15":"tag-realeza-espanola","16":"tag-reina-sofia","17":"tag-spain"},"share_on_mastodon":{"url":"https:\/\/pubeurope.com\/@es\/115489647769286880","error":""},"_links":{"self":[{"href":"https:\/\/www.europesays.com\/es\/wp-json\/wp\/v2\/posts\/217406","targetHints":{"allow":["GET"]}}],"collection":[{"href":"https:\/\/www.europesays.com\/es\/wp-json\/wp\/v2\/posts"}],"about":[{"href":"https:\/\/www.europesays.com\/es\/wp-json\/wp\/v2\/types\/post"}],"author":[{"embeddable":true,"href":"https:\/\/www.europesays.com\/es\/wp-json\/wp\/v2\/users\/2"}],"replies":[{"embeddable":true,"href":"https:\/\/www.europesays.com\/es\/wp-json\/wp\/v2\/comments?post=217406"}],"version-history":[{"count":0,"href":"https:\/\/www.europesays.com\/es\/wp-json\/wp\/v2\/posts\/217406\/revisions"}],"wp:featuredmedia":[{"embeddable":true,"href":"https:\/\/www.europesays.com\/es\/wp-json\/wp\/v2\/media\/217407"}],"wp:attachment":[{"href":"https:\/\/www.europesays.com\/es\/wp-json\/wp\/v2\/media?parent=217406"}],"wp:term":[{"taxonomy":"category","embeddable":true,"href":"https:\/\/www.europesays.com\/es\/wp-json\/wp\/v2\/categories?post=217406"},{"taxonomy":"post_tag","embeddable":true,"href":"https:\/\/www.europesays.com\/es\/wp-json\/wp\/v2\/tags?post=217406"}],"curies":[{"name":"wp","href":"https:\/\/api.w.org\/{rel}","templated":true}]}}