{"id":217553,"date":"2025-11-04T07:15:16","date_gmt":"2025-11-04T07:15:16","guid":{"rendered":"https:\/\/www.europesays.com\/es\/217553\/"},"modified":"2025-11-04T07:15:16","modified_gmt":"2025-11-04T07:15:16","slug":"como-votar-por-el-granjero-que-quieres-que-duerma-con-el-capataz-hoy-3-de-noviembre","status":"publish","type":"post","link":"https:\/\/www.europesays.com\/es\/217553\/","title":{"rendered":"\u00bfC\u00f3mo votar por el granjero que quieres que duerma con El Capataz, hoy 3 de noviembre?"},"content":{"rendered":"<p>Hoy inici\u00f3 una semana m\u00e1s de <a class=\"Link \" href=\"https:\/\/www.tvazteca.com\/aztecauno\/la-granja-vip\/en-vivo-noviembre-gala-eliminado#La Granja VIP\" target=\"_blank\" rel=\"nofollow noopener\"><b>La Granja VIP<\/b><\/a> y las emociones no se detienen, pues <b>hemos pasado d\u00edas intensos y otros m\u00e1s llenos de sorpresas<\/b>, donde nos ha quedado claro que cualquier cosa puede pasar y definir el destino de nuestros granjeros dentro de este reality.<\/p>\n<p>Ya hemos visto a <b>Sergio Mayer Mori<\/b> siendo El Capataz y pasando noches junto al granjero <b>Teo<\/b>; y en esta \u00faltima, <b>La Bea<\/b> comparti\u00f3 habitaci\u00f3n con <b>Alberto \u201cEl Patr\u00f3n\u201d Del R\u00edo<\/b>, hechos que nos dieron grandes y emocionantes momentos, pero <b>\u00bfQui\u00e9n pasar\u00e1 la noche con \u00e9l o la Capataz esta semana? T\u00da tienes el poder de decidirlo.<\/b><\/p>\n<p>\u00bfC\u00f3mo votar para elegir qui\u00e9n dormir\u00e1 con El Capataz?\n<\/p>\n<p>Puedes votar a trav\u00e9s de nuestro sitio web oficial de Azteca UNO o mediante la app TV Azteca En Vivo. En cuanto las votaciones indicadas por nuestro conductor Adal Ramones se abran, recuerda que tienes <b>10 votos<\/b> y la posibilidad de conseguir <b>10 votos EXTRAS.<\/b><\/p>\n<p>Paso a paso para votar en el sitio web\n<\/p>\n<p>Da click en el siguiente link: <a class=\"Link \" href=\"https:\/\/www.tvazteca.com\/aztecauno\/la-granja-vip\/vota\" rel=\"nofollow noopener\" target=\"_blank\"><b>https:\/\/www.tvazteca.com\/aztecauno\/la-granja-vip\/vota<\/b><\/a><br \/>En seguida podr\u00e1s encontrar la opci\u00f3n que te permitir\u00e1 de votar por los granjeros elegibles (recuerda que <b>NO puedes votar por El Capataz ni por los peones<\/b>), quienes esta semana son: Lis Vega, La Bea, Lola Cort\u00e9s y Alberto \u00abEl Patr\u00f3n\u00bb Del R\u00edo. <br \/><b>Tienes 10 votos para repartir o para dar a un solo participante.<\/b><\/p>\n<p>Te recordamos que si respondes a una encuesta breve al finalizar, <a class=\"Link \" href=\"https:\/\/www.tvazteca.com\/aztecauno\/la-granja-vip\/como-conseguir-votos-extra-para-votar-en-la-granja-vip-mexico\" target=\"_blank\" rel=\"nofollow noopener\"><b>puedes desbloquear 10 votos m\u00e1s.<\/b><\/a><\/p>\n<p>Paso a paso para votar en la app\n<\/p>\n<p>Accede al siguiente link para poder descargar la app <b>TVAztecaEnVivo:<\/b> <a class=\"Link \" href=\"https:\/\/www.tvazteca.com\/aztecauno\/la-granja-vip\/vota\" rel=\"nofollow noopener\" target=\"_blank\"><b>https:\/\/www.tvazteca.com\/aztecauno\/la-granja-vip\/vota<\/b><\/a><\/p>\n<p>Es importante que sepas que adem\u00e1s de poder votar en esta app, tambi\u00e9n <b>podr\u00e1s ver contenido completamente gratis<\/b> y enterarte de m\u00e1s detalles de lo que pasa dentro de <b>La Granja VIP.<\/b><br \/>Dir\u00edgete al apartado del reality show, en la app.<br \/><b>Otorga tus 10 votos diarios.<\/b><br \/>Y si contestas una encuesta breve al finalizar, <b>puedes desbloquear 10 votos m\u00e1s.<\/b><\/p>\n","protected":false},"excerpt":{"rendered":"Hoy inici\u00f3 una semana m\u00e1s de La Granja VIP y las emociones no se detienen, pues hemos pasado&hellip;\n","protected":false},"author":2,"featured_media":217554,"comment_status":"","ping_status":"","sticky":false,"template":"","format":"standard","meta":{"footnotes":""},"categories":[171],"tags":[58287,58286,146,147,25,24,19991,58281,58282,58283,58284,58285,23,214,58288,58289],"class_list":{"0":"post-217553","1":"post","2":"type-post","3":"status-publish","4":"format-standard","5":"has-post-thumbnail","7":"category-tv","8":"tag-como-votar-en-la-granja","9":"tag-como-votar-en-la-granja-vip","10":"tag-entertainment","11":"tag-entretenimiento","12":"tag-es","13":"tag-espana","14":"tag-la-granja-vip","15":"tag-la-granja-vip-alfredo-adame","16":"tag-la-granja-vip-capataz","17":"tag-la-granja-vip-en-vivo","18":"tag-la-granja-vip-noche-con-el-capataz","19":"tag-la-granja-vip-votar","20":"tag-spain","21":"tag-tv","22":"tag-votaciones-la-granja-vip","23":"tag-votar-en-la-granja-vip"},"share_on_mastodon":{"url":"https:\/\/pubeurope.com\/@es\/115490201520113898","error":""},"_links":{"self":[{"href":"https:\/\/www.europesays.com\/es\/wp-json\/wp\/v2\/posts\/217553","targetHints":{"allow":["GET"]}}],"collection":[{"href":"https:\/\/www.europesays.com\/es\/wp-json\/wp\/v2\/posts"}],"about":[{"href":"https:\/\/www.europesays.com\/es\/wp-json\/wp\/v2\/types\/post"}],"author":[{"embeddable":true,"href":"https:\/\/www.europesays.com\/es\/wp-json\/wp\/v2\/users\/2"}],"replies":[{"embeddable":true,"href":"https:\/\/www.europesays.com\/es\/wp-json\/wp\/v2\/comments?post=217553"}],"version-history":[{"count":0,"href":"https:\/\/www.europesays.com\/es\/wp-json\/wp\/v2\/posts\/217553\/revisions"}],"wp:featuredmedia":[{"embeddable":true,"href":"https:\/\/www.europesays.com\/es\/wp-json\/wp\/v2\/media\/217554"}],"wp:attachment":[{"href":"https:\/\/www.europesays.com\/es\/wp-json\/wp\/v2\/media?parent=217553"}],"wp:term":[{"taxonomy":"category","embeddable":true,"href":"https:\/\/www.europesays.com\/es\/wp-json\/wp\/v2\/categories?post=217553"},{"taxonomy":"post_tag","embeddable":true,"href":"https:\/\/www.europesays.com\/es\/wp-json\/wp\/v2\/tags?post=217553"}],"curies":[{"name":"wp","href":"https:\/\/api.w.org\/{rel}","templated":true}]}}