{"id":217572,"date":"2025-11-04T07:31:08","date_gmt":"2025-11-04T07:31:08","guid":{"rendered":"https:\/\/www.europesays.com\/es\/217572\/"},"modified":"2025-11-04T07:31:08","modified_gmt":"2025-11-04T07:31:08","slug":"van-der-poel-se-deja-ver-con-un-nuevo-prototipo-de-canyon","status":"publish","type":"post","link":"https:\/\/www.europesays.com\/es\/217572\/","title":{"rendered":"Van der Poel se deja ver con un nuevo prototipo de Canyon"},"content":{"rendered":"<p>El campe\u00f3n neerland\u00e9s Mathieu van der Poel ha retomado sus entrenamientos desde su residencia en Alicante tras varias semanas de descanso. Y en sus \u00faltimas publicaciones de Instagram se le ha visto <strong>rodando con una bicicleta Canyon in\u00e9dita<\/strong>, diferente a cualquier modelo de carretera que la marca alemana tenga actualmente en su cat\u00e1logo.<\/p>\n<p>Las im\u00e1genes, difundidas en las redes tanto por Van der Poel como por algunos de sus compa\u00f1eros de entrenamiento, como Freddy Ovett o Laurens Vanthoor, muestran una bicicleta con varias modificaciones visibles respecto a los modelos Aeroad y Ultimate.<\/p>\n<p><img class=\" lazyload\" border=\"0\" alt=\"Van der Poel se deja ver con un nuevo prototipo de Canyon\" width=\"970\" height=\"720\"  data-\/>&#13;<br \/>\nLa Canyon in\u00e9dita con la que Van der Poel se ha dejado ver entrenando&#13;<\/p>\n<p>Se aprecia un <strong>nuevo dise\u00f1o de manillar con una parte superior adelantada,<\/strong> diferente al cockpit integrado \u201cPace\u201d que Canyon present\u00f3 este a\u00f1o para la Ultimate. El\u00a0<strong>tri\u00e1ngulo trasero tambi\u00e9n parece \u00a0redise\u00f1ado<\/strong>, con tirantes m\u00e1s bajos y aparentemente un <strong>mayor paso de rueda<\/strong>. Y parece que <strong>la\u00a0integraci\u00f3n de cables ahora es a\u00fan m\u00e1s limpia.<\/strong><\/p>\n<blockquote class=\"instagram-media\" style=\"background: #FFF; border: 0; border-radius: 3px; box-shadow: 0 0 1px 0 rgba(0,0,0,0.5),0 1px 10px 0 rgba(0,0,0,0.15); margin: 1px; max-width: 540px; min-width: 326px; padding: 0; width: calc(100% - 2px);\" data-instgrm-captioned=\"\" data-instgrm-permalink=\"https:\/\/www.instagram.com\/reel\/DQZVVE9jBkL\/?utm_source=ig_embed&amp;utm_campaign=loading\" data-instgrm-version=\"14\"><p>&#13;<br \/>\n&#13;\n<\/p><\/blockquote>\n<p>La Canyon Aeroad CFR se renov\u00f3 hace apenas un a\u00f1o y sigue siendo la m\u00e1quina de referencia del equipo Alpecin-Deceuninck en casi cualquier competici\u00f3n, por lo que un relevo tan temprano parece poco probable. En cambio, el calendario de lanzamientos de la marca s\u00ed apunta a que la Ultimate estar\u00eda cerca de recibir una actualizaci\u00f3n, lo que encajar\u00eda con el momento actual de desarrollo.<\/p>\n<p>Sin embargo, <strong>la tendencia del mercado, con ejemplos como <a href=\"https:\/\/www.brujulabike.com\/trek-madone-gen-8-2024-rapida-ligera-montajes-precios\/\" rel=\"nofollow noopener\" target=\"_blank\">la Trek Madone Gen 8<\/a> o la <a href=\"https:\/\/www.brujulabike.com\/aero-69-kg-ganar-campeonato-del-mundo-asi-colnago-y1rs-version-especial-pogacar\/\" rel=\"nofollow noopener\" target=\"_blank\">Colnago Y1Rs,<\/a>\u00a0podr\u00eda haber llevado a Canyon a crear una bicicleta \u201ctodo en uno\u201d, que combine las ventajas aerodin\u00e1micas de la Aeroad con la eficiencia en escalada de la Ultimate.<\/strong><\/p>\n<p>Lo que si parece <strong>confirmado es que Van der Poel est\u00e1 rodando con una bici completamente in\u00e9dita hasta ahora<\/strong>, ya que Canyon respond\u00eda as\u00ed al medio road.cc sobre esta aparici\u00f3n en redes: \u00abAl igual que en la F\u00f3rmula 1, la plataforma CFR est\u00e1 en constante desarrollo junto a nuestros atletas.\u00bb\u00a0<\/p>\n<p><img class=\" lazyload\" border=\"0\" alt=\"Van der Poel se deja ver con un nuevo prototipo de Canyon\" width=\"691\" height=\"833\"  data-\/>&#13;<br \/>\nCaptura de la @cyclingspy en el que se aprecia un paso de rueda mayor&#13;<\/p>\n<p>Una respuesta que deja la puerta abierta a que se trate de <strong>un prototipo en fase de pruebas antes de su presentaci\u00f3n oficial.<\/strong><\/p>\n<p>                                            <script async src=\"\/\/www.instagram.com\/embed.js\"><\/script><\/p>\n","protected":false},"excerpt":{"rendered":"El campe\u00f3n neerland\u00e9s Mathieu van der Poel ha retomado sus entrenamientos desde su residencia en Alicante tras varias&hellip;\n","protected":false},"author":2,"featured_media":217573,"comment_status":"","ping_status":"","sticky":false,"template":"","format":"standard","meta":{"footnotes":""},"categories":[273],"tags":[313,312,168,25,24,23,167],"class_list":{"0":"post-217572","1":"post","2":"type-post","3":"status-publish","4":"format-standard","5":"has-post-thumbnail","7":"category-ciclismo","8":"tag-ciclismo","9":"tag-cycling","10":"tag-deportes","11":"tag-es","12":"tag-espana","13":"tag-spain","14":"tag-sports"},"share_on_mastodon":{"url":"https:\/\/pubeurope.com\/@es\/115490264400791716","error":""},"_links":{"self":[{"href":"https:\/\/www.europesays.com\/es\/wp-json\/wp\/v2\/posts\/217572","targetHints":{"allow":["GET"]}}],"collection":[{"href":"https:\/\/www.europesays.com\/es\/wp-json\/wp\/v2\/posts"}],"about":[{"href":"https:\/\/www.europesays.com\/es\/wp-json\/wp\/v2\/types\/post"}],"author":[{"embeddable":true,"href":"https:\/\/www.europesays.com\/es\/wp-json\/wp\/v2\/users\/2"}],"replies":[{"embeddable":true,"href":"https:\/\/www.europesays.com\/es\/wp-json\/wp\/v2\/comments?post=217572"}],"version-history":[{"count":0,"href":"https:\/\/www.europesays.com\/es\/wp-json\/wp\/v2\/posts\/217572\/revisions"}],"wp:featuredmedia":[{"embeddable":true,"href":"https:\/\/www.europesays.com\/es\/wp-json\/wp\/v2\/media\/217573"}],"wp:attachment":[{"href":"https:\/\/www.europesays.com\/es\/wp-json\/wp\/v2\/media?parent=217572"}],"wp:term":[{"taxonomy":"category","embeddable":true,"href":"https:\/\/www.europesays.com\/es\/wp-json\/wp\/v2\/categories?post=217572"},{"taxonomy":"post_tag","embeddable":true,"href":"https:\/\/www.europesays.com\/es\/wp-json\/wp\/v2\/tags?post=217572"}],"curies":[{"name":"wp","href":"https:\/\/api.w.org\/{rel}","templated":true}]}}