{"id":217578,"date":"2025-11-04T07:35:14","date_gmt":"2025-11-04T07:35:14","guid":{"rendered":"https:\/\/www.europesays.com\/es\/217578\/"},"modified":"2025-11-04T07:35:14","modified_gmt":"2025-11-04T07:35:14","slug":"noah-de-luxemburgo-habla-sobre-su-tio-el-gran-duque-guillermo-en-una-nueva-y-sorprendente-entrevista","status":"publish","type":"post","link":"https:\/\/www.europesays.com\/es\/217578\/","title":{"rendered":"Noah de Luxemburgo habla sobre su t\u00edo, el gran duque Guillermo, en una nueva y sorprendente entrevista"},"content":{"rendered":"<p id=\"eNuAFGG1W9\" data-wc=\"109\">El momento de los grandes duques Guillermo y St\u00e9phanie ha comenzado en Luxemburgo, una nueva era en la que los pr\u00edncipes m\u00e1s j\u00f3venes comienzan a dar un paso adelante y a dejar o\u00edr su voz. Entre los pr\u00edncipes m\u00e1s desconocidos de Europa, f\u00e1cilmente incluir\u00edamos a Noah, \u00a0uno de los hijos de Louis y Tessy de Luxemburgo, pero esto podr\u00eda estar a punto de cambiar, ya que en solo dos meses, desde que cumpli\u00f3 los 18, el joven royal ya ha concedido dos entrevistas. En ellas <a class=\"hm-link ho-link\" href=\"https:\/\/www.hola.com\/realeza\/casa_luxemburgo\/20250930858862\/noah-luxemburgo-primera-entrevista\/\" data-mrf-recirculation=\"article-body-link\" rel=\"nofollow noopener\" target=\"_blank\">se muestra como un pr\u00edncipe at\u00edpico<\/a>, cercano, pero con un gran apego a sus ra\u00edces y al Gran Ducado, pese a vivir en Londres.\u00a0<\/p>\n<p> <img src=\"https:\/\/www.europesays.com\/es\/wp-content\/uploads\/2025\/11\/1c242bfa6361-gettyimages-2239319974.jpg\"   width=\"1024\" height=\"682\" loading=\"lazy\" decoding=\"async\" alt=\"Sebastien, Louis, Gabriel y Noah de Luxemburgo\" fetchpriority=\"auto\" class=\"image ho-image\"\/>\u00a9 Getty ImagesGabriel y Noah de Luxemburgo tras su padre, el pr\u00edncipe Louis, y su t\u00edo, el pr\u00edncipe Sebasti\u00e1n<\/p>\n<p id=\"eZ9msEcwQ9Y\" data-wc=\"73\">No falt\u00f3, por supuesto, a la ceremonia de abdicaci\u00f3n de su abuelo y posterior <a class=\"hm-link ho-link\" href=\"https:\/\/www.hola.com\/realeza\/casa_luxemburgo\/20251003859453\/enrique-luxemburgo-abdica-guillermo-nuevo-grab-duque-directo\/\" data-mrf-recirculation=\"article-body-link\" rel=\"nofollow noopener\" target=\"_blank\">ascenso al trono de su t\u00edo<\/a>. Sobre el gran duque Guillermo, solo tiene buenas palabras. \u00abNo he conocido nunca a nadie que se preocupe tanto por los dem\u00e1s\u00bb, ha confesado al diario Luxemburger Wort. Asegura, adem\u00e1s, que el nuevo Gran Duque disfruta con todo lo que hace y que se nota c\u00f3mo cada cosa que dice la piensa realmente.\u00a0<\/p>\n<p id=\"eX1TqoRhCM\" data-wc=\"104\">Noah es alumno de un prestigioso internado ingl\u00e9s. Aunque \u00e9l y su hermano, Gabriel, un a\u00f1o mayor que \u00e9l, residen en Londres, siempre han participado en las grandes ocasiones y <a class=\"hm-link ho-link\" href=\"https:\/\/www.hola.com\/realeza\/casa_luxemburgo\/20250624839931\/el-principe-noah-de-luxemburgo-a-punto-de-cumplir-los-18-se-convierte-en-la-estrella-del-dia-nacional\/\" data-mrf-recirculation=\"article-body-link\" rel=\"nofollow noopener\" target=\"_blank\">han estado presentes<\/a> en la agenda p\u00fablica del Gran Ducado. Ahora en la nueva etapa que ha comenzado, sus palabras confirman que seguir\u00e1 estando al lado de sus t\u00edos, aunque su vida transcurra lejos la mayor parte del a\u00f1o. Valora tener la oportunidad de poder llevar una vida discreta, pero le encanta su pa\u00eds natal, en especial estar en contacto con la naturaleza y pasear por los frondosos bosques que recorren su peque\u00f1o pa\u00eds.\u00a0<\/p>\n<p> <img src=\"https:\/\/www.europesays.com\/es\/wp-content\/uploads\/2025\/10\/3996acfcd0f9-gettyimages-2239437022.jpg\"   width=\"683\" height=\"1024\" loading=\"lazy\" decoding=\"async\" alt=\"Noah y Gabriel (con gafas) de Luxemburgo en la entronizaci\u00f3n de su t\u00edo Guillermo\" fetchpriority=\"auto\" class=\"image ho-image\"\/>\u00a9 Getty ImagesNoah de Luxemburgo, con su hermano Gabriel el d\u00eda del ascenso al trono de su t\u00edo<\/p>\n<p id=\"e4cBYWUPj8t\" data-wc=\"86\">De su madre, admite haber heredado la sociabilidad, mientras el rigor y autocontrol le viene de su padre, el pr\u00edncipe Louis. De los dos, ha aprendido \u00abla importancia del respeto, no solamente hacia los dem\u00e1s, tambi\u00e9n hacia uno mismo\u00bb. Otra gran fuente de consejos es su hermano, al que est\u00e1 muy unido: \u00abDespu\u00e9s de hablar con \u00e9l, siempre te sientes mejor\u00bb. Comparten tambi\u00e9n intereses y preocupaciones. Tanto es as\u00ed que el a\u00f1o pasado en Londres recogieron juntos la medalla Legacy of Change,<a class=\"hm-link ho-link\" href=\"https:\/\/www.hola.com\/realeza\/casa_luxemburgo\/20241105728202\/gabriel-noah-luxemburgo-reconocimiento-londres-labor-humanitaria\/\" data-mrf-recirculation=\"article-body-link\" rel=\"nofollow noopener\" target=\"_blank\">\u00a0por su labor humanitaria<\/a>.\u00a0<\/p>\n<p> <img src=\"https:\/\/www.europesays.com\/es\/wp-content\/uploads\/2025\/11\/b2ed261440e4-gettyimages-2221756914.jpg\"   width=\"1024\" height=\"682\" loading=\"lazy\" decoding=\"async\" alt=\"Los pr\u00edncipes Sebastian, Noah, Gabriel, Luis y F\u00e9lix de Luxemburgo en el D\u00eda Nacional \" fetchpriority=\"auto\" class=\"image ho-image\"\/>\u00a9 Getty ImagesLos pr\u00edncipes Sebastian, Noah, Gabriel, Luis y F\u00e9lix de Luxemburgo en el D\u00eda Nacional <\/p>\n<p id=\"exaQWB8VYi\" data-wc=\"178\">En la primera entrevista que concedi\u00f3, hace poco m\u00e1s de un mes, trat\u00f3 de derribar algunos de los prejuicios que cree pesan sobre alguien de su linaje. Asegur\u00f3 a la web The Royal News Organization que no vive en una burbuja, sino que coge el transporte p\u00fablico, hace pr\u00e1cticas, sale con sus amigos y tambi\u00e9n se estresa con los ex\u00e1menes como todo el mundo. Se present\u00f3 como un pr\u00edncipe un tanto at\u00edpico y lo cierto es que en buena medida lo es. \u00a0Sus padres se conocieron en 2004, cuando ella ten\u00eda 19 a\u00f1os y \u00e9l a\u00fan no hab\u00eda cumplido la mayor\u00eda de edad. Siete meses despu\u00e9s del nacimiento de su hermano Gabriel se dieron el \u2018s\u00ed, quiero\u2019 en 2006 y estuvieron casados m\u00e1s de una d\u00e9cada, durante la cual lleg\u00f3 Noah. A ra\u00edz de su boda, el pr\u00edncipe Luis renunci\u00f3 a su derecho a la sucesi\u00f3n del trono y a los derechos de sus hijos, as\u00ed que Gabriel y Noah no est\u00e1n en la l\u00ednea din\u00e1stica.<a class=\"hm-link ho-link\" href=\"https:\/\/www.hola.com\/realeza\/casa_luxemburgo\/20190405140167\/luis-tessy-luxemburgo-final-divorcio\/\" data-mrf-recirculation=\"article-body-link\" rel=\"nofollow noopener\" target=\"_blank\">\u00a0En 2019, se divorciaron<\/a> tras un largo y tortuoso proceso de separaci\u00f3n.\u00a0<\/p>\n","protected":false},"excerpt":{"rendered":"El momento de los grandes duques Guillermo y St\u00e9phanie ha comenzado en Luxemburgo, una nueva era en la&hellip;\n","protected":false},"author":2,"featured_media":217579,"comment_status":"","ping_status":"","sticky":false,"template":"","format":"standard","meta":{"footnotes":""},"categories":[174],"tags":[255,146,147,25,24,256,20652,1027,20654,23],"class_list":{"0":"post-217578","1":"post","2":"type-post","3":"status-publish","4":"format-standard","5":"has-post-thumbnail","7":"category-famosos","8":"tag-celebrities","9":"tag-entertainment","10":"tag-entretenimiento","11":"tag-es","12":"tag-espana","13":"tag-famosos","14":"tag-guillermo-de-luxemburgo","15":"tag-realeza","16":"tag-realeza-luxemburgo","17":"tag-spain"},"share_on_mastodon":{"url":"https:\/\/pubeurope.com\/@es\/115490280240936525","error":""},"_links":{"self":[{"href":"https:\/\/www.europesays.com\/es\/wp-json\/wp\/v2\/posts\/217578","targetHints":{"allow":["GET"]}}],"collection":[{"href":"https:\/\/www.europesays.com\/es\/wp-json\/wp\/v2\/posts"}],"about":[{"href":"https:\/\/www.europesays.com\/es\/wp-json\/wp\/v2\/types\/post"}],"author":[{"embeddable":true,"href":"https:\/\/www.europesays.com\/es\/wp-json\/wp\/v2\/users\/2"}],"replies":[{"embeddable":true,"href":"https:\/\/www.europesays.com\/es\/wp-json\/wp\/v2\/comments?post=217578"}],"version-history":[{"count":0,"href":"https:\/\/www.europesays.com\/es\/wp-json\/wp\/v2\/posts\/217578\/revisions"}],"wp:featuredmedia":[{"embeddable":true,"href":"https:\/\/www.europesays.com\/es\/wp-json\/wp\/v2\/media\/217579"}],"wp:attachment":[{"href":"https:\/\/www.europesays.com\/es\/wp-json\/wp\/v2\/media?parent=217578"}],"wp:term":[{"taxonomy":"category","embeddable":true,"href":"https:\/\/www.europesays.com\/es\/wp-json\/wp\/v2\/categories?post=217578"},{"taxonomy":"post_tag","embeddable":true,"href":"https:\/\/www.europesays.com\/es\/wp-json\/wp\/v2\/tags?post=217578"}],"curies":[{"name":"wp","href":"https:\/\/api.w.org\/{rel}","templated":true}]}}