{"id":217584,"date":"2025-11-04T07:39:09","date_gmt":"2025-11-04T07:39:09","guid":{"rendered":"https:\/\/www.europesays.com\/es\/217584\/"},"modified":"2025-11-04T07:39:09","modified_gmt":"2025-11-04T07:39:09","slug":"effe-somos-currelas-del-rock","status":"publish","type":"post","link":"https:\/\/www.europesays.com\/es\/217584\/","title":{"rendered":"EFFE: \u00abSomos currelas del rock\u00bb"},"content":{"rendered":"<p>            EFFE: \u00abSomos currelas del rock\u00bb                <\/p>\n<p>EFFE: \u00abSomos currelas del rock\u00bb<\/p>\n<p class=\"epigraph\">La banda turolense celebra una d\u00e9cada en los escenarios con el \u00e1lbum en directo X a\u00f1os de un trago.<\/p>\n<p class=\"paragraph\">La banda turolense de rock urbano <a href=\"https:\/\/www.heraldo.es\/noticias\/aragon\/teruel\/2025\/10\/21\/un-album-recoge-la-decada-sobre-el-escenario-de-una-de-las-bandas-de-rock-mas-veteranas-de-teruel-1863960.html\" title=\"Un \u00e1lbum recoge la d\u00e9cada sobre el escenario de una de las bandas de rock m\u00e1s veteranas de Teruel\" rel=\"nofollow noopener\" target=\"_blank\">EFFE<\/a> public\u00f3 el pasado 15 de octubre un nuevo \u00e1lbum, X a\u00f1os de un trago, un trabajo grabado en directo con el que conmemora los diez a\u00f1os de carrera de este grupo formado por <b>Fabi\u00e1n Navarrete<\/b> (voz), <b>Gustavo Ramos<\/b> (Bater\u00eda),<b> Diego Soriano<\/b> (Guitarra), <b>Rub\u00e9n Fern\u00e1ndez<\/b> (Bajo) y<b> Borja Lacruz<\/b> (Guitarra).<\/p>\n<p>            Conforme a los criterios de<br \/>\n            <a class=\"trustproject_img\" id=\"trustproject_img\" href=\"https:\/\/thetrustproject.org\/\" target=\"_blank\" rel=\"nofollow noopener\" aria-label=\"Trust Project\"><img decoding=\"async\" loading=\"lazy\" src=\"https:\/\/www.heraldo.es\/images\/Trust-Logo-Horizontal.svg\" alt=\"Logo Trust Project\" width=\"200\" height=\"34\"\/><\/a><\/p>\n<p>        <a href=\"https:\/\/www.henneo.com\/\" title=\"Grupo Henneo\" class=\"logo\" rel=\"nofollow noopener\" target=\"_blank\"><br \/>\n            <img decoding=\"async\" src=\"https:\/\/www.heraldo.es\/images\/logo_henneo_gris.svg\" alt=\"Logo Henneo\" width=\"559\" height=\"389\" loading=\"lazy\"\/><br \/>\n        <\/a><\/p>\n<p>\u00a9 HERALDO DE ARAGON EDITORA, S.L.U.<br \/>Tel\u00e9fono 976 765 000 \/ &#8211; P\u00ba. Independencia, 29, 50001 Zaragoza &#8211; CIF: B99288763 &#8211; Inscrita en el Registro Mercantil de Zaragoza al Tomo 3796, Libro 0, Folio 177, Secci\u00f3n 8, Hoja Z-50564<br \/>Queda prohibida toda reproducci\u00f3n sin permiso escrito de la empresa a los efectos del art\u00edculo 32.1, p\u00e1rrafo segundo, de la Ley de Propiedad Intelectual<\/p>\n<p>\n                P\u00ba Independencia, 29, 50001 Zaragoza<br \/> Tel\u00e9fono 976 765 000\n            <\/p>\n<p>                    Actualmente tu navegador no permite ejecutar JavaScript. Para poder disfrutar de nuestro contenido es necesario que lo permita.<br \/>\n                                        <img decoding=\"async\" loading=\"lazy\" alt=\"Heraldo logo\" src=\"https:\/\/dkumiip2e9ary.cloudfront.net\/xalok\/heraldo\/especiales\/hola-de-nuevo\/logo-heraldo.svg\" width=\"215\" height=\"43\"\/><\/p>\n","protected":false},"excerpt":{"rendered":"EFFE: \u00abSomos currelas del rock\u00bb EFFE: \u00abSomos currelas del rock\u00bb La banda turolense celebra una d\u00e9cada en los&hellip;\n","protected":false},"author":2,"featured_media":217585,"comment_status":"","ping_status":"","sticky":false,"template":"","format":"standard","meta":{"footnotes":""},"categories":[170],"tags":[58303,58304,146,147,25,24,184,185,1273,23],"class_list":{"0":"post-217584","1":"post","2":"type-post","3":"status-publish","4":"format-standard","5":"has-post-thumbnail","7":"category-musica","8":"tag-currelas","9":"tag-effe","10":"tag-entertainment","11":"tag-entretenimiento","12":"tag-es","13":"tag-espana","14":"tag-music","15":"tag-musica","16":"tag-rock","17":"tag-spain"},"share_on_mastodon":{"url":"https:\/\/pubeurope.com\/@es\/115490296177962295","error":""},"_links":{"self":[{"href":"https:\/\/www.europesays.com\/es\/wp-json\/wp\/v2\/posts\/217584","targetHints":{"allow":["GET"]}}],"collection":[{"href":"https:\/\/www.europesays.com\/es\/wp-json\/wp\/v2\/posts"}],"about":[{"href":"https:\/\/www.europesays.com\/es\/wp-json\/wp\/v2\/types\/post"}],"author":[{"embeddable":true,"href":"https:\/\/www.europesays.com\/es\/wp-json\/wp\/v2\/users\/2"}],"replies":[{"embeddable":true,"href":"https:\/\/www.europesays.com\/es\/wp-json\/wp\/v2\/comments?post=217584"}],"version-history":[{"count":0,"href":"https:\/\/www.europesays.com\/es\/wp-json\/wp\/v2\/posts\/217584\/revisions"}],"wp:featuredmedia":[{"embeddable":true,"href":"https:\/\/www.europesays.com\/es\/wp-json\/wp\/v2\/media\/217585"}],"wp:attachment":[{"href":"https:\/\/www.europesays.com\/es\/wp-json\/wp\/v2\/media?parent=217584"}],"wp:term":[{"taxonomy":"category","embeddable":true,"href":"https:\/\/www.europesays.com\/es\/wp-json\/wp\/v2\/categories?post=217584"},{"taxonomy":"post_tag","embeddable":true,"href":"https:\/\/www.europesays.com\/es\/wp-json\/wp\/v2\/tags?post=217584"}],"curies":[{"name":"wp","href":"https:\/\/api.w.org\/{rel}","templated":true}]}}