{"id":217594,"date":"2025-11-04T07:45:06","date_gmt":"2025-11-04T07:45:06","guid":{"rendered":"https:\/\/www.europesays.com\/es\/217594\/"},"modified":"2025-11-04T07:45:06","modified_gmt":"2025-11-04T07:45:06","slug":"ibex-35-hoy-la-bolsa-en-directo-el-ibex-apunta-por-debajo-de-los-16-000-puntos","status":"publish","type":"post","link":"https:\/\/www.europesays.com\/es\/217594\/","title":{"rendered":"Ibex 35 hoy, la Bolsa en Directo | El Ibex apunta por debajo de los 16.000 puntos"},"content":{"rendered":"<p class=\"ue-c-article__paragraph\">\n                                        La correcci\u00f3n cobra fuerza en \u00edndices con un elevado peso de las tecnol\u00f3gicas como el Nasdaq y el Nikkei. Las dudas que traslada la Fed y el proteccionismo tecnol\u00f3gico de EEUU acent\u00faan la recogida de beneficios. El Ibex, congelado en las tres jornadas anteriores, apunta esta vez por debajo de los 16.000 puntos.\n                                    <\/p>\n<p class=\"ue-c-article__paragraph\">La sucesi\u00f3n de r\u00e9cords hist\u00f3ricos da paso hoy a un predominio de las ventas. La <strong>recogida de beneficios<\/strong> es m\u00e1s acentuada en \u00edndices con un elevado peso tecnol\u00f3gico, como el Nasdaq estadounidense y el <strong>Nikkei<\/strong> japon\u00e9s. El \u00edndice de referencia de la Bolsa de Tokio ha perdido hoy un 1,6%, y en Wall Street, los futuros del <strong>Nasdaq<\/strong> anticipan ca\u00eddas superiores por momentos al 1%. <\/p>\n<p class=\"ue-c-article__paragraph\">La cautela que genera la magnitud del rally burs\u00e1til se une a los crecientes recelos que provoca el <strong>&#8216;proteccionismo&#8217; tecnol\u00f3gico de Donald Trump<\/strong>. El presidente de EEUU ha afirmado que los chips m\u00e1s avanzados de Nvidia deber\u00edan estar reservados solo para uso dom\u00e9stico, en EEUU. Un freno de las ventas al exterior dificultar\u00edan a Nvidia cumplir con las previsiones de crecimiento que descuenta su cotizaci\u00f3n billonaria. <\/p>\n<p class=\"ue-c-article__paragraph\">La <strong>Reserva Federal<\/strong> tampoco ayuda a rebajar la presi\u00f3n sobre las tecnol\u00f3gicas, uno de los sectores m\u00e1s sensibles a los costes de financiaci\u00f3n. Hasta la semana pasada el mercado daba por hecho un nuevo recorte adicional de los <strong>tipos de inter\u00e9s<\/strong> en diciembre. La reuni\u00f3n del pasado mi\u00e9rcoles enfri\u00f3 esta posibilidad, y los \u00faltimos mensajes inciden en esta l\u00ednea, como el lanzado ayer por la gobernadora Lisa Cook, al afirmar que la inflaci\u00f3n va \u00aben la direcci\u00f3n adecuada, pero no lo suficientemente r\u00e1pido\u00bb.<\/p>\n","protected":false},"excerpt":{"rendered":"La correcci\u00f3n cobra fuerza en \u00edndices con un elevado peso de las tecnol\u00f3gicas como el Nasdaq y el&hellip;\n","protected":false},"author":2,"featured_media":217595,"comment_status":"","ping_status":"","sticky":false,"template":"","format":"standard","meta":{"footnotes":""},"categories":[80],"tags":[2300,12239,82,95,94,25,24,114,23],"class_list":{"0":"post-217594","1":"post","2":"type-post","3":"status-publish","4":"format-standard","5":"has-post-thumbnail","7":"category-economia","8":"tag-bolsa","9":"tag-bolsa-de-wall-street","10":"tag-business","11":"tag-economia","12":"tag-economy","13":"tag-es","14":"tag-espana","15":"tag-mercados","16":"tag-spain"},"share_on_mastodon":{"url":"https:\/\/pubeurope.com\/@es\/115490319531080774","error":""},"_links":{"self":[{"href":"https:\/\/www.europesays.com\/es\/wp-json\/wp\/v2\/posts\/217594","targetHints":{"allow":["GET"]}}],"collection":[{"href":"https:\/\/www.europesays.com\/es\/wp-json\/wp\/v2\/posts"}],"about":[{"href":"https:\/\/www.europesays.com\/es\/wp-json\/wp\/v2\/types\/post"}],"author":[{"embeddable":true,"href":"https:\/\/www.europesays.com\/es\/wp-json\/wp\/v2\/users\/2"}],"replies":[{"embeddable":true,"href":"https:\/\/www.europesays.com\/es\/wp-json\/wp\/v2\/comments?post=217594"}],"version-history":[{"count":0,"href":"https:\/\/www.europesays.com\/es\/wp-json\/wp\/v2\/posts\/217594\/revisions"}],"wp:featuredmedia":[{"embeddable":true,"href":"https:\/\/www.europesays.com\/es\/wp-json\/wp\/v2\/media\/217595"}],"wp:attachment":[{"href":"https:\/\/www.europesays.com\/es\/wp-json\/wp\/v2\/media?parent=217594"}],"wp:term":[{"taxonomy":"category","embeddable":true,"href":"https:\/\/www.europesays.com\/es\/wp-json\/wp\/v2\/categories?post=217594"},{"taxonomy":"post_tag","embeddable":true,"href":"https:\/\/www.europesays.com\/es\/wp-json\/wp\/v2\/tags?post=217594"}],"curies":[{"name":"wp","href":"https:\/\/api.w.org\/{rel}","templated":true}]}}