{"id":217598,"date":"2025-11-04T07:47:07","date_gmt":"2025-11-04T07:47:07","guid":{"rendered":"https:\/\/www.europesays.com\/es\/217598\/"},"modified":"2025-11-04T07:47:07","modified_gmt":"2025-11-04T07:47:07","slug":"el-reguero-de-incognitas-que-deja-la-declaracion-de-vilaplana-espana","status":"publish","type":"post","link":"https:\/\/www.europesays.com\/es\/217598\/","title":{"rendered":"El reguero de inc\u00f3gnitas que deja la declaraci\u00f3n de Vilaplana | Espa\u00f1a"},"content":{"rendered":"<p class=\"\">La declaraci\u00f3n<a href=\"https:\/\/elpais.com\/espana\/comunidad-valenciana\/2025-11-03\/maribel-vilaplana-llega-al-juzgado-de-catarroja-en-medio-de-gritos-de-las-victimas-cuenta-toda-la-verdad.html\" target=\"_self\" rel=\"nofollow noopener\" title=\"https:\/\/elpais.com\/espana\/comunidad-valenciana\/2025-11-03\/maribel-vilaplana-llega-al-juzgado-de-catarroja-en-medio-de-gritos-de-las-victimas-cuenta-toda-la-verdad.html\"> como testigo este lunes en el juzgado de Catarroja (Valencia),<\/a> que investiga la dana, de Maribel Vilaplana, la periodista que comi\u00f3 con el president Carlos Maz\u00f3n mientras se inundaba la provincia de Valencia, deja pocas claves de lo que sucedi\u00f3 en esas horas oscuras y mantiene un reguero de inc\u00f3gnitas sobre qu\u00e9 ocurri\u00f3 la tarde de la tromba que provoc\u00f3 229 muertos el 29 de octubre de 2024. Estas son las ideas m\u00e1s relevantes de la comparecencia de cuatro horas: <\/p>\n<p class=\"\"><b>El enigma de los 37 minutos. <\/b>El relato de la comunicadora no ha aclarado una de las principales dudas sobre el paradero del jefe del Consell. La periodista se\u00f1al\u00f3 en una carta en septiembre que se vio con el presidente alrededor de las 15 horas \u2014y hoy lo ha confirmado en sede judicial\u2014 y la acompa\u00f1\u00f3 al parking donde ten\u00eda el coche ella, a cinco minutos a pie del restaurante El Ventorro, donde hab\u00edan comido. Eran entre las 18.30 y 18.45. En ese lapso de unas tres horas y media, Maz\u00f3n recibi\u00f3 algunas llamadas, otras no contest\u00f3. Pero a partir de las 18.57 y hasta las 19.34 no llam\u00f3 ni recibi\u00f3 ninguna llamada. Son 37 minutos en los que el jefe del Consell estuvo desaparecido y todav\u00eda no hay informaci\u00f3n sobre d\u00f3nde estaba, pues no lleg\u00f3 al Palau<a href=\"https:\/\/elpais.com\/espana\/comunidad-valenciana\/2025-10-26\/nueva-version-sobre-la-hora-oscura-de-mazon-en-la-dana-el-president-acompano-a-maribel-vilaplana-al-aparcamiento-tras-la-comida.html\" target=\"_self\" rel=\"nofollow noopener\" title=\"https:\/\/elpais.com\/espana\/comunidad-valenciana\/2025-10-26\/nueva-version-sobre-la-hora-oscura-de-mazon-en-la-dana-el-president-acompano-a-maribel-vilaplana-al-aparcamiento-tras-la-comida.html\"> hasta casi las 20.00 horas, como adelanto EL PA\u00cdS<\/a>. Y al Centro de Emergencias (Cecopi) hasta las 20.28 horas, mucho despu\u00e9s de que se emitiera la alerta que avisaba a la ciudadan\u00eda de la dana. A esas horas ya hab\u00eda muerto la mayor\u00eda de las 229 v\u00edctimas.<\/p>\n<p class=\"\"><b>Los cambios de versi\u00f3n. <\/b>La<a href=\"https:\/\/elpais.com\/espana\/2025-10-26\/nuria-ruiz-tobarra-la-valentia-de-una-jueza-corriente.html\" target=\"_self\" rel=\"nofollow noopener\" title=\"https:\/\/elpais.com\/espana\/2025-10-26\/nuria-ruiz-tobarra-la-valentia-de-una-jueza-corriente.html\"> jueza que instruye la causa, Nuria Ruiz Tobarra<\/a>, ha permitido a la comunicadora no referirse a cuestiones anteriores a su declaraci\u00f3n. Vilaplana no ha precisado a qu\u00e9 responden sus tres cambios de versi\u00f3n en un a\u00f1o. En noviembre de 2024, asegur\u00f3 que se despidi\u00f3 del president a las 17.45. El pasado septiembre, en una carta abierta, matiz\u00f3 que una hora m\u00e1s tarde. Y, por \u00faltimo, tras conocer que la jueza la citaba como testigo \u2014una condici\u00f3n que le obliga a decir la verdad\u2014 divulg\u00f3 que Maz\u00f3n la hab\u00eda acompa\u00f1ado al aparcamiento a recoger su coche. De hecho, en una entrevista con este peri\u00f3dico, una fuente autorizada por la periodista para hablar en su nombre dec\u00eda en noviembre del a\u00f1o pasado: \u201cVilaplana no puede asegurar si Maz\u00f3n se qued\u00f3 en el restaurante o se march\u00f3\u201d. Si ahora confirma que la acompa\u00f1\u00f3 al parking, la versi\u00f3n de entonces no encaja con la de ahora.<\/p>\n<p class=\"\">Tambi\u00e9n, aunque en su carta hablaba de esta hora, de 18.30 a 18.45, cuando ella fue a recoger el coche, no queda claro qu\u00e9 hizo el presidente despu\u00e9s. Vilaplana entr\u00f3 sola en el aparcamiento, ha asegurado. Aparc\u00f3 en la segunda planta por \u201cuna man\u00eda personal\u201d. \u201cTengo un coche grande. Para qu\u00e9 tengo que hacer maniobras si puedo aparcar ancha\u201d, ha explicado.<\/p>\n<p class=\"\"><b>El misterio de las llamadas. <\/b>La periodista ha dicho que no escuch\u00f3 las ocho llamadas que Maz\u00f3n mantuvo desde El Ventorro. Y que, seg\u00fan el listado aportado por el president, contemplaban comunicaciones con la entonces consejera responsable de la Emergencia, Salom\u00e9 Pradas; el presidente de la Diputaci\u00f3n de Valencia, Vicente Momp\u00f3, del PP; o el alcalde socialista de Cullera, Jordi Mayor. \u201cMaz\u00f3n hablaba y yo no escuchaba\u201d, ha insistido. <\/p>\n<p class=\"\"><b>Los detalles del almuerzo. <\/b>Vilaplana ha desvelado que, durante las cuatro horas que dur\u00f3 la comida y la sobremesa en el c\u00e9ntrico restaurante (15.00-18.45) valenciano, Maz\u00f3n firm\u00f3 unos documentos que le dio el due\u00f1o de El Ventorro, Alfredo Romero. Tambi\u00e9n que recibi\u00f3 un mensaje en un chat familiar de WhatsApp, pasadas las 17.30 horas, que advert\u00eda de la gravedad de la situaci\u00f3n Utiel tras el desbordamiento del r\u00edo Magro. La periodista respondi\u00f3 con una carita a esta misiva, pero no abri\u00f3 el enlace. La comunicadora ha desvelado que el president le pidi\u00f3 permiso para quitarse la chaqueta del traje y ponerse un su\u00e9ter, la prenda con la que fue inmortalizado a su llegada al Cecopi, a las 20.28 horas. <\/p>\n<p class=\"\">Vilaplana ha enmarcado la comida en una cita profesional, en la que el president le ofreci\u00f3 un alto cargo en la direcci\u00f3n de la televisi\u00f3n auton\u00f3mica \u00c0 punt y ella, que present\u00f3 durante una d\u00e9cada las noticias de la extinta Canal 9, rechaz\u00f3. Ha a\u00f1adido que asesor\u00f3 en comunicaci\u00f3n al bar\u00f3n popular y le recomend\u00f3 que aprendiera a pronunciar correctamente el t\u00e9rmino Consell. <\/p>\n<p class=\"\"><b>Charla de f\u00fatbol.<\/b> Tambi\u00e9n se ha referido a la salida de El Ventorro, entre las 18.30 y las 18.45 horas, donde arranca el periodo m\u00e1s enigm\u00e1tico de la aciaga tarde: 37 minutos en los que el jefe del Consell no comunica con nadie ni responde a las llamadas. Maz\u00f3n cancela dos llamadas de su exconsejera Salom\u00e9 Pradas \u2014principal imputada en la causa\u2014 y no vuelve a coger el tel\u00e9fono a la entonces responsable de emergencias hasta las 19.43. Es en esos momentos cr\u00edticos en los que no respond\u00eda el tel\u00e9fono cuando la periodista ha se\u00f1alado que estuvo hablando con el president de f\u00fatbol, lo invit\u00f3 a ir a ver un partido del Levante. \u201cRecuerdo que salimos del restaurante y seguimos hablando. Yo trabajo para el Levante UD. Quer\u00eda que \u00e9l viniera a ver un partido, un derbi contra el Elche. Le dije que se comprometiera, es la conversaci\u00f3n de la salida. [&#8230;]\u201d, ha relatado. Y entonces \u00e9l le pregunta si la acompa\u00f1a al parking. \u201cSalimos de El Ventorro con normalidad, paseamos. No lo coment\u00e9 en la carta porque no me pareci\u00f3 relevante\u201d, ha se\u00f1alado. No queda claro por qu\u00e9 a esas horas de la noche, cuando la jefa de Emergencias trataba de comunicarse con el presidente, ten\u00eda m\u00e1s prioridad una charla informal que descolgar el tel\u00e9fono.<\/p>\n<p class=\"\"><b>Llamadas de despu\u00e9s. <\/b>La noche de la dana Vilaplana habl\u00f3 con Carlos Maz\u00f3n. \u201cLa conversaci\u00f3n era: \u2018Dios m\u00edo, \u00bfqu\u00e9 ha pasado?\u2019. Y \u00e9l me respond\u00eda: \u2018Esto es muy gordo. Es muy grave\u2019\u201c, ha declarado la periodista a la jueza. La comunicadora asegura que lleg\u00f3 a preguntar al jefe del Consell si sab\u00eda qu\u00e9 estaba pasando todo eso cuando ambos estaban en El Ventorro. A lo que \u00e9l le contest\u00f3: \u201c\u00bfC\u00f3mo voy a saber eso?\u201d. Fue esa misma noche, cuando ya comenzaban a aparecer los primeros cad\u00e1veres, cuando Vilaplana le pidi\u00f3 que su nombre no apareciera por ning\u00fan sitio. D\u00edas despu\u00e9s de la tromba, volvieron a comunicar y el mandatario le dijo que su nombre acabar\u00eda saliendo. \u201cMe entr\u00f3 un ataque de p\u00e1nico. Acab\u00e9 borrando todo\u201d. La periodista elimin\u00f3 al bar\u00f3n popular de su lista de contactos. Maz\u00f3n abon\u00f3 la cuenta de la comida, cuyo coste sigue siendo un enigma un a\u00f1o despu\u00e9s.<\/p>\n","protected":false},"excerpt":{"rendered":"La declaraci\u00f3n como testigo este lunes en el juzgado de Catarroja (Valencia), que investiga la dana, de Maribel&hellip;\n","protected":false},"author":2,"featured_media":217599,"comment_status":"","ping_status":"","sticky":false,"template":"","format":"standard","meta":{"footnotes":""},"categories":[8],"tags":[17,18,2007,25,24,13,14,11,4274,19,20,9,10,15,16,956,23,12,21,22,235,36162],"class_list":{"0":"post-217598","1":"post","2":"type-post","3":"status-publish","4":"format-standard","5":"has-post-thumbnail","7":"category-espana","8":"tag-breaking-news","9":"tag-breakingnews","10":"tag-carlos-mazon","11":"tag-es","12":"tag-espana","13":"tag-featured-news","14":"tag-featurednews","15":"tag-headlines","16":"tag-inundaciones-dana-octubre-2024","17":"tag-latest-news","18":"tag-latestnews","19":"tag-news","20":"tag-noticias","21":"tag-noticias-destacadas","22":"tag-noticiasdestacadas","23":"tag-pp","24":"tag-spain","25":"tag-titulares","26":"tag-ultimas-noticias","27":"tag-ultimasnoticias","28":"tag-valencia","29":"tag-vilaplana"},"share_on_mastodon":{"url":"https:\/\/pubeurope.com\/@es\/115490327563349496","error":""},"_links":{"self":[{"href":"https:\/\/www.europesays.com\/es\/wp-json\/wp\/v2\/posts\/217598","targetHints":{"allow":["GET"]}}],"collection":[{"href":"https:\/\/www.europesays.com\/es\/wp-json\/wp\/v2\/posts"}],"about":[{"href":"https:\/\/www.europesays.com\/es\/wp-json\/wp\/v2\/types\/post"}],"author":[{"embeddable":true,"href":"https:\/\/www.europesays.com\/es\/wp-json\/wp\/v2\/users\/2"}],"replies":[{"embeddable":true,"href":"https:\/\/www.europesays.com\/es\/wp-json\/wp\/v2\/comments?post=217598"}],"version-history":[{"count":0,"href":"https:\/\/www.europesays.com\/es\/wp-json\/wp\/v2\/posts\/217598\/revisions"}],"wp:featuredmedia":[{"embeddable":true,"href":"https:\/\/www.europesays.com\/es\/wp-json\/wp\/v2\/media\/217599"}],"wp:attachment":[{"href":"https:\/\/www.europesays.com\/es\/wp-json\/wp\/v2\/media?parent=217598"}],"wp:term":[{"taxonomy":"category","embeddable":true,"href":"https:\/\/www.europesays.com\/es\/wp-json\/wp\/v2\/categories?post=217598"},{"taxonomy":"post_tag","embeddable":true,"href":"https:\/\/www.europesays.com\/es\/wp-json\/wp\/v2\/tags?post=217598"}],"curies":[{"name":"wp","href":"https:\/\/api.w.org\/{rel}","templated":true}]}}