{"id":217647,"date":"2025-11-04T08:28:09","date_gmt":"2025-11-04T08:28:09","guid":{"rendered":"https:\/\/www.europesays.com\/es\/217647\/"},"modified":"2025-11-04T08:28:09","modified_gmt":"2025-11-04T08:28:09","slug":"vacunarse-contra-la-gripe-protege-la-salud-cardiovascular-tanto-como-dejar-de-fumar-y-rebaja-el-riesgo-de-desarrollar-alzheimer","status":"publish","type":"post","link":"https:\/\/www.europesays.com\/es\/217647\/","title":{"rendered":"Vacunarse contra la gripe protege la salud cardiovascular tanto como dejar de fumar y rebaja el riesgo de desarrollar alzh\u00e9imer"},"content":{"rendered":"<p class=\"paragraph\"><b>Vacunarse contra la gripe y contra la covid <\/b>este oto\u00f1o no solo es un acierto porque minimizar\u00e1 las posibilidades de ser uno de los miles de espa\u00f1oles que ingresar\u00e1n en un hospital o fallecer\u00e1n este invierno como consecuencia de una infecci\u00f3n respiratoria sino porque aporta muchos otros m\u00e1s beneficios a la salud. Como destaca la Asociaci\u00f3n Espa\u00f1ola de Vacunolog\u00eda en la campa\u00f1a de sensibilizaci\u00f3n ciudadana que acaba de lanzar, el escudo que se logra con las vacunas contra las infecciones respiratorias<b> protege tambi\u00e9n al organismo de forma gen\u00e9rica y reduce el riesgo de sufrir otras patolog\u00edas muy graves<\/b>, fundamentalmente dolencias y <b>accidentes cardiacos y del sistema circulatorio<\/b>. Un dato revelador. Los cient\u00edficos han documentado que vacunarse contra la gripe protege tanto la salud cardiovascular de los adultos como dejar de fumar.\u00a0<\/p>\n<p class=\"paragraph\">Con el lema &#8216;El mejor plan para este invierno, vac\u00fanate&#8217;, la campa\u00f1a que promueven este mes en toda clase de medios de difusi\u00f3n, incluidas las redes sociales, busca convencer a los indecisos, a trav\u00e9s de una cascada de argumentos y datos cient\u00edficos, del error que cometer\u00e1n si este oto\u00f1o no acuden a inmunizarse a los centros y puntos de vacunaci\u00f3n p\u00fablicos de su autonom\u00eda cuanto antes. <\/p>\n<p class=\"paragraph\">El mensaje va dirigido fundamentalmente a los <b>grupos de mayor riesgo<\/b> frente a estas patolog\u00edas, <b>los mayores, los ni\u00f1os, los enfermos cr\u00f3nicos e inmunodeprimidos, las embarazadas<\/b>, y tambi\u00e9n a un colectivo clave para frenar los brotes,<b> el personal sanitario que trabaja de cara al p\u00fablico<\/b>. A los mayores de 60 a\u00f1os y enfermos de riesgo les recomiendan que se vacunen ya contra la gripe y que comprueben si tienen actualizada la vacunaci\u00f3n contra el neumococo (la principal causa de neumon\u00eda mortal en mayores), a los mayores de 70 a\u00f1os les recomiendan tambi\u00e9n pincharse contra la covid y a los padres que inmunicen contra la gripe a todos los ni\u00f1os de entre 6 meses a 5 a\u00f1os. <b>Lamentan que en la actualidad no llegan a cuatro de cada diez los sanitarios que se vacunan contra la gripe <\/b>(39%), poco m\u00e1s de la mitad de los que lo hicieron el a\u00f1o del estallido de la pandemia. Esto ocurre cuando, para protegerse a s\u00ed mismos y sobre todo para reducir las posibilidades de contagiar a sus pacientes, deber\u00edan alcanzar una cobertura de al menos el 75%. <\/p>\n<p class=\"paragraph\">La campa\u00f1a, que cuenta con el respaldo expl\u00edcito de numerosas sociedades m\u00e9dicas, como los pediatras, los neum\u00f3logos y los doctores de familia, empieza por destacar lo obvio. Vacunarse contra la gripe dificulta el contagio personal y las dimensiones que alcanzar\u00e1 la epidemia invernal en Espa\u00f1a de una enfermedad que cada a\u00f1o causa casi 30.000 hospitalizaciones, unas 2.200 entradas en la UCI y no menos de 1.600 muertes. <\/p>\n<p class=\"paragraph\"><b>NO ES UNA INFECCI\u00d3N BANAL\u00a0<\/b><\/p>\n<p class=\"paragraph\">De forma muy especial <b>se dirigen a los padres con ni\u00f1os peque\u00f1os y les piden que no banalicen la gripe,<\/b> algo que en Espa\u00f1a ocurre en parte pues no se inmuniza ni a la mitad de los menores de cinco a\u00f1os, los de mayor riesgo. Les dan dos datos para que reflexionen. Cuando hasta 2023 la vacunaci\u00f3n de los ni\u00f1os no estaba en el calendario sanitario espa\u00f1ol, m\u00e1s de 4.000 peque\u00f1os acababan cada a\u00f1o hospitalizados y cientos mor\u00edan. El segundo hecho constatado es que el que el 80% de los menores de 5 a\u00f1os que tiene gripe y termina hospitalizado es solo por la infecci\u00f3n, no por la complicaci\u00f3n de enfermedades previas. <\/p>\n<p class=\"paragraph\">No obstante, los vacun\u00f3logos han querido dar este a\u00f1o un paso m\u00e1s. Contar c\u00f3mo estas vacunas protegen, sobre todo a los adultos, contra m\u00faltiples enfermedades. <b>Vacunarse contra la gripe recorta en un 35% el riesgo de sufrir accidentes cardiovasculares <\/b>en los doce meses siguientes al pinchazo,<b> rebaja entre un 12% y 16% el riesgo de trombosis cerebrales (ictus isqu\u00e9mico)<\/b> y, <b>en pacientes con hipertensi\u00f3n, reduce un 18% la posibilidad de muerte por cualquier motivo<\/b>. Pero es que tambi\u00e9n ocurre lo contrario. La infecci\u00f3n por neumococo y gripe dispara un 30% los accidentes cardiovasculares y la infecci\u00f3n por covid aumenta a corto plazo, y mucho, el riesgo de fallo cardiaco o de la aparici\u00f3n de trombos. Vacunarse contra el coronavirus minora un 82% el peligro de muerte en pacientes con insuficiencia cardiaca. <\/p>\n<p class=\"paragraph\">Los beneficios cardiovasculares son las m\u00e1s evidentes, pero tambi\u00e9n hay estudios que apuntan entre otras ventajas de la vacunaci\u00f3n que inmunizarse contra la gripe y el neumococo <b>rebaja el riesgo de desarrollar alzh\u00e9imer y otras demencias.<\/b><\/p>\n","protected":false},"excerpt":{"rendered":"Vacunarse contra la gripe y contra la covid este oto\u00f1o no solo es un acierto porque minimizar\u00e1 las&hellip;\n","protected":false},"author":2,"featured_media":217648,"comment_status":"","ping_status":"","sticky":false,"template":"","format":"standard","meta":{"footnotes":""},"categories":[92],"tags":[19531,25,24,7749,165,3429,166,23,46941],"class_list":{"0":"post-217647","1":"post","2":"type-post","3":"status-publish","4":"format-standard","5":"has-post-thumbnail","7":"category-salud","8":"tag-cardiovascular","9":"tag-es","10":"tag-espana","11":"tag-gripe","12":"tag-health","13":"tag-protege","14":"tag-salud","15":"tag-spain","16":"tag-vacunarse"},"share_on_mastodon":{"url":"https:\/\/pubeurope.com\/@es\/115490488748936828","error":""},"_links":{"self":[{"href":"https:\/\/www.europesays.com\/es\/wp-json\/wp\/v2\/posts\/217647","targetHints":{"allow":["GET"]}}],"collection":[{"href":"https:\/\/www.europesays.com\/es\/wp-json\/wp\/v2\/posts"}],"about":[{"href":"https:\/\/www.europesays.com\/es\/wp-json\/wp\/v2\/types\/post"}],"author":[{"embeddable":true,"href":"https:\/\/www.europesays.com\/es\/wp-json\/wp\/v2\/users\/2"}],"replies":[{"embeddable":true,"href":"https:\/\/www.europesays.com\/es\/wp-json\/wp\/v2\/comments?post=217647"}],"version-history":[{"count":0,"href":"https:\/\/www.europesays.com\/es\/wp-json\/wp\/v2\/posts\/217647\/revisions"}],"wp:featuredmedia":[{"embeddable":true,"href":"https:\/\/www.europesays.com\/es\/wp-json\/wp\/v2\/media\/217648"}],"wp:attachment":[{"href":"https:\/\/www.europesays.com\/es\/wp-json\/wp\/v2\/media?parent=217647"}],"wp:term":[{"taxonomy":"category","embeddable":true,"href":"https:\/\/www.europesays.com\/es\/wp-json\/wp\/v2\/categories?post=217647"},{"taxonomy":"post_tag","embeddable":true,"href":"https:\/\/www.europesays.com\/es\/wp-json\/wp\/v2\/tags?post=217647"}],"curies":[{"name":"wp","href":"https:\/\/api.w.org\/{rel}","templated":true}]}}