{"id":217687,"date":"2025-11-04T08:56:07","date_gmt":"2025-11-04T08:56:07","guid":{"rendered":"https:\/\/www.europesays.com\/es\/217687\/"},"modified":"2025-11-04T08:56:07","modified_gmt":"2025-11-04T08:56:07","slug":"peru-rompe-relaciones-diplomaticas-con-mexico-por-el-asilo-a-la-ex-primera-ministra-del-expresidente-castillo","status":"publish","type":"post","link":"https:\/\/www.europesays.com\/es\/217687\/","title":{"rendered":"Per\u00fa rompe relaciones diplom\u00e1ticas con M\u00e9xico por el asilo a la ex primera ministra del expresidente Castillo"},"content":{"rendered":"<p style=\"\">El Gobierno de M\u00e9xico, por conducto de la Secretar\u00eda de Relaciones Exteriores (SRE, Canciller\u00eda) lament\u00f3 y rechaz\u00f3 este lunes la \u00abdecisi\u00f3n unilateral\u00bb de Per\u00fa de romper relaciones diplom\u00e1ticas como respuesta a un acto leg\u00edtimo y apegado al derecho internacional, informa EFE.<\/p>\n<p style=\"\">La respuesta del Gobierno  &#8230; mexicano lleg\u00f3 luego de que el Gobierno de Per\u00fa anunci\u00f3 este lunes que decidi\u00f3 romper relaciones diplom\u00e1ticas con M\u00e9xico a ra\u00edz del asilo otorgado a <strong>Betssy Ch\u00e1vez Chino<\/strong>, ex primera ministra del izquierdista <strong>Pedro Castillo <\/strong>(2021-2022), procesada junto a \u00e9l por el fallido intento de golpe de Estado de finales de 2022.<\/p>\n<p class=\"voc-p\" style=\"\">En un comunicado, M\u00e9xico explic\u00f3 que otorg\u00f3 asilo diplom\u00e1tico a <strong>Ch\u00e1vez Chino<\/strong> \u00aben pleno apego al derecho internacional\u00bb, en particular, a la Convenci\u00f3n sobre Asilo Diplom\u00e1tico de 1954 (Convenci\u00f3n de Caracas), de la que tanto M\u00e9xico como Per\u00fa son parte.<\/p>\n<p class=\"voc-p\" style=\"\">\u00abCh\u00e1vez Chino ha mencionado que ha sido objeto de reiteradas violaciones a sus derechos humanos como parte de una persecuci\u00f3n pol\u00edtica del Estado peruano desde el momento de su captura en 2023\u00bb, apunt\u00f3 la SRE.<\/p>\n<p class=\"voc-p\" style=\"\">Y declar\u00f3 que conforme a la Convenci\u00f3n de Caracas, \u00abel \u00fanico facultado para calificar la naturaleza de la persecuci\u00f3n en contra de solicitantes de asilo es el Estado asilante, M\u00e9xico en este caso\u00bb.<\/p>\n<p class=\"voc-p\" style=\"\">Previamente, el canciller peruano<strong> Hugo de Zela declar\u00f3<\/strong>en conferencia de prensa que \u00abhoy hemos conocido con sorpresa y con profundo pesar que la expremier Betssy Ch\u00e1vez, presunta coautora del golpe de estado que pretendi\u00f3 consumar el expresidente Pedro Castillo, est\u00e1 siendo asilada en la residencia de la embajada de M\u00e9xico en el Per\u00fa\u00bb.<\/p>\n<p class=\"voc-p\" style=\"\">Adem\u00e1s, agreg\u00f3 que \u00abfrente a este acto inamistoso y teniendo en cuenta las reiteradas ocasiones en que el actual y el anterior presidente de ese pa\u00eds han intervenido en los asuntos internos del Per\u00fa, el gobierno peruano ha decidido en la fecha romper relaciones diplom\u00e1ticas con M\u00e9xico\u00bb.<\/p>\n<p class=\"voc-p\" style=\"\">Por su parte, la Canciller\u00eda mexicana explic\u00f3 que la decisi\u00f3n de otorgar asilo diplom\u00e1tico a Ch\u00e1vez Chino fue tomada al amparo del art\u00edculo 11 de la Constituci\u00f3n mexicana \u00abtras una evaluaci\u00f3n minuciosa y en estricta observancia del procedimiento establecido para ello\u00bb en la Ley sobre Refugiados, Protecci\u00f3n Complementaria y Asilo Pol\u00edtico, as\u00ed como en atenci\u00f3n a los principios constitucionales de pol\u00edtica exterior.<\/p>\n<p class=\"voc-p\" style=\"\">M\u00e9xico reafirm\u00f3, como ha sido reconocido por la Asamblea General de la Organizaci\u00f3n de las<a href=\"https:\/\/www.abc.es\/noticias\/onu\/\" title=\"www.abc.es\" data-voc-vtm-id=\"in-text-traffic\" data-mrf-link=\"www.abc.es\" rel=\"nofollow noopener\" target=\"_blank\"> Naciones Unidas<\/a>, \u00abque el otorgamiento de asilo no puede ser considerado un acto inamistoso por ning\u00fan otro Estado\u00bb.<\/p>\n<p class=\"voc-p\" style=\"\">Ante lo expuesto, la SRE precis\u00f3 que M\u00e9xico rechaza la decisi\u00f3n unilateral del Per\u00fa, al ser \u00abexcesiva y desproporcionada\u00bb frente a un acto leg\u00edtimo de M\u00e9xico y apegado al derecho internacional, \u00abel cual en modo alguno constituye una intervenci\u00f3n en los asuntos internos del Per\u00fa\u00bb.<\/p>\n<p class=\"voc-p\" style=\"\">M\u00e9xico se\u00f1al\u00f3 que seguir\u00e1 fiel a su tradici\u00f3n humanista de defender los derechos humanos y de brindar protecci\u00f3n a personas perseguidas por razones pol\u00edticas, y siempre privilegiar\u00e1 el di\u00e1logo y la soluci\u00f3n amistosa de controversias, indic\u00f3 la Canciller\u00eda al tiempo que reiter\u00f3 los \u00abhist\u00f3ricos lazos de amistad\u00bb que unen a los pueblos de M\u00e9xico y Per\u00fa.<\/p>\n<p class=\"voc-p\" style=\"\">Previamente, <a href=\"https:\/\/www.abc.es\/internacional\/jose-jeri-octavo-presidente-peru-2016-salpicado-20251010215108-nt.html\" title=\"www.abc.es\" data-voc-vtm-id=\"in-text-traffic\" data-mrf-link=\"www.abc.es\" rel=\"nofollow noopener\" target=\"_blank\">el presidente de transici\u00f3n de Per\u00fa<\/a>, <strong>Jos\u00e9 Jer\u00ed<\/strong>, anunci\u00f3 que se dio un \u00abplazo perentorio\u00bb a la encargada de la Embajada de M\u00e9xico en Lima para abandonar el pa\u00eds, tras romper relaciones diplom\u00e1ticas por el asilo otorgado a Ch\u00e1vez Chino.<\/p>\n<p class=\"voc-p\" style=\"\">El mandatario inform\u00f3 en la red social X que \u00abla encargada de la embajada de M\u00e9xico en el Per\u00fa, <strong>Karla Ornelas<\/strong>, fue informada hoy por el canciller de que tiene un plazo perentorio para abandonar nuestro pa\u00eds\u00ab.<\/p>\n<blockquote class=\"twitter-tweet\">\n<p lang=\"es\" dir=\"ltr\">\u00a1Respeto a nuestra patria! <\/p>\n<p>Con motivo de la ruptura de las relaciones diplom\u00e1ticas, la encargada de la embajada de M\u00e9xico en el Per\u00fa, Karla Ornela, fue informada hoy por el canciller de que tiene un plazo perentorio para abandonar nuestro pa\u00eds.<\/p>\n<p>\u2014 Jos\u00e9 Jer\u00ed (@josejeriore) <a href=\"https:\/\/twitter.com\/josejeriore\/status\/1985510240222052713?ref_src=twsrc%5Etfw\" rel=\"nofollow noopener\" target=\"_blank\">November 4, 2025<\/a><\/p><\/blockquote>\n<p class=\"voc-p\" style=\"\">Ornelas asumi\u00f3 la conducci\u00f3n de la legaci\u00f3n mexicana en Lima tras la expulsi\u00f3n del pa\u00eds, en diciembre de 2022, del entonces embajador <strong>Pablo Monroy <\/strong>luego de que el presidente<strong> Andr\u00e9s Manuel L\u00f3pez Obrador<\/strong> (2018-2024) calificara de \u00abusurpadora\u00bb a <strong>Dina Boluarte<\/strong>, quien hab\u00eda asumido la jefatura de Estado peruana tras la destituci\u00f3n de Castillo.<\/p>\n<p class=\"voc-p\" style=\"\">Tanto la actual <a href=\"https:\/\/www.abc.es\/cultura\/sheinbaum-valora-paso-importante-albares-reconozca-injusticia-20251031154322-nt.html\" title=\"www.abc.es\" data-voc-vtm-id=\"in-text-traffic\" data-mrf-link=\"www.abc.es\" rel=\"nofollow noopener\" target=\"_blank\">presidenta mexicana <\/a><strong>Claudia Sheinbaum <\/strong>como <strong>L\u00f3pez Obrador <\/strong>han exigido en varias oportunidades la libertad de Castillo al considerar que fue este quien en realidad sufri\u00f3 un golpe de Estado que atribuyen a los grupos de poder peruanos que dominan el Congreso.<\/p>\n<p class=\"voc-p\" style=\"\">El canciller peruano <strong>Hugo De Zela <\/strong>precis\u00f3 que la ruptura de las relaciones diplom\u00e1ticas \u00abno significa\u00bb que se hayan \u00abroto relaciones consulares\u00bb con M\u00e9xico. <\/p>\n<p><script async src=\"https:\/\/platform.twitter.com\/widgets.js\" charset=\"utf-8\"><\/script><\/p>\n","protected":false},"excerpt":{"rendered":"El Gobierno de M\u00e9xico, por conducto de la Secretar\u00eda de Relaciones Exteriores (SRE, Canciller\u00eda) lament\u00f3 y rechaz\u00f3 este&hellip;\n","protected":false},"author":2,"featured_media":217688,"comment_status":"","ping_status":"","sticky":false,"template":"","format":"standard","meta":{"footnotes":""},"categories":[42],"tags":[12320,17,18,3101,58320,22155,13,14,11,61,62,63,64,19,20,1906,1740,9,10,15,16,705,1078,10754,105,12,21,22,65,66,67],"class_list":{"0":"post-217687","1":"post","2":"type-post","3":"status-publish","4":"format-standard","5":"has-post-thumbnail","7":"category-internacional","8":"tag-asilo","9":"tag-breaking-news","10":"tag-breakingnews","11":"tag-castillo","12":"tag-diplomaticas","13":"tag-expresidente","14":"tag-featured-news","15":"tag-featurednews","16":"tag-headlines","17":"tag-internacional","18":"tag-international","19":"tag-international-news","20":"tag-internationalnews","21":"tag-latest-news","22":"tag-latestnews","23":"tag-mexico","24":"tag-ministra","25":"tag-news","26":"tag-noticias","27":"tag-noticias-destacadas","28":"tag-noticiasdestacadas","29":"tag-peru","30":"tag-primera","31":"tag-relaciones","32":"tag-rompe","33":"tag-titulares","34":"tag-ultimas-noticias","35":"tag-ultimasnoticias","36":"tag-world","37":"tag-world-news","38":"tag-worldnews"},"share_on_mastodon":{"url":"","error":"Validation failed: Text character limit of 500 exceeded"},"_links":{"self":[{"href":"https:\/\/www.europesays.com\/es\/wp-json\/wp\/v2\/posts\/217687","targetHints":{"allow":["GET"]}}],"collection":[{"href":"https:\/\/www.europesays.com\/es\/wp-json\/wp\/v2\/posts"}],"about":[{"href":"https:\/\/www.europesays.com\/es\/wp-json\/wp\/v2\/types\/post"}],"author":[{"embeddable":true,"href":"https:\/\/www.europesays.com\/es\/wp-json\/wp\/v2\/users\/2"}],"replies":[{"embeddable":true,"href":"https:\/\/www.europesays.com\/es\/wp-json\/wp\/v2\/comments?post=217687"}],"version-history":[{"count":0,"href":"https:\/\/www.europesays.com\/es\/wp-json\/wp\/v2\/posts\/217687\/revisions"}],"wp:featuredmedia":[{"embeddable":true,"href":"https:\/\/www.europesays.com\/es\/wp-json\/wp\/v2\/media\/217688"}],"wp:attachment":[{"href":"https:\/\/www.europesays.com\/es\/wp-json\/wp\/v2\/media?parent=217687"}],"wp:term":[{"taxonomy":"category","embeddable":true,"href":"https:\/\/www.europesays.com\/es\/wp-json\/wp\/v2\/categories?post=217687"},{"taxonomy":"post_tag","embeddable":true,"href":"https:\/\/www.europesays.com\/es\/wp-json\/wp\/v2\/tags?post=217687"}],"curies":[{"name":"wp","href":"https:\/\/api.w.org\/{rel}","templated":true}]}}