{"id":217721,"date":"2025-11-04T09:20:09","date_gmt":"2025-11-04T09:20:09","guid":{"rendered":"https:\/\/www.europesays.com\/es\/217721\/"},"modified":"2025-11-04T09:20:09","modified_gmt":"2025-11-04T09:20:09","slug":"segun-el-estatuto-de-los-expresidentes-de-la-generalitat","status":"publish","type":"post","link":"https:\/\/www.europesays.com\/es\/217721\/","title":{"rendered":"\u00abSeg\u00fan el Estatuto de los expresidentes de la Generalitat&#8230;\u00bb"},"content":{"rendered":"<p style=\"\"><strong>Carlos Maz\u00f3n<\/strong> ha sido el gran protagonista de la actualidad del pasado lunes. Un a\u00f1o despu\u00e9s de la tragedia de la dana, el presidente de la Comunidad Valenciana ha anunciado <a href=\"https:\/\/www.abc.es\/espana\/comunidad-valenciana\/comparecencia-carlos-mazon-presidente-comunidad-valenciana-reacciones-20251103080842-di.html\" title=\"www.abc.es\" data-voc-vtm-id=\"in-text-traffic\" data-mrf-link=\"www.abc.es\" rel=\"nofollow noopener\" target=\"_blank\">su dimisi\u00f3n<\/a>. \u00abYa no puedo m\u00e1s\u00bb, ha dicho en una declaraci\u00f3n institucional en  &#8230; la que ha recalcado que \u00abpor voluntad personal habr\u00eda dimitido hace tiempo porque ha habido momentos insoportables\u00bb para \u00e9l y su familia. <\/p>\n<p class=\"voc-p\" style=\"\">\u00abS\u00e9 que comet\u00ed errores, voy a vivir con ellos toda mi vida, he pedido perd\u00f3n y hoy lo vuelvo a repetir, pero ninguno de ellos fue por c\u00e1lculo pol\u00edtico o mala fe\u00bb, ha dicho Maz\u00f3n, quien <a href=\"https:\/\/www.abc.es\/espana\/mazon-mantendra-presidente-funciones-coge-baja-medica-20251103102829-nt.html\" title=\"www.abc.es\" data-voc-vtm-id=\"in-text-traffic\" data-mrf-link=\"www.abc.es\" rel=\"nofollow noopener\" target=\"_blank\">ha formalizado pasadas las 15:00 horas su renuncia<\/a> y<strong> se mantendr\u00e1 en el cargo en funciones<\/strong>, hasta que se elija un nuevo sucesor al frente del gobierno auton\u00f3mico o se convoquen elecciones en caso de bloqueo.<\/p>\n<p class=\"voc-p\" style=\"\">El proceso hacia su sucesi\u00f3n podr\u00eda dilatarse en el tiempo, ya que depender\u00e1 de las negociaciones con <strong>Vox<\/strong>. No obstante, se desconoce que ocurrir\u00e1 con el futuro pol\u00edtico de Maz\u00f3n: si se mantendr\u00e1 como <strong>diputado auton\u00f3mico<\/strong>, para no perder el <strong>aforamiento<\/strong>, que hasta ahora le ha salvado de una imputaci\u00f3n, o si optar\u00e1 por otro camino.<\/p>\n<p class=\"voc-p\" style=\"\"><strong>Vicente Garrido<\/strong>, catedr\u00e1tico de Derecho Constitucional de la Universidad de Valencia, ha analizado este lunes en <strong>&#8216;Espejo p\u00fablico&#8217;<\/strong>, el programa matinal de Antena 3 presentado por Susanna Griso, el escenario al que se enfrenta ahora Maz\u00f3n y <strong>cu\u00e1nto podr\u00eda cobrar <\/strong>despu\u00e9s de su dimisi\u00f3n.<\/p>\n<p>\nCu\u00e1nto cobrar\u00e1 Carlos Maz\u00f3n tras su dimisi\u00f3n como presidente de la Comunidad Valenciana\n<\/p>\n<p class=\"voc-p\" style=\"\">\u00abLo que tenemos claro es que no se va a ir a su casa,<strong> ni va a dejar de cobrar<\/strong>\u00bb, coment\u00f3 el periodista Miquel Valls. \u00abPor lo que tengo entendido, ha dimitido como presidente de la Generalitat, pero va a <strong>continuar como diputado de las Cortes Valencianas<\/strong>\u00bb, se\u00f1al\u00f3 despu\u00e9s Vicente Garrido.<\/p>\n<p class=\"voc-p\" style=\"\">Entonces, Griso apunt\u00f3 a que Maz\u00f3n ser\u00e1 presidente en funciones, pero a la vez se coger\u00e1 una baja m\u00e9dica. \u00abEs una <strong>doble interinidad <\/strong>que hasta ahora no nos hab\u00edamos encontrado nunca\u00bb, se\u00f1al\u00f3 la presentadora. \u00abLas leyes lo prev\u00e9n todo\u00bb, asegur\u00f3 el catedr\u00e1tico, que indic\u00f3 que, si se da ese escenario, \u00able sustituye interinamente la vicepresidenta primera, Susana Camarero\u00bb.<\/p>\n<p class=\"voc-p\" style=\"\">Vicente Garrido desvel\u00f3 a continuaci\u00f3n <strong>cu\u00e1nto cobrar\u00e1 Maz\u00f3n tras su dimisi\u00f3n<\/strong>. El catedr\u00e1tico explic\u00f3 que, \u00abseg\u00fan el Estatuto de los Expresidentes de la Generalitat Valenciana\u00bb, el dirigente popular \u00abtiene la posibilidad de incorporarse como consejero nato al <strong>Consell Jur\u00eddic Consultiu (CJC)<\/strong>, que es el \u00f3rgano equivalente al Consejo de Estado\u00bb.<\/p>\n<p class=\"voc-p\" style=\"\">Dentro de este Consejo, Maz\u00f3n podr\u00eda estar \u00abun periodo de tiempo igual al que ha sido presidente, es decir, <strong>dos a\u00f1os y cuatro meses<\/strong>\u00bb. Un tiempo durante el cual \u00abpodr\u00eda cobrar el sueldo de consejero que, aproximadamente, es de 86.000 euros al a\u00f1o\u00bb. En concreto, la cifra asciende a<strong> 86.862,36 euros brutos anuales<\/strong>. <\/p>\n<p class=\"voc-p\" style=\"\">Esta cifra ser\u00eda mucho m\u00e1s elevada si Maz\u00f3n hubiera agotado la legislatura o hubiese convocado elecciones. \u00abEntonces, tendr\u00eda derecho a haber permanecido como consejero del Consejo Jur\u00eddico Consultivo <strong>durante 15 a\u00f1os<\/strong>, caso que no se ha dado ahora\u00bb, explic\u00f3 Vicente Garrido.<\/p>\n<p><img decoding=\"async\" loading=\"lazy\" src=\"https:\/\/www.europesays.com\/es\/wp-content\/uploads\/2025\/11\/catedratico-espejo-publico-kwEF--760x427@diario_abc.jpeg\" class=\"voc-img\" width=\"760\" height=\"427\" alt=\"Vicente Garrido, catedr\u00e1tico en Derecho Constitucional, en 'Espejo p\u00fablico' este lunes\" data-voc-vtm-id=\"in-text-traffic\"\/><\/p>\n<p>Vicente Garrido, catedr\u00e1tico en Derecho Constitucional, en &#8216;Espejo p\u00fablico&#8217; este lunes<\/p>\n<p>ANTENA 3<\/p>\n<p class=\"voc-p\" style=\"\">\u00abSi \u00e9l hubiera disuelto las Cortes Valencianas y convocado elecciones, se hubiera considerado una<strong> legislatura agotada <\/strong>y, por lo tanto, tendr\u00eda derecho a permanecer en el Consejo durante 15 a\u00f1os\u00bb, aclar\u00f3 el catedr\u00e1tico ante las dudas de Griso, quien subray\u00f3 que Maz\u00f3n era partidario de un adelanto electoral, pero <a href=\"https:\/\/www.abc.es\/espana\/genova-descarto-adelanto-electoral-valencia-impacto-comunidades-20251103114017-nt.html\" title=\"www.abc.es\" data-voc-vtm-id=\"in-text-traffic\" data-mrf-link=\"www.abc.es\" rel=\"nofollow noopener\" target=\"_blank\">G\u00e9nova lo fren\u00f3, tal y como inform\u00f3 ABC<\/a>.<\/p>\n<p class=\"voc-p\" style=\"\">Adem\u00e1s, el art\u00edculo 3 del mencionado estatuto recoge que el expresidente tendr\u00eda a su disposici\u00f3n \u00ablos medios necesarios para el sostenimiento de una oficina de apoyo\u00bb, que contar\u00eda con <strong>dos asesores, un conductor, \u00abun local <\/strong>adecuado para la instalaci\u00f3n de la oficina, la dotaci\u00f3n presupuestaria para su funcionamiento ordinario y un <strong>autom\u00f3vil <\/strong>del parque m\u00f3vil de la Generalitat\u00bb.<\/p>\n<p class=\"voc-p\" style=\"\">No obstante, cabe destacar que, si Maz\u00f3n decide no renunciar a su acta de <strong>diputado<\/strong>, no podr\u00e1 optar a este sueldo como consejero. Y es que el art\u00edculo 4 del estatuto recoge que \u00abla percepci\u00f3n de las retribuciones correspondientes a la condici\u00f3n de miembro nato del Consejo ser\u00e1 incompatible con la de otras retribuciones por el desempe\u00f1o de cualquier<strong> cargo p\u00fablico<\/strong>\u00bb.<\/p>\n","protected":false},"excerpt":{"rendered":"Carlos Maz\u00f3n ha sido el gran protagonista de la actualidad del pasado lunes. Un a\u00f1o despu\u00e9s de la&hellip;\n","protected":false},"author":2,"featured_media":217722,"comment_status":"","ping_status":"","sticky":false,"template":"","format":"standard","meta":{"footnotes":""},"categories":[8],"tags":[17,18,20668,32686,11723,534,25,24,58329,5134,51586,13,14,31493,2010,11,19,20,1439,9,10,15,16,5153,23,12,575,21,22,13291],"class_list":{"0":"post-217721","1":"post","2":"type-post","3":"status-publish","4":"format-standard","5":"has-post-thumbnail","7":"category-espana","8":"tag-breaking-news","9":"tag-breakingnews","10":"tag-catedratico","11":"tag-cobrara","12":"tag-dimision","13":"tag-dinero","14":"tag-es","15":"tag-espana","16":"tag-estatuto","17":"tag-explica","18":"tag-expresidentes","19":"tag-featured-news","20":"tag-featurednews","21":"tag-garrido","22":"tag-generalitat","23":"tag-headlines","24":"tag-latest-news","25":"tag-latestnews","26":"tag-mazon","27":"tag-news","28":"tag-noticias","29":"tag-noticias-destacadas","30":"tag-noticiasdestacadas","31":"tag-segun","32":"tag-spain","33":"tag-titulares","34":"tag-tras","35":"tag-ultimas-noticias","36":"tag-ultimasnoticias","37":"tag-vicente"},"share_on_mastodon":{"url":"https:\/\/pubeurope.com\/@es\/115490693271319708","error":""},"_links":{"self":[{"href":"https:\/\/www.europesays.com\/es\/wp-json\/wp\/v2\/posts\/217721","targetHints":{"allow":["GET"]}}],"collection":[{"href":"https:\/\/www.europesays.com\/es\/wp-json\/wp\/v2\/posts"}],"about":[{"href":"https:\/\/www.europesays.com\/es\/wp-json\/wp\/v2\/types\/post"}],"author":[{"embeddable":true,"href":"https:\/\/www.europesays.com\/es\/wp-json\/wp\/v2\/users\/2"}],"replies":[{"embeddable":true,"href":"https:\/\/www.europesays.com\/es\/wp-json\/wp\/v2\/comments?post=217721"}],"version-history":[{"count":0,"href":"https:\/\/www.europesays.com\/es\/wp-json\/wp\/v2\/posts\/217721\/revisions"}],"wp:featuredmedia":[{"embeddable":true,"href":"https:\/\/www.europesays.com\/es\/wp-json\/wp\/v2\/media\/217722"}],"wp:attachment":[{"href":"https:\/\/www.europesays.com\/es\/wp-json\/wp\/v2\/media?parent=217721"}],"wp:term":[{"taxonomy":"category","embeddable":true,"href":"https:\/\/www.europesays.com\/es\/wp-json\/wp\/v2\/categories?post=217721"},{"taxonomy":"post_tag","embeddable":true,"href":"https:\/\/www.europesays.com\/es\/wp-json\/wp\/v2\/tags?post=217721"}],"curies":[{"name":"wp","href":"https:\/\/api.w.org\/{rel}","templated":true}]}}