{"id":217734,"date":"2025-11-04T09:31:12","date_gmt":"2025-11-04T09:31:12","guid":{"rendered":"https:\/\/www.europesays.com\/es\/217734\/"},"modified":"2025-11-04T09:31:12","modified_gmt":"2025-11-04T09:31:12","slug":"justin-baldoni-pierde-la-demanda-millonaria-contra-blake-lively-al-no-recurrir-a-tiempo","status":"publish","type":"post","link":"https:\/\/www.europesays.com\/es\/217734\/","title":{"rendered":"Justin Baldoni pierde la demanda millonaria contra Blake Lively al no recurrir a tiempo"},"content":{"rendered":"<p id=\"eAEUCjnl8R\" data-wc=\"96\">Rompieron el c\u00edrculo primero, y han quebrado su medi\u00e1tica batalla legal despu\u00e9s. La <strong>demanda que Justin Baldoni interpuso a Blake Lively, su marido Ryan Reynolds y el peri\u00f3dico\u00a0<\/strong><strong>The New York Times<\/strong>\u00a0ha quedado en el limbo despu\u00e9s de que el director y actor haya dejado pasar el tiempo ofrecido para apelar tras la desestimaci\u00f3n de su caso el pasado mes de junio. La demanda millonaria por difamaci\u00f3n, de unos 400 millones de d\u00f3lares, lleg\u00f3 despu\u00e9s de que Lively le demandara por acoso en primera instancia, un pleito que sigue su curso en los juzgados estadounidenses.\u00a0<\/p>\n<p> <img src=\"https:\/\/www.europesays.com\/es\/wp-content\/uploads\/2025\/11\/cfe1971b38a5-gettyimages-1156770520.png\"   width=\"938\" height=\"1024\" loading=\"lazy\" decoding=\"async\" alt=\"Justin Baldoni\" fetchpriority=\"auto\" class=\"image ho-image\"\/>\u00a9 Getty ImagesJustin Baldoni no ha recurrido a tiempo y se ha desestimado su demanda por difamaci\u00f3n<\/p>\n<p id=\"ecQnvectZAy\" data-wc=\"114\">El peri\u00f3dico The New York Times\u00a0se encarg\u00f3 de dar cabida al testimonio de la actriz de 38 a\u00f1os, protagonista junto a Baldoni de\u00a0<a class=\"hm-link ho-link\" href=\"https:\/\/www.hola.com\/actualidad\/20250112739906\/blake-lively-y-justin-baldoni-batalla-que-divide-hollywood\/\" rel=\"noopener nofollow\" target=\"_blank\" data-mrf-recirculation=\"article-body-link\"><strong>Romper el c\u00edrculo<\/strong><strong>, la exitosa pel\u00edcula que adapt\u00f3 una novela de la autora Colleen Hoover<\/strong> -centrada en el abuso dom\u00e9stico-<\/a> y que fue el punto de partida de sus supuestos posteriores desencuentros dentro y fuera del rodaje. Seg\u00fan las declaraciones de Lively al medio, y del documento de 80 p\u00e1ginas que present\u00f3, Baldoni dise\u00f1\u00f3 un \u00abplan\u00bb para \u00abdestruir\u00bb su reputaci\u00f3n, le acusa de un \u00abacoso sexual repetido y un comportamiento perturbador\u00bb en el set de grabaci\u00f3n de la cinta y tambi\u00e9n de generar un ambiente de trabajo \u00abhostil\u00bb.\u00a0<\/p>\n<p> <img src=\"https:\/\/www.europesays.com\/es\/wp-content\/uploads\/2025\/11\/3b013b04a24d-romper-el-circulo.jpg\"   width=\"1080\" height=\"1080\" loading=\"lazy\" decoding=\"async\" alt=\"Blake Lively y Justin Baldoni en 'Romper el c\u00edrculo'\" fetchpriority=\"auto\" class=\"image ho-image\"\/>\u00a9 @itendswithusmovieBlake Lively y Justin Baldoni en &#8216;Romper el c\u00edrculo&#8217;<\/p>\n<p id=\"ersw3whOh-\" data-wc=\"118\">Seg\u00fan la denuncia, en enero de 2024 se celebr\u00f3 una reuni\u00f3n extraordinaria en la que se abordaron las exigencias de Lively para regresar al rodaje de Romper el c\u00edrculo\u00a0tras la huelga de actores y guionistas, lo que permiti\u00f3 reanudar la producci\u00f3n del filme despu\u00e9s de que la actriz alegase que hab\u00eda un ambiente hostil durante las grabaciones. En esa reuni\u00f3n, en la que tambi\u00e9n estaba su marido Ryan Reynolds, Lively explic\u00f3 que<strong>\u00a0Baldoni hab\u00eda hablado de su peso con su entrenador<\/strong>, la hab\u00eda presionado para que revelara sus creencias religiosas y <strong>hab\u00eda hablado de su vida sexual de forma inapropiada\u00a0<\/strong>(por ejemplo, hablando de la adicci\u00f3n a la pornograf\u00eda que hab\u00eda tenido el director en el pasado).<\/p>\n<p> <img src=\"https:\/\/www.europesays.com\/es\/wp-content\/uploads\/2025\/11\/a09819e4b576-gettyimages-1928881520.jpg\"   width=\"823\" height=\"1024\" loading=\"lazy\" decoding=\"async\" alt=\"La batalla legal entre Blake Lively y Justin Baldoni sigue en marcha\" fetchpriority=\"auto\" class=\"image ho-image\"\/>\u00a9 GC ImagesLa demanda que Blake Lively interpuso a Justin Baldoni por acoso sigue activa en los juzgados<\/p>\n<p id=\"eQ4_L_fYkR8\" data-wc=\"92\">Lively tambi\u00e9n se quej\u00f3 de que <strong>Jamey Heath, uno de los productores de la pel\u00edcula<\/strong> y consejero delegado de Wayfarer Studios, le mostr\u00f3 un v\u00eddeo de su mujer desnuda y dando a luz. La protagonista del largometraje tambi\u00e9n aleg\u00f3 que tanto Baldoni como Heath entraron en su caravana de maquillaje sin pedirle permiso primero, \u201cincluso cuando estaba amamantando a su hijo peque\u00f1o\u201d. Continu\u00f3 afirmando que <strong>\u201clas preocupaciones que [Lively] plante\u00f3 no eran solo para ella, sino para el resto del reparto femenino y el equipo, algunas de las cuales tambi\u00e9n hab\u00edan hablado\u201d<\/strong>.<\/p>\n<p> <img src=\"https:\/\/www.europesays.com\/es\/wp-content\/uploads\/2025\/11\/a8c0d02f660c-gettyimages-2165916386.jpg\"   width=\"1024\" height=\"682\" loading=\"lazy\" decoding=\"async\" alt=\"Blake Lively comparte un v\u00eddeo peinando a su sobrina y comprobamos que son iguales\" fetchpriority=\"auto\" class=\"image ho-image\"\/>\u00a9 Getty ImagesPreocupada por la actitud del director, Lively pidi\u00f3 una reuni\u00f3n de urgencia para poder continuar en el rodaje de &#8216;Romper el c\u00edrculo&#8217;<\/p>\n<p id=\"eRd-tlWb2m\" data-wc=\"93\">La actriz exigi\u00f3 al director que<strong>\u00a0no a\u00f1adiera m\u00e1s escenas de sexo fuera de lo que figuraba en el guion\u00a0<\/strong>de la pel\u00edcula, admitiendo durante la demanda que ambos hab\u00edan mantenido un comportamiento muy poco profesional: le narraban \u201csus relaciones sexuales pasadas\u201d a ella, entre otras cosas que incomodaron a la int\u00e9rprete entre tomas, como por ejemplo, el hecho de que Baldoni asegurase que <strong>pod\u00eda comunicarse con los muertos<\/strong>, incluido su padre, Ernie Lively, que muri\u00f3 en 2021. \u201cFue ofensivo y violento para ella reclamar una relaci\u00f3n personal con su padre recientemente fallecido\u201d.<\/p>\n<p> <img src=\"https:\/\/www.europesays.com\/es\/wp-content\/uploads\/2025\/11\/9aec505ca881-gettyimages-1928882045.jpg\"   width=\"1024\" height=\"694\" loading=\"lazy\" decoding=\"async\" alt=\"Justin Baldoni y Blake Lively \" fetchpriority=\"auto\" class=\"image ho-image\"\/>\u00a9 Getty imagesLa \u201ccampa\u00f1a de desprestigio\u201d que la actriz admite haber vivido  se remonta al estreno de &#8216;Romper el c\u00edrculo&#8217;<\/p>\n<p id=\"eNhunOhvWj1\" data-wc=\"174\">Volviendo a la \u201ccampa\u00f1a de desprestigio\u201d que la actriz admite haber vivido, todo se remonta al estreno de Romper el c\u00edrculo y a las entrevistas de prensa que ambos hicieron entre los meses de julio y agosto de 2024. Su escasa qu\u00edmica -nunca llegaron a posar juntos en los photocall- y las diferencias a la hora de hablar de la pel\u00edcula -Baldoni centr\u00f3 la campa\u00f1a en hablar sobre la violencia de g\u00e9nero, mientras que Lively se enfoc\u00f3 en su personaje, una mujer que era mucho m\u00e1s que una \u201cv\u00edctima\u201d- generaron un ambiente de tensi\u00f3n en torno a sus figuras. Para m\u00e1s inri, <strong>Baldoni contrat\u00f3 a la veterana representante Melissa Nathan<\/strong>, una experta a la hora de navegar las crisis reputacionales -y que hab\u00eda trabajado previamente con Johnny Depp durante su medi\u00e1tico juicio con Amber Heard-. El golpe reputacional hacia la actriz fue lo que la llev\u00f3 a presentar la demanda meses despu\u00e9s, un pleito que sigue activo y que estos d\u00edas recibe un impulso despu\u00e9s de que el caso de Baldoni se haya cerrado.\u00a0<\/p>\n<p> <img src=\"https:\/\/www.europesays.com\/es\/wp-content\/uploads\/2025\/11\/3039f8354be1-gettyimages-2212324853.jpg\"   width=\"1024\" height=\"685\" loading=\"lazy\" decoding=\"async\" alt=\"Blake Lively \" fetchpriority=\"auto\" class=\"image ho-image\"\/>\u00a9 GC Images,Getty ImagesBlake Lively <\/p>\n<p id=\"ekgQtq0ZOaMw\" data-wc=\"119\">El pasado mes de junio, cuando el juez desestim\u00f3 la demanda del director por difamaci\u00f3n sobre la actriz, su marido y The New York Times, Lively se sincer\u00f3 en sus redes sociales sobre el \u00abdolor\u00bb que hab\u00eda sentido durante este convulso tiempo: \u00abComo muchos otros, he sentido el dolor de una demanda por represalia, incluida la verg\u00fcenza fabricada que intenta quebrarnos\u00bb, escribi\u00f3 entonces la int\u00e9rprete. \u00abAunque la demanda contra m\u00ed fue desestimada, muchos no tienen los recursos para defenderse\u00bb, admiti\u00f3. La actriz a\u00f1adi\u00f3 en ese momento que estaba<strong>\u00a0\u00abm\u00e1s decidida que nunca a seguir defendiendo el derecho de todas las mujeres a tener voz para protegerse a s\u00ed mismas, incluyendo su seguridad, su integridad, su dignidad y su historia\u00bb.<\/strong><\/p>\n","protected":false},"excerpt":{"rendered":"Rompieron el c\u00edrculo primero, y han quebrado su medi\u00e1tica batalla legal despu\u00e9s. La demanda que Justin Baldoni interpuso&hellip;\n","protected":false},"author":2,"featured_media":217735,"comment_status":"","ping_status":"","sticky":false,"template":"","format":"standard","meta":{"footnotes":""},"categories":[174],"tags":[517,29858,255,177,146,147,25,24,256,23],"class_list":{"0":"post-217734","1":"post","2":"type-post","3":"status-publish","4":"format-standard","5":"has-post-thumbnail","7":"category-famosos","8":"tag-actualidad","9":"tag-blake-lively","10":"tag-celebrities","11":"tag-cine","12":"tag-entertainment","13":"tag-entretenimiento","14":"tag-es","15":"tag-espana","16":"tag-famosos","17":"tag-spain"},"share_on_mastodon":{"url":"https:\/\/pubeurope.com\/@es\/115490736648250726","error":""},"_links":{"self":[{"href":"https:\/\/www.europesays.com\/es\/wp-json\/wp\/v2\/posts\/217734","targetHints":{"allow":["GET"]}}],"collection":[{"href":"https:\/\/www.europesays.com\/es\/wp-json\/wp\/v2\/posts"}],"about":[{"href":"https:\/\/www.europesays.com\/es\/wp-json\/wp\/v2\/types\/post"}],"author":[{"embeddable":true,"href":"https:\/\/www.europesays.com\/es\/wp-json\/wp\/v2\/users\/2"}],"replies":[{"embeddable":true,"href":"https:\/\/www.europesays.com\/es\/wp-json\/wp\/v2\/comments?post=217734"}],"version-history":[{"count":0,"href":"https:\/\/www.europesays.com\/es\/wp-json\/wp\/v2\/posts\/217734\/revisions"}],"wp:featuredmedia":[{"embeddable":true,"href":"https:\/\/www.europesays.com\/es\/wp-json\/wp\/v2\/media\/217735"}],"wp:attachment":[{"href":"https:\/\/www.europesays.com\/es\/wp-json\/wp\/v2\/media?parent=217734"}],"wp:term":[{"taxonomy":"category","embeddable":true,"href":"https:\/\/www.europesays.com\/es\/wp-json\/wp\/v2\/categories?post=217734"},{"taxonomy":"post_tag","embeddable":true,"href":"https:\/\/www.europesays.com\/es\/wp-json\/wp\/v2\/tags?post=217734"}],"curies":[{"name":"wp","href":"https:\/\/api.w.org\/{rel}","templated":true}]}}