{"id":217806,"date":"2025-11-04T10:20:08","date_gmt":"2025-11-04T10:20:08","guid":{"rendered":"https:\/\/www.europesays.com\/es\/217806\/"},"modified":"2025-11-04T10:20:08","modified_gmt":"2025-11-04T10:20:08","slug":"la-1-de-rtve-volvio-a-arrasar-con-un-22-para-seguir-en-tv-la-comparecencia-de-carlos-mazon","status":"publish","type":"post","link":"https:\/\/www.europesays.com\/es\/217806\/","title":{"rendered":"La 1 de RTVE volvi\u00f3 a arrasar con un 22% para seguir en TV la comparecencia de Carlos Maz\u00f3n"},"content":{"rendered":"<p class=\"article-text\">\n        Si el pasado <a href=\"https:\/\/www.eldiario.es\/vertele\/audiencias-tv\/1-rtve-arraso-20-cadena-preferida-seguir-comparecencia-sanchez-senado_1_12730494.html\" data-mrf-recirculation=\"links-noticia\" class=\"link\" rel=\"nofollow noopener\" target=\"_blank\">jueves 30 de octubre<\/a> fue con la comparecencia de Pedro S\u00e1nchez en el Senado, la ma\u00f1ana de este lunes 3 de noviembre <strong>La 1 de RTVE<\/strong> volvi\u00f3 a ser la cadena preferida de la audiencia para seguir la <strong>comparecencia de Carlos Maz\u00f3n<\/strong> en la que <a href=\"https:\/\/www.eldiario.es\/comunitat-valenciana\/mazon-anuncia-dimision-diferido-presidente-generalitat-cerrar-sucesor-valide-vox_1_12133992.html\" data-mrf-recirculation=\"links-noticia\" class=\"link\" target=\"_blank\" rel=\"nofollow noopener\">anunci\u00f3 su dimisi\u00f3n<\/a>, primero \u201cen diferido\u201d y con un discurso nada claro sobre sus intenciones, y ya por la tarde present\u00e1ndola oficialmente.\n    <\/p>\n<p>    <a href=\"https:\/\/www.eldiario.es\/vertele\/noticias\/pregunta-intxaurrondo-discurso-mazon-dureza-ferreras-reaccion-presentadores-videos-ana-rosa-quintana-nacho-abad-susanna-griso_1_12736762.html\" data-mrf-recirculation=\"saber-mas\" data-dl-event=\"saber-mas\" rel=\"nofollow noopener\" target=\"_blank\"><\/p>\n<p class=\"know-more__title\">La pregunta de Intxaurrondo tras el discurso de Maz\u00f3n, la dureza de Ferreras, y la reacci\u00f3n de otros presentadores<\/p>\n<p>            <img decoding=\"async\" class=\"lazy\" loading=\"lazy\" data-src=\"https:\/\/static.eldiario.es\/clip\/6d3f425f-f3da-4b32-8b28-672caada5a16_16-9-aspect-ratio_default_0.jpg\" src=\"data:image\/svg+xml,%3Csvg xmlns=\" http:=\"\" viewbox=\"0 0 880 495\" alt=\"La pregunta de Intxaurrondo tras el discurso de Maz\u00f3n, la dureza de Ferreras, y la reacci\u00f3n de otros presentadores\"\/><\/p>\n<p>                        <\/a><\/p>\n<p class=\"article-text\">\n        Las tres principales cadenas conectaron <strong>de 9:09 a 9:29 horas<\/strong> de la ma\u00f1ana con la comparecencia del a\u00fan presidente de la Generalitat Valenciana, y sus resultados de audiencia durante esos 20 minutos, en las que las tres ofrecieron la misma se\u00f1al del discurso del pol\u00edtico del PP, fueron las siguientes:\n    <\/p>\n<p class=\"article-text\">\n        <strong>&#8211; Audiencias de la comparecencia de Carlos Maz\u00f3n:<\/strong>\n    <\/p>\n<ul>\n<li>La 1: <strong>22% y 496.000<\/strong><\/li>\n<li>Antena 3: <strong>13% y 294.000<\/strong><\/li>\n<li>Telecinco: <strong>11.4% y 259.000<\/strong><\/li>\n<\/ul>\n<p class=\"article-text\">\n        La cadena p\u00fablica domin\u00f3 la cobertura, que de hecho fue <strong>la emisi\u00f3n con m\u00e1s cuota de La 1 en el d\u00eda<\/strong>. Al durar apenas 20 minutos, lo que denota es que vuelve a ser el principal referente informativo y que el h\u00e1bito de la audiencia es ver sobre todo sus magacines de actualidad diaria, aunque sus Telediarios tambi\u00e9n han crecido pero siguen bajo el dominio que Antena 3 Noticias impone gracias a los arrastres de La Ruleta de la Suerte y Pasapalabra.\n    <\/p>\n<p class=\"article-text\">\n        Es decir, que los espectadores ya tienen la costumbre de ver <strong>La hora de La 1<\/strong>, el matinal presentado por <strong>Silvia Intxaurrondo<\/strong> que este lunes volvi\u00f3 a arrasar con <strong>19.3% y 388.000<\/strong>, y por eso la cadena sigue siendo la m\u00e1s vista cuando surgen \u201ceventos\u201d como la comparecencia de Maz\u00f3n. Lo demuestra que tambi\u00e9n <strong>Ma\u00f1aneros 360<\/strong>, con <strong>Adela Gonz\u00e1lez y Javier Ruiz<\/strong>, sigue en su mejor momento con un <strong>19.3%<\/strong> en su primer tramo, lo que supone su segunda mejor cuota hist\u00f3rica.\n    <\/p>\n<p class=\"article-text\">\n        Otra prueba de que esta situaci\u00f3n ya es la t\u00f3nica habitual es que sus rivales apenas var\u00edan, y se mueven en m\u00e1rgenes habituales para ellos. Este lunes <strong>Espejo P\u00fablico<\/strong> anot\u00f3 <strong>12.3% y 326.000<\/strong>, incluyendo la comparecencia de Maz\u00f3n igual que lo hizo <strong>El programa de AR<\/strong>, que reuni\u00f3 un <strong>10.3% y 270.000<\/strong>. Los matinales tanto de Antena 3 como de Telecinco se quedan lejos del seguimiento a las ma\u00f1anas de La 1 de RTVE.\n    <\/p>\n<p>    <a href=\"https:\/\/www.eldiario.es\/vertele\/audiencias-tv\/afecto-hormiguero-revuelta-llegada-access-tentaciones-nuevo-rival-tres-dias_1_12738723.html\" data-mrf-recirculation=\"saber-mas-abajo\" data-dl-event=\"saber-mas-abajo\" rel=\"nofollow noopener\" target=\"_blank\"><\/p>\n<p class=\"know-more__title\">As\u00ed afect\u00f3 a &#8216;El Hormiguero&#8217; y &#8216;La Revuelta&#8217; la llegada al access de las &#8216;Tentaciones&#8217;, su nuevo rival tres d\u00edas<\/p>\n<p>            <img decoding=\"async\" class=\"lazy\" loading=\"lazy\" data-src=\"https:\/\/static.eldiario.es\/clip\/092e033e-552a-4ee6-ad88-40a894ceb8a5_16-9-aspect-ratio_default_0.jpg\" src=\"data:image\/svg+xml,%3Csvg xmlns=\" http:=\"\" viewbox=\"0 0 880 495\" alt=\"As\u00ed afect\u00f3 a 'El Hormiguero' y 'La Revuelta' la llegada al access de las 'Tentaciones', su nuevo rival tres d\u00edas\"\/><\/p>\n<p>                        <\/a><\/p>\n<p class=\"article-text\">\n        En <strong>laSexta y Cuatro<\/strong>, la cobertura lleg\u00f3 un poco &#8216;a posteriori&#8217;. <strong>Al rojo vivo<\/strong> empieza a las 11:00, y este lunes anot\u00f3 un buen 9.2% y 339.000 con <a href=\"https:\/\/www.eldiario.es\/vertele\/noticias\/pregunta-intxaurrondo-discurso-mazon-dureza-ferreras-reaccion-presentadores-videos-ana-rosa-quintana-nacho-abad-susanna-griso_1_12736762.html\" data-mrf-recirculation=\"links-noticia\" class=\"link\" rel=\"nofollow noopener\" target=\"_blank\">la dureza de Ferreras<\/a> hacia Maz\u00f3n. Y <strong>En boca de todos<\/strong> arranca a las 10:30, y reuni\u00f3 6% y 190.000.\n    <\/p>\n<ul>\n<li><strong>Las audiencias de la ma\u00f1ana del lunes:<\/strong><\/li>\n<\/ul>\n","protected":false},"excerpt":{"rendered":"Si el pasado jueves 30 de octubre fue con la comparecencia de Pedro S\u00e1nchez en el Senado, la&hellip;\n","protected":false},"author":2,"featured_media":217807,"comment_status":"","ping_status":"","sticky":false,"template":"","format":"standard","meta":{"footnotes":""},"categories":[171],"tags":[3099,18891,46717,415,10156,146,147,25,24,1783,58339,1439,518,1791,14219,23,214,24632],"class_list":{"0":"post-217806","1":"post","2":"type-post","3":"status-publish","4":"format-standard","5":"has-post-thumbnail","7":"category-tv","8":"tag-3099","9":"tag-18891","10":"tag-arrasar","11":"tag-carlos","12":"tag-comparecencia","13":"tag-entertainment","14":"tag-entretenimiento","15":"tag-es","16":"tag-espana","17":"tag-la","18":"tag-la-hora","19":"tag-mazon","20":"tag-rtve","21":"tag-seguir","22":"tag-silvia-intxaurrondo","23":"tag-spain","24":"tag-tv","25":"tag-volvio"},"share_on_mastodon":{"url":"https:\/\/pubeurope.com\/@es\/115490929367294771","error":""},"_links":{"self":[{"href":"https:\/\/www.europesays.com\/es\/wp-json\/wp\/v2\/posts\/217806","targetHints":{"allow":["GET"]}}],"collection":[{"href":"https:\/\/www.europesays.com\/es\/wp-json\/wp\/v2\/posts"}],"about":[{"href":"https:\/\/www.europesays.com\/es\/wp-json\/wp\/v2\/types\/post"}],"author":[{"embeddable":true,"href":"https:\/\/www.europesays.com\/es\/wp-json\/wp\/v2\/users\/2"}],"replies":[{"embeddable":true,"href":"https:\/\/www.europesays.com\/es\/wp-json\/wp\/v2\/comments?post=217806"}],"version-history":[{"count":0,"href":"https:\/\/www.europesays.com\/es\/wp-json\/wp\/v2\/posts\/217806\/revisions"}],"wp:featuredmedia":[{"embeddable":true,"href":"https:\/\/www.europesays.com\/es\/wp-json\/wp\/v2\/media\/217807"}],"wp:attachment":[{"href":"https:\/\/www.europesays.com\/es\/wp-json\/wp\/v2\/media?parent=217806"}],"wp:term":[{"taxonomy":"category","embeddable":true,"href":"https:\/\/www.europesays.com\/es\/wp-json\/wp\/v2\/categories?post=217806"},{"taxonomy":"post_tag","embeddable":true,"href":"https:\/\/www.europesays.com\/es\/wp-json\/wp\/v2\/tags?post=217806"}],"curies":[{"name":"wp","href":"https:\/\/api.w.org\/{rel}","templated":true}]}}