{"id":217886,"date":"2025-11-04T11:21:14","date_gmt":"2025-11-04T11:21:14","guid":{"rendered":"https:\/\/www.europesays.com\/es\/217886\/"},"modified":"2025-11-04T11:21:14","modified_gmt":"2025-11-04T11:21:14","slug":"bucsa-alcanza-la-mejor-clasificacion-de-su-carrera","status":"publish","type":"post","link":"https:\/\/www.europesays.com\/es\/217886\/","title":{"rendered":"Bucsa alcanza la mejor clasificaci\u00f3n de su carrera"},"content":{"rendered":"<p><a class=\"v-mdl-ath__fig-a\" href=\"https:\/\/www.eldiariomontanes.es\/autor\/aser-falagan-916.html\" title=\"Aser Falag\u00e1n\" rel=\"nofollow noopener\" target=\"_blank\"><br \/>\n<img decoding=\"async\" class=\"v-mdl-ath__img\" src=\"https:\/\/www.europesays.com\/es\/wp-content\/uploads\/2025\/08\/1756646709_989_autor-916-foto-1.jpeg\" alt=\"Aser Falag\u00e1n\"\/><br \/>\n<\/a><\/p>\n<p class=\"v-mdl-ath__p v-mdl-ath__p--6\">\nMartes, 4 de noviembre 2025, 01:00<\/p>\n<p class=\"v-p\">Su <a href=\"https:\/\/www.eldiariomontanes.es\/deportes\/tenis\/bucsa-queda-titulo-hong-kong-20251102120131-nt.html\" title=\"www.eldiariomontanes.es\" data-voc-vtm-id=\"in-text-traffic\" data-mrf-link=\"www.eldiariomontanes.es\" rel=\"nofollow noopener\" target=\"_blank\">subcampeonato en el Open de Hong Kong <\/a>en la primera final de un WTA 250 que disputaba permite a Cristina Bucsa alcanzar, tras la actualizaci\u00f3n semanal de ayer, la mejor clasificaci\u00f3n individual de su carrera en la WTA. Desde este lunes la torrelaveguense es la 54 del mundo, con 1.098 puntos, despu\u00e9s de subir 14 puestos tras la celebraci\u00f3n de un torneo en el que defend\u00eda la segunda ronda de 2024 y en el que estuvo incluso cerca de llevarse la victoria. Este resultado la consolida adem\u00e1s -ya lo era- como la tercera raqueta espa\u00f1ola por detr\u00e1s de Paula Badosa (25\u00aa con 1.676 puntos) y Jessica Bouzas (42\u00aa con 1.262) y casi duplicando los puntos de su m\u00e1s inmediata perseguidora, Leire Romero, que no figura en el top 100 mundial.<\/p>\n<p class=\"v-p\">La c\u00e1ntabra est\u00e1, en consecuencia, en condiciones de cerrar el mejor a\u00f1o de su trayectoria deportiva en cuanto a lo que a la clasificaci\u00f3n WTA se refiere, a muy pocas semanas de que se clausure la temporada 2025, en la que ha disputado su primera final del 250 (hasta ahora su mejor resultado era su victoria en el WTA 125 de Hong Kong) y ganado dos t\u00edtulos en dobles que se unen al WTA 1.000 de Madrid y el bronce en los Juegos de Par\u00eds de 2024.<\/p>\n<p class=\"v-p\">Como doblista, la c\u00e1ntabra contin\u00faa consolidada en los mismos puestos, y se mantiene como la n\u00famero 29 de la WTA (lleg\u00f3 a ser la 19\u00aa del mundo) tras una competici\u00f3n en la que, a diferencia de su costumbre, no disput\u00f3 el cuadro femenino.<\/p>\n<p class=\"v-p\">Por el momento, luce una estad\u00edstica con 35 victorias y 31 derrotas en el circuito individual y de 27\/26 en el de dobles, aunque es en este segundo en el que han llegado sus dos triunfos del a\u00f1o, adem\u00e1s de la progresiva consolidaci\u00f3n de la pareja que forma en los \u00faltimos tiempos con la japonesa Shuko Aoyama, con la que ha disputado este a\u00f1o cinco torneo, abandonando su costumbre de cambiar frecuentemente de compa\u00f1era.<\/p>\n<p class=\"v-p\">A apenas dos meses para cumplir los 28 a\u00f1os, ya consolidada en el top 100 mundial y habitual en las grandes citas, la c\u00e1ntabra seguir\u00e1 a la caza de esa victoria individual que le falta para romper un nuevo techo en su carrera.<\/p>\n<p>Reporta un error<\/p>\n","protected":false},"excerpt":{"rendered":"Martes, 4 de noviembre 2025, 01:00 Su subcampeonato en el Open de Hong Kong en la primera final&hellip;\n","protected":false},"author":2,"featured_media":217887,"comment_status":"","ping_status":"","sticky":false,"template":"","format":"standard","meta":{"footnotes":""},"categories":[274],"tags":[11539,25738,4860,4616,168,25,24,1684,23,167,327,326],"class_list":{"0":"post-217886","1":"post","2":"type-post","3":"status-publish","4":"format-standard","5":"has-post-thumbnail","7":"category-tenis","8":"tag-alcanza","9":"tag-bucsa","10":"tag-carrera","11":"tag-clasificacion","12":"tag-deportes","13":"tag-es","14":"tag-espana","15":"tag-mejor","16":"tag-spain","17":"tag-sports","18":"tag-tenis","19":"tag-tennis"},"share_on_mastodon":{"url":"https:\/\/pubeurope.com\/@es\/115491169078838609","error":""},"_links":{"self":[{"href":"https:\/\/www.europesays.com\/es\/wp-json\/wp\/v2\/posts\/217886","targetHints":{"allow":["GET"]}}],"collection":[{"href":"https:\/\/www.europesays.com\/es\/wp-json\/wp\/v2\/posts"}],"about":[{"href":"https:\/\/www.europesays.com\/es\/wp-json\/wp\/v2\/types\/post"}],"author":[{"embeddable":true,"href":"https:\/\/www.europesays.com\/es\/wp-json\/wp\/v2\/users\/2"}],"replies":[{"embeddable":true,"href":"https:\/\/www.europesays.com\/es\/wp-json\/wp\/v2\/comments?post=217886"}],"version-history":[{"count":0,"href":"https:\/\/www.europesays.com\/es\/wp-json\/wp\/v2\/posts\/217886\/revisions"}],"wp:featuredmedia":[{"embeddable":true,"href":"https:\/\/www.europesays.com\/es\/wp-json\/wp\/v2\/media\/217887"}],"wp:attachment":[{"href":"https:\/\/www.europesays.com\/es\/wp-json\/wp\/v2\/media?parent=217886"}],"wp:term":[{"taxonomy":"category","embeddable":true,"href":"https:\/\/www.europesays.com\/es\/wp-json\/wp\/v2\/categories?post=217886"},{"taxonomy":"post_tag","embeddable":true,"href":"https:\/\/www.europesays.com\/es\/wp-json\/wp\/v2\/tags?post=217886"}],"curies":[{"name":"wp","href":"https:\/\/api.w.org\/{rel}","templated":true}]}}