{"id":217963,"date":"2025-11-04T12:18:07","date_gmt":"2025-11-04T12:18:07","guid":{"rendered":"https:\/\/www.europesays.com\/es\/217963\/"},"modified":"2025-11-04T12:18:07","modified_gmt":"2025-11-04T12:18:07","slug":"sinner-y-alcaraz-marcan-una-tendencia-abismal-en-el-tenis-zverev-esta-mas-cerca-del-ultimo-en-el-ranking-que-del-segundo-tenis","status":"publish","type":"post","link":"https:\/\/www.europesays.com\/es\/217963\/","title":{"rendered":"Sinner y Alcaraz marcan una tendencia abismal en el tenis: Zverev est\u00e1 m\u00e1s cerca del \u00faltimo en el ranking que del segundo | Tenis"},"content":{"rendered":"<p>El italiano Jannik Sinner ha recuperado este lunes el n\u00famero uno de la clasificaci\u00f3n mundial de tenis <a href=\"https:\/\/cadenaser.com\/nacional\/2025\/11\/02\/sinner-gana-el-master-1000-de-paris-y-vuelve-a-ser-numero-1-del-mundo-cadena-ser\/\" target=\"_blank\" rel=\"noreferrer nofollow noopener\" title=\"https:\/\/cadenaser.com\/nacional\/2025\/11\/02\/sinner-gana-el-master-1000-de-paris-y-vuelve-a-ser-numero-1-del-mundo-cadena-ser\/\">tras ganar su quinto Masters 1.000 en Par\u00eds<\/a>, triunfo gracias al cual rebasa al espa\u00f1ol Carlos Alcaraz, <a href=\"https:\/\/cadenaser.com\/nacional\/2025\/10\/29\/alcaraz-se-mete-en-un-lio-y-puede-perder-su-numero-1-antes-de-que-acabe-el-ano-cadena-ser\/\" target=\"_blank\" rel=\"noreferrer nofollow noopener\" title=\"https:\/\/cadenaser.com\/nacional\/2025\/10\/29\/alcaraz-se-mete-en-un-lio-y-puede-perder-su-numero-1-antes-de-que-acabe-el-ano-cadena-ser\/\">que cay\u00f3 en la capital francesa en su primer partido.<\/a> El pelirrojo, que levant\u00f3 su quinto t\u00edtulo del a\u00f1o y el 23 de su carrera, inicia su semana 66 al frente de la lista de la ATP, pero Alcaraz volver\u00e1 a recuperar el pr\u00f3ximo lunes el n\u00famero uno. Para acabar la temporada como n\u00famero uno, el espa\u00f1ol necesita ganar al menos tres partidos en las Finales de Tur\u00edn sin depender de los resultados del italiano.<\/p>\n<p>El italiano comanda la tabla con 11.500 puntos tras sumar 1.000 con esta victoria, en tanto que Alcaraz acumula 11.250 tras perder 90 esta semana. Se mantiene en el podio el alem\u00e1n Alexander Zverev con 5.560 tras perder 600. Esto permite que se le acerque al germano el estadounidense Taylor Fritz (4.735), cuarto por delante del serbio Novak Djokovic (4.580), mientras que el tambi\u00e9n norteamericano Ben Shelton (3.970) arrebata la sexta plaza al australiano Alex de Minaur (3.935). El segundo espa\u00f1ol en la clasificaci\u00f3n es el espa\u00f1ol Alejandro Davidovich, quien sube una plaza y es decimocuarto con 2.635 puntos. <\/p>\n<p>El binomino Carlos Alcaraz-Jannik Sinner se ha adue\u00f1ado del mundo del tenis a altas esferas. Con la actualizaci\u00f3n del ranking este lunes, la realidad es que la diferencia entre el \u00faltimo y el tercero es menor que la que hay entre el tercero y el segundo. El suizo Andrin Casanova, n\u00famero mil del ranking ATP, tiene 15 puntos, mientras que Alexander Zverev, n\u00famero tres del mundo, tiene 5.560 puntos. Por ello, la diferencia entre ambos se sit\u00faa en 5.545 puntos. Por comparar, Carlos Alcaraz, segundo clasificado, tiene 11.250 puntos, por lo que su diferencia con Zverev es de 5.690 puntos. <\/p>\n<p>Antes de que acabe la temporada en el mundo del tenis faltan dos grandes citas que tendr\u00e1n lugar en el mes de noviembre. Este mismo fin de semana dan comienzo las Nitto ATP Finals, una Copa de Maestros de donde saldr\u00e1 qui\u00e9n ser\u00e1 el n\u00famero uno del mundo de aqu\u00ed a final de a\u00f1o: Carlos Alcaraz o Jannik Sinner. Despu\u00e9s, la pen\u00faltima semana de noviembre tendr\u00e1 lugar en Bolonia la Copa Davis en una &#8216;Final 8&#8217; en donde Italia, sin el pelirrojo, buscar\u00e1 revalidar el t\u00edtulo conseguido en M\u00e1laga el a\u00f1o pasado. <a href=\"https:\/\/cadenaser.com\/nacional\/2025\/11\/03\/pablo-carreno-completa-el-equipo-de-espana-para-la-fase-final-de-la-copa-davis-alejandro-davidovich-queda-fuera-cadena-ser\/\" target=\"_blank\" rel=\"noreferrer nofollow noopener\" title=\"https:\/\/cadenaser.com\/nacional\/2025\/11\/03\/pablo-carreno-completa-el-equipo-de-espana-para-la-fase-final-de-la-copa-davis-alejandro-davidovich-queda-fuera-cadena-ser\/\">Espa\u00f1a se presenta a la cita con Carlos Alcaraz, Jaume Munar, Pablo Carre\u00f1o, Pedro Mart\u00ednez y Marcel Granollers.<\/a> <\/p>\n","protected":false},"excerpt":{"rendered":"El italiano Jannik Sinner ha recuperado este lunes el n\u00famero uno de la clasificaci\u00f3n mundial de tenis tras&hellip;\n","protected":false},"author":2,"featured_media":217964,"comment_status":"","ping_status":"","sticky":false,"template":"","format":"standard","meta":{"footnotes":""},"categories":[93],"tags":[5903,168,25,24,23,167],"class_list":{"0":"post-217963","1":"post","2":"type-post","3":"status-publish","4":"format-standard","5":"has-post-thumbnail","7":"category-deportes","8":"tag-atp-tour-tennis","9":"tag-deportes","10":"tag-es","11":"tag-espana","12":"tag-spain","13":"tag-sports"},"share_on_mastodon":{"url":"https:\/\/pubeurope.com\/@es\/115491392977612055","error":""},"_links":{"self":[{"href":"https:\/\/www.europesays.com\/es\/wp-json\/wp\/v2\/posts\/217963","targetHints":{"allow":["GET"]}}],"collection":[{"href":"https:\/\/www.europesays.com\/es\/wp-json\/wp\/v2\/posts"}],"about":[{"href":"https:\/\/www.europesays.com\/es\/wp-json\/wp\/v2\/types\/post"}],"author":[{"embeddable":true,"href":"https:\/\/www.europesays.com\/es\/wp-json\/wp\/v2\/users\/2"}],"replies":[{"embeddable":true,"href":"https:\/\/www.europesays.com\/es\/wp-json\/wp\/v2\/comments?post=217963"}],"version-history":[{"count":0,"href":"https:\/\/www.europesays.com\/es\/wp-json\/wp\/v2\/posts\/217963\/revisions"}],"wp:featuredmedia":[{"embeddable":true,"href":"https:\/\/www.europesays.com\/es\/wp-json\/wp\/v2\/media\/217964"}],"wp:attachment":[{"href":"https:\/\/www.europesays.com\/es\/wp-json\/wp\/v2\/media?parent=217963"}],"wp:term":[{"taxonomy":"category","embeddable":true,"href":"https:\/\/www.europesays.com\/es\/wp-json\/wp\/v2\/categories?post=217963"},{"taxonomy":"post_tag","embeddable":true,"href":"https:\/\/www.europesays.com\/es\/wp-json\/wp\/v2\/tags?post=217963"}],"curies":[{"name":"wp","href":"https:\/\/api.w.org\/{rel}","templated":true}]}}