{"id":218011,"date":"2025-11-04T12:53:13","date_gmt":"2025-11-04T12:53:13","guid":{"rendered":"https:\/\/www.europesays.com\/es\/218011\/"},"modified":"2025-11-04T12:53:13","modified_gmt":"2025-11-04T12:53:13","slug":"el-trono-del-n-o1-se-resolvera-entre-maestros","status":"publish","type":"post","link":"https:\/\/www.europesays.com\/es\/218011\/","title":{"rendered":"el trono del N.\u00ba1 se resolver\u00e1 entre maestros"},"content":{"rendered":"<p class=\"c-paragraph\">Siempre al acecho, imperturbable, a la espera del hachazo. Nadie crey\u00f3 a <a href=\"https:\/\/www.20minutos.es\/tags\/deportes\/jannik-sinner.html\" title=\"Jannik Sinner\" rel=\"nofollow noopener\" target=\"_blank\">Jannik Sinner<\/a> cuando declar\u00f3 eso de \u00abel n\u00famero 1 es ya imposible\u00bb la semana pasada, tampoco \u00e9l, que cuando vio caer a <a href=\"https:\/\/www.20minutos.es\/tags\/deportes\/jannik-sinner.html\" title=\"Jannik Sinner\" rel=\"nofollow noopener\" target=\"_blank\">Carlos Alcaraz<\/a> en primera ronda del <a href=\"https:\/\/www.20minutos.es\/tags\/deportes\/masters-de-paris.html\" title=\"Masters de Par\u00eds\" rel=\"nofollow noopener\" target=\"_blank\">Masters 1.000 de Par\u00eds<\/a> sab\u00eda que no iba a desperdiciar la ocasi\u00f3n.<\/p>\n<p class=\"c-paragraph\">Este domingo, con su s\u00f3lida victoria sobre el canadiense <b>F\u00e9lix Auguer &#8211; Aliassime en dos sets corridos (6-4\/ 7-6)<\/b>, el italiano dio el zarpazo para ocupar el trono. No sufri\u00f3 el de San C\u00e1ndido, capaz de sacar su siempre s\u00f3lida versi\u00f3n de tenis en una final que empez\u00f3 con un break inicial que le puso todo de cara en el primer set. Algo m\u00e1s complicada fue la segunda manga, resuelta en el tie break a base de galones.<\/p>\n<p class=\"c-paragraph\">Con su vigesimotercer t\u00edtulo profesional en la mano, el quinto Masters 1.000, Sinner recupera el liderato de la ATP durante, al menos, una semana. Es provisional, s\u00ed, pues al defender 1.500 puntos en las ATP Finals (la conocida tradicionalmente como Copa de Maestros), lo m\u00e1s probable es que Alcaraz vuelva a<b> recuperar su asiento en lo m\u00e1s alto antes de que acabe el a\u00f1o.<\/b><\/p>\n<p class=\"c-paragraph\">El torneo de los ocho mejores del a\u00f1o natural empieza el pr\u00f3ximo domingo (9 de noviembre) y tres victorias servir\u00edan a Carlos para volver al N.\u00ba1 incluso aunque Sinner reconquiste el t\u00edtulo. De lograrlo, Carlos culminar\u00eda otro curso espectacular en la cima, <b>como ya hizo en el pasado 2022.<\/b><\/p>\n<p class=\"c-paragraph\">No deber\u00e1 confiarse pues el murciano, ya que las &#8216;tramposas&#8217; declaraciones de Sinner de la semana pasada esconden mucho m\u00e1s: \u00abEl n\u00famero 1 ya es imposible. No pienso en ello por ahora, ser\u00e1 un objetivo para el a\u00f1o pr\u00f3ximo. <b>Este a\u00f1o, ya no est\u00e1 en mis manos<\/b>\u00ab. Cierto, no est\u00e1 completamente en sus manos, pero<b> tampoco lo estaba esta semana en Par\u00eds<\/b> y, cuando se le present\u00f3 la ocasi\u00f3n, no dud\u00f3.<\/p>\n<p class=\"c-paragraph\">El pupilo de Ferrero podr\u00eda zanjar esta disputa con un pleno de victorias en la fase de grupos de las ATP Finals (la llamada round robin), un torneo <b>casi tan &#8216;maldito&#8217; para los espa\u00f1oles como el de Par\u00eds<\/b>.<\/p>\n","protected":false},"excerpt":{"rendered":"Siempre al acecho, imperturbable, a la espera del hachazo. Nadie crey\u00f3 a Jannik Sinner cuando declar\u00f3 eso de&hellip;\n","protected":false},"author":2,"featured_media":212303,"comment_status":"","ping_status":"","sticky":false,"template":"","format":"standard","meta":{"footnotes":""},"categories":[274],"tags":[168,25,24,37982,20068,4759,2074,4466,23,167,327,326],"class_list":{"0":"post-218011","1":"post","2":"type-post","3":"status-publish","4":"format-standard","5":"has-post-thumbnail","7":"category-tenis","8":"tag-deportes","9":"tag-es","10":"tag-espana","11":"tag-hachazo","12":"tag-jannik","13":"tag-paris","14":"tag-que","15":"tag-sinner","16":"tag-spain","17":"tag-sports","18":"tag-tenis","19":"tag-tennis"},"share_on_mastodon":{"url":"https:\/\/pubeurope.com\/@es\/115491530944447041","error":""},"_links":{"self":[{"href":"https:\/\/www.europesays.com\/es\/wp-json\/wp\/v2\/posts\/218011","targetHints":{"allow":["GET"]}}],"collection":[{"href":"https:\/\/www.europesays.com\/es\/wp-json\/wp\/v2\/posts"}],"about":[{"href":"https:\/\/www.europesays.com\/es\/wp-json\/wp\/v2\/types\/post"}],"author":[{"embeddable":true,"href":"https:\/\/www.europesays.com\/es\/wp-json\/wp\/v2\/users\/2"}],"replies":[{"embeddable":true,"href":"https:\/\/www.europesays.com\/es\/wp-json\/wp\/v2\/comments?post=218011"}],"version-history":[{"count":0,"href":"https:\/\/www.europesays.com\/es\/wp-json\/wp\/v2\/posts\/218011\/revisions"}],"wp:featuredmedia":[{"embeddable":true,"href":"https:\/\/www.europesays.com\/es\/wp-json\/wp\/v2\/media\/212303"}],"wp:attachment":[{"href":"https:\/\/www.europesays.com\/es\/wp-json\/wp\/v2\/media?parent=218011"}],"wp:term":[{"taxonomy":"category","embeddable":true,"href":"https:\/\/www.europesays.com\/es\/wp-json\/wp\/v2\/categories?post=218011"},{"taxonomy":"post_tag","embeddable":true,"href":"https:\/\/www.europesays.com\/es\/wp-json\/wp\/v2\/tags?post=218011"}],"curies":[{"name":"wp","href":"https:\/\/api.w.org\/{rel}","templated":true}]}}