{"id":218056,"date":"2025-11-04T13:24:17","date_gmt":"2025-11-04T13:24:17","guid":{"rendered":"https:\/\/www.europesays.com\/es\/218056\/"},"modified":"2025-11-04T13:24:17","modified_gmt":"2025-11-04T13:24:17","slug":"cifras-y-letras-se-acerca-al-millon-de-espectadores-con-su-mejor-dato-de-audiencia-de-la-historia","status":"publish","type":"post","link":"https:\/\/www.europesays.com\/es\/218056\/","title":{"rendered":"&#8216;Cifras y Letras&#8217; se acerca al mill\u00f3n de espectadores con su mejor dato de audiencia de la historia"},"content":{"rendered":"<p class=\"c-paragraph\">El concurso cultural de La 2 <a href=\"https:\/\/www.20minutos.es\/tags\/temas\/cifras-y-letras.html\" title=\"Cifras y letras\" rel=\"nofollow noopener\" target=\"_blank\">Cifras y Letras<\/a> logr\u00f3 con la emisi\u00f3n de este lunes su <b>m\u00e1ximo hist\u00f3rico de espectadores, al llegar a los 912.000 seguidores<\/b> pendientes de las operaciones y la creaci\u00f3n de palabras. El espacio presentado por <a href=\"https:\/\/www.20minutos.es\/tags\/personas\/aitor-albizua.html\" title=\"Aitor Albizua\" rel=\"nofollow noopener\" target=\"_blank\">Aitor Albizua<\/a> logr\u00f3 adem\u00e1s su segunda mejor cuota hist\u00f3rica, con un 7,2%.\u00a0<\/p>\n<p class=\"c-paragraph\">La noche de este lunes en prime time era tambi\u00e9n noche de estreno, con la llegada de la novena temporada de <a href=\"https:\/\/www.20minutos.es\/tags\/temas\/la-isla-de-las-tentaciones.html\" title=\"La isla de las tentaciones\" rel=\"nofollow noopener\" target=\"_blank\">La Isla de las tentaciones<\/a> a Telecinco, <b>donde registr\u00f3 un buen\u00a010,9% de cuota y\u00a01.333.000 espectadores <\/b>en su edici\u00f3n express y un\u00a014,5% y<b>\u00a0<\/b>1.149.000 seguidores en el tramo ordinario.\u00a0<\/p>\n<p class=\"c-paragraph\">As\u00ed, el programa sobre infidelidades se impuso a otras opciones potentes de la noche, como <a href=\"https:\/\/www.20minutos.es\/tags\/temas\/masterchef-celebrity.html\" title=\"MasterChef Celebrity\" rel=\"nofollow noopener\" target=\"_blank\">MasterChef Celebrity<\/a>, que marc\u00f3 un\u00a013,2% y tan solo 694.000 espectadores, pues su horario se alarg\u00f3 casi hasta las dos de la madrugada, <b>cuando hay muchos menos espectadores, pero es m\u00e1s f\u00e1cil hacer una mejor cuota<\/b>, al haber menos competencia.\u00a0<\/p>\n<p class=\"c-paragraph\">En la pugna diaria entre <a href=\"https:\/\/www.20minutos.es\/tags\/temas\/la-revuelta.html\" title=\"La Revuelta\" rel=\"nofollow noopener\" target=\"_blank\">La Revuelta<\/a> y <a href=\"https:\/\/www.20minutos.es\/tags\/instituciones-empresas\/el-hormiguero.html\" title=\"El hormiguero\" rel=\"nofollow noopener\" target=\"_blank\">El Hormiguero<\/a> volvi\u00f3 a ganar este \u00faltimo. El programa de <a href=\"https:\/\/www.20minutos.es\/tags\/personas\/pablo-motos.html\" title=\"Pablo Motos\" rel=\"nofollow noopener\" target=\"_blank\">Pablo Motos <\/a><b>hizo un\u00a014,1% de cuota y 1.723.000 espectadores con la visita de Javier C\u00e1mara<\/b>, frente al\u00a011,8% y\u00a01.451.000 televidentes del programa de <a href=\"https:\/\/www.20minutos.es\/tags\/personas\/broncano.html\" title=\"David Broncano\" rel=\"nofollow noopener\" target=\"_blank\">David Broncano<\/a>, con Guillermo Garc\u00eda N\u00fa\u00f1ez y Sanguijuelas del Guadiana.\u00a0<\/p>\n<p class=\"c-paragraph\">Por cadenas, <b>el d\u00eda lo gan\u00f3 Antena 3, con un 14,3% de cuota<\/b>, seguida por La 1, con un 13,4%. Despu\u00e9s fueron Telecinco, con 9,1%; La Sexta, con 7,2%; Cuatro, con 5,4% y La 2, con un 4,2%.\u00a0<\/p>\n","protected":false},"excerpt":{"rendered":"El concurso cultural de La 2 Cifras y Letras logr\u00f3 con la emisi\u00f3n de este lunes su m\u00e1ximo&hellip;\n","protected":false},"author":2,"featured_media":218057,"comment_status":"","ping_status":"","sticky":false,"template":"","format":"standard","meta":{"footnotes":""},"categories":[171],"tags":[944,687,146,147,25,24,5131,7818,7745,23,214],"class_list":{"0":"post-218056","1":"post","2":"type-post","3":"status-publish","4":"format-standard","5":"has-post-thumbnail","7":"category-tv","8":"tag-acerca","9":"tag-cifras","10":"tag-entertainment","11":"tag-entretenimiento","12":"tag-es","13":"tag-espana","14":"tag-letras","15":"tag-millon","16":"tag-se","17":"tag-spain","18":"tag-tv"},"share_on_mastodon":{"url":"https:\/\/pubeurope.com\/@es\/115491652858204714","error":""},"_links":{"self":[{"href":"https:\/\/www.europesays.com\/es\/wp-json\/wp\/v2\/posts\/218056","targetHints":{"allow":["GET"]}}],"collection":[{"href":"https:\/\/www.europesays.com\/es\/wp-json\/wp\/v2\/posts"}],"about":[{"href":"https:\/\/www.europesays.com\/es\/wp-json\/wp\/v2\/types\/post"}],"author":[{"embeddable":true,"href":"https:\/\/www.europesays.com\/es\/wp-json\/wp\/v2\/users\/2"}],"replies":[{"embeddable":true,"href":"https:\/\/www.europesays.com\/es\/wp-json\/wp\/v2\/comments?post=218056"}],"version-history":[{"count":0,"href":"https:\/\/www.europesays.com\/es\/wp-json\/wp\/v2\/posts\/218056\/revisions"}],"wp:featuredmedia":[{"embeddable":true,"href":"https:\/\/www.europesays.com\/es\/wp-json\/wp\/v2\/media\/218057"}],"wp:attachment":[{"href":"https:\/\/www.europesays.com\/es\/wp-json\/wp\/v2\/media?parent=218056"}],"wp:term":[{"taxonomy":"category","embeddable":true,"href":"https:\/\/www.europesays.com\/es\/wp-json\/wp\/v2\/categories?post=218056"},{"taxonomy":"post_tag","embeddable":true,"href":"https:\/\/www.europesays.com\/es\/wp-json\/wp\/v2\/tags?post=218056"}],"curies":[{"name":"wp","href":"https:\/\/api.w.org\/{rel}","templated":true}]}}