{"id":218058,"date":"2025-11-04T13:25:18","date_gmt":"2025-11-04T13:25:18","guid":{"rendered":"https:\/\/www.europesays.com\/es\/218058\/"},"modified":"2025-11-04T13:25:18","modified_gmt":"2025-11-04T13:25:18","slug":"10-cantantes-de-rock-que-revelaron-sus-miedos-y-fobias","status":"publish","type":"post","link":"https:\/\/www.europesays.com\/es\/218058\/","title":{"rendered":"10 cantantes de rock que revelaron sus miedos y fobias"},"content":{"rendered":"<p>Aunque las figuras del rock aparentan no tenerle miedo a nada, lo cierto es que muchos esconden miedos bastante rid\u00edculos. A continuaci\u00f3n repasamos una lista de<strong> 10 cantantes de rock que revelaron cu\u00e1les son sus m\u00e1s grandes miedos y fobias.<\/strong><\/p>\n<p>Matt Bellamy <\/p>\n<p>El cantante de <strong><a href=\"https:\/\/indiehoy.com\/noticias\/matt-bellamy-muse-confunde-bandera-argentina-con-uruguay\/\" target=\"_blank\" rel=\"noreferrer noopener nofollow\">Muse<\/a><\/strong> tiene un miedo muy extra\u00f1o: \u00ab<strong>Ser fecundado por un alien y dar a luz<\/strong>\u00ab, dijo en una entrevista con NME en el a\u00f1o 2000. \u00abSer\u00eda horrible dar a luz a un freak y que lo tengas que esconder de todos pero a la vez tenerlo como propio\u00bb.<\/p>\n<p><img loading=\"lazy\" decoding=\"async\" width=\"1200\" height=\"800\" src=\"https:\/\/www.europesays.com\/es\/wp-content\/uploads\/2025\/11\/matt-bellamy-muse.jpg\" alt=\"Matt Bellamy de Muse\" class=\"wp-image-713341\"  \/>Matt Bellamy de Muse.<\/p>\n<p><strong>Ozzy Osbourne<\/strong><\/p>\n<p><strong><a href=\"https:\/\/indiehoy.com\/noticias\/venden-latas-de-te-helado-con-adn-de-ozzy-osbourne\/\" target=\"_blank\" rel=\"noreferrer noopener nofollow\">Ozzy Osbourne<\/a><\/strong> es conocido como \u00abEl pr\u00edncipe de las tinieblas\u00bb y a \u00e9l lo rodean muchas leyendas, como la vez que arranc\u00f3 la cabeza de un murci\u00e9lago con los dientes. De todos modos, <strong>el m\u00fasico tiene una fobia totalmente inesperada: a la ratas<\/strong>. As\u00ed lo confes\u00f3 en una entrevista con The Guardian: \u00abEs loco que alguien pueda creer que est\u00e9 ligado con el diablo, porque me aterran todo tipo de cosas. Soy muy supersticioso. Debo intentar no serlo, de otro modo no saldr\u00eda de mi casa\u00bb.<\/p>\n<p><img loading=\"lazy\" decoding=\"async\" width=\"1200\" height=\"800\" src=\"https:\/\/www.europesays.com\/es\/wp-content\/uploads\/2025\/11\/ozzy-osbourne.jpg\" alt=\"Ozzy Osbourne\" class=\"wp-image-770470\"  \/>Ozzy Osbourne. Foto: Liquid Death.<\/p>\n<p><strong>Chris Cornell<\/strong><\/p>\n<p><strong>Cornell tuvo una mala experiencia la primera vez que vol\u00f3 y, por mucho tiempo, qued\u00f3 con miedo a volar<\/strong>. As\u00ed lo relat\u00f3 en una entrevista de 1996 con Kerrang!: \u00abDespeg\u00f3 desde Seattle con mal clima y cuando subimos escuchamos una enorme explosi\u00f3n\u00bb. El vuelo fue un martirio por las tormentas. \u00abEso me traum\u00f3 totalmente por mucho tiempo\u00bb, sum\u00f3 el cantante. <\/p>\n<p><img loading=\"lazy\" decoding=\"async\" width=\"1200\" height=\"800\" src=\"https:\/\/www.europesays.com\/es\/wp-content\/uploads\/2025\/11\/chris-cornell.jpg\" alt=\"Chris Cornell\" class=\"wp-image-554146\"  \/>Chris Cornell.<\/p>\n<p><strong>Brian Wilson<\/strong><\/p>\n<p><strong>Brian Wilson, <a href=\"https:\/\/indiehoy.com\/noticias\/murio-brian-wilson-fundador-de-the-beach-boys-a-los-82-anos\/\" target=\"_blank\" rel=\"noreferrer noopener nofollow\">el recientemente fallecido l\u00edder de The Beach Boys<\/a>, tambi\u00e9n le ten\u00eda miedo a volar<\/strong>. El m\u00fasico batall\u00f3 con varios problemas de salud mental a lo largo de su vida y desde Houston Press relataron que en un vuelo, el m\u00fasico \u00abcomenz\u00f3 a llorar y a chillar. Gritaba contra una almohada, se dio vuelta del asiento y llor\u00f3 sobre el piso de la cabina\u00bb, en una suerte de ataque de p\u00e1nico.<\/p>\n<p><img loading=\"lazy\" decoding=\"async\" width=\"1200\" height=\"800\" src=\"https:\/\/www.europesays.com\/es\/wp-content\/uploads\/2025\/11\/brian-wilson.jpg\" alt=\"Brian Wilson.\" class=\"wp-image-255694\"  \/>Brian Wilson. Foto: Facebook de Brian Wilson.<\/p>\n<p><strong>Freddie Mercury<\/strong><\/p>\n<p><strong><a href=\"https:\/\/indiehoy.com\/historias\/cancion-queen-freddie-mercury-escribio-en-10-minutos\/\" target=\"_blank\" rel=\"noreferrer noopener nofollow\">Freddie Mercury<\/a><\/strong> <strong>le ten\u00eda mucho miedo a las ara\u00f1as<\/strong>. As\u00ed lo relat\u00f3 su pareja, Jim Hutton: \u00abA Freddie no le gustaban las ara\u00f1as, pero no quer\u00eda herirlas y nunca me hubiera pedido que mate une. A \u00e9l le gustaba que las agarre con un vaso o una caja y las saque afuera\u00bb.<\/p>\n<p><img loading=\"lazy\" decoding=\"async\" width=\"1200\" height=\"800\" src=\"https:\/\/www.europesays.com\/es\/wp-content\/uploads\/2025\/11\/freddie-mercury-1-3.jpg\" alt=\"Freddie Mercury\" class=\"wp-image-543643\"  \/>Freddie Mercury. Foto: Simon Fowler \u00a9 Mercury Songs Ltd.<\/p>\n<p><strong>Bruce Springsteen<\/strong><\/p>\n<p>Los miedos de <strong><a href=\"https:\/\/indiehoy.com\/historias\/bruce-springsteen-elige-la-cancion-mas-apocaliptica-que-hay\/\" target=\"_blank\" rel=\"noreferrer noopener nofollow\">Bruce Springsteen<\/a><\/strong> son m\u00e1s bien filos\u00f3ficos. Ya es sabido que <strong>es un f\u00e9rreo opositor de Donald Trump y son sus acciones pol\u00edticas las que lo aterran.<\/strong> As\u00ed declar\u00f3 en di\u00e1logo con Billboard, hablando sobre los cr\u00edmenes de odio, el racismo, etc: \u00abMis miedos son que esas cosas se vuelvan normales en la sociedad civil y com\u00fan y el pa\u00eds cambie en una forma que sea irreconocible\u00bb.<\/p>\n<p><img loading=\"lazy\" decoding=\"async\" width=\"1200\" height=\"800\" src=\"https:\/\/www.europesays.com\/es\/wp-content\/uploads\/2025\/11\/bruce-springsteen-1.jpg\" alt=\"Bruce Springsteen\" class=\"wp-image-758922\"  \/>Bruce Springsteen. Foto: Rob DeMartin.<\/p>\n<p><strong>Dave Grohl<\/strong><\/p>\n<p>El cantante de <a href=\"https:\/\/indiehoy.com\/historias\/5-canciones-esenciales-post-grunge-pavement-foo-fighters-mas\/\" target=\"_blank\" rel=\"noreferrer noopener nofollow\">Foo Fighters<\/a> revel\u00f3 en 2002 que <strong>sufre de claustrofobia<\/strong>. Sobre los sue\u00f1os recurrentes que tiene al respecto, afirm\u00f3: \u00abTengo locos sue\u00f1os claustrof\u00f3bicos, extra\u00f1os sue\u00f1os en los que el ascensor se cierra y de pronto estoy tirado en el piso&#8230;. Oh dios, es un ata\u00fad\u00bb.<\/p>\n<p><img loading=\"lazy\" decoding=\"async\" width=\"1200\" height=\"800\" src=\"https:\/\/www.europesays.com\/es\/wp-content\/uploads\/2025\/11\/dave-grohl-1.jpg\" alt=\"Dave Grohl.\" class=\"wp-image-564217\"  \/>Dave Grohl. Foto: Pooneh Ghana.<\/p>\n<p><strong>Alice Cooper<\/strong><\/p>\n<p><strong>Alice Cooper -un artista que hace gala de la est\u00e9tica gore tanto en sus vestuarios como en sus canciones- le tiene miedo a las agujas<\/strong>. As\u00ed lo dijo en una entrevista con James Corden: \u00abPueden poner mi cabeza en una guillotina, pueden poner una serpiente a mi alrededor, pero \u00bfun examen de sangre? No he sido inyectado en, probablemente, 30 o 40 a\u00f1os\u00bb. Cooper comparte esta fobia con Joe Perry de Aerosmith.<\/p>\n<p><img loading=\"lazy\" decoding=\"async\" width=\"1200\" height=\"800\" src=\"https:\/\/www.europesays.com\/es\/wp-content\/uploads\/2025\/11\/alice-cooper.jpg\" alt=\"Alice Cooper.\" class=\"wp-image-393579\"  \/>Alice Cooper. Foto: Ralph Arvesen.<\/p>\n<p><strong>Thom Yorke<\/strong><\/p>\n<p>Para muchos, el avi\u00f3n es el medio de transporte m\u00e1s temido. Sin embargo, <strong><a href=\"https:\/\/indiehoy.com\/noticias\/thom-yorke-comparte-un-comunicado-sobre-la-guerra-en-gaza\/\" target=\"_blank\" rel=\"noreferrer noopener nofollow\">Thom Yorke<\/a><\/strong> <strong>alega que el autom\u00f3vil es uno de los m\u00e1s peligrosos<\/strong>. As\u00ed lo cont\u00f3 en una entrevista de 2017 con Rolling Stone: \u00abNuestra familia casi tiene un terrible accidente de auto. Mi padre sol\u00eda hablar mucho del tema. Creo que quer\u00eda instalar la idea de que cualquier cosa puede pasar en cualquier momento si no tienes el control, lo que llev\u00f3 a una peque\u00f1a paranoia, tal vez justificada\u00bb.<\/p>\n<p><img loading=\"lazy\" decoding=\"async\" width=\"1200\" height=\"800\" src=\"https:\/\/www.europesays.com\/es\/wp-content\/uploads\/2025\/11\/thom-yorke.jpg\" alt=\"Thom Yorke\" class=\"wp-image-691046\"  \/>Thom Yorke.<\/p>\n<p>Brandon Flowers<\/p>\n<p>Incre\u00edble pero real, <strong>Brandon Flowers le teme al n\u00famero 621<\/strong>, que coincide con su cumplea\u00f1os (el 21 de junio). Esto se debe a que, de chico, la Ouija predijo que morir\u00eda en esa fecha. Aunque el m\u00fasico admite que su fobia \u00abes est\u00fapida\u00bb, trata de evitar por todos los medios esos n\u00fameros: no vuela el d\u00eda que cumple a\u00f1os y le esquiva a cualquier cosa que tenga esas cifras.<\/p>\n<p><img loading=\"lazy\" decoding=\"async\" width=\"1200\" height=\"800\" src=\"https:\/\/www.europesays.com\/es\/wp-content\/uploads\/2025\/11\/brandon-flowers.jpg\" alt=\"Brandon Flowers\" class=\"wp-image-619286\"  \/>Brandon Flowers.<\/p>\n","protected":false},"excerpt":{"rendered":"Aunque las figuras del rock aparentan no tenerle miedo a nada, lo cierto es que muchos esconden miedos&hellip;\n","protected":false},"author":2,"featured_media":218059,"comment_status":"","ping_status":"","sticky":false,"template":"","format":"standard","meta":{"footnotes":""},"categories":[170],"tags":[6551,58369,15894,22714,23864,11665,146,147,25,24,19730,58370,184,185,189,23,21086],"class_list":{"0":"post-218058","1":"post","2":"type-post","3":"status-publish","4":"format-standard","5":"has-post-thumbnail","7":"category-musica","8":"tag-alice-cooper","9":"tag-brandon-flowers","10":"tag-brian-wilson","11":"tag-bruce-springsteen","12":"tag-chris-cornell","13":"tag-dave-grohl","14":"tag-entertainment","15":"tag-entretenimiento","16":"tag-es","17":"tag-espana","18":"tag-freddie-mercury","19":"tag-matt-bellamy","20":"tag-music","21":"tag-musica","22":"tag-ozzy-osbourne","23":"tag-spain","24":"tag-thom-yorke"},"share_on_mastodon":{"url":"https:\/\/pubeurope.com\/@es\/115491656803108104","error":""},"_links":{"self":[{"href":"https:\/\/www.europesays.com\/es\/wp-json\/wp\/v2\/posts\/218058","targetHints":{"allow":["GET"]}}],"collection":[{"href":"https:\/\/www.europesays.com\/es\/wp-json\/wp\/v2\/posts"}],"about":[{"href":"https:\/\/www.europesays.com\/es\/wp-json\/wp\/v2\/types\/post"}],"author":[{"embeddable":true,"href":"https:\/\/www.europesays.com\/es\/wp-json\/wp\/v2\/users\/2"}],"replies":[{"embeddable":true,"href":"https:\/\/www.europesays.com\/es\/wp-json\/wp\/v2\/comments?post=218058"}],"version-history":[{"count":0,"href":"https:\/\/www.europesays.com\/es\/wp-json\/wp\/v2\/posts\/218058\/revisions"}],"wp:featuredmedia":[{"embeddable":true,"href":"https:\/\/www.europesays.com\/es\/wp-json\/wp\/v2\/media\/218059"}],"wp:attachment":[{"href":"https:\/\/www.europesays.com\/es\/wp-json\/wp\/v2\/media?parent=218058"}],"wp:term":[{"taxonomy":"category","embeddable":true,"href":"https:\/\/www.europesays.com\/es\/wp-json\/wp\/v2\/categories?post=218058"},{"taxonomy":"post_tag","embeddable":true,"href":"https:\/\/www.europesays.com\/es\/wp-json\/wp\/v2\/tags?post=218058"}],"curies":[{"name":"wp","href":"https:\/\/api.w.org\/{rel}","templated":true}]}}