{"id":218105,"date":"2025-11-04T13:55:08","date_gmt":"2025-11-04T13:55:08","guid":{"rendered":"https:\/\/www.europesays.com\/es\/218105\/"},"modified":"2025-11-04T13:55:08","modified_gmt":"2025-11-04T13:55:08","slug":"muere-dick-cheney-el-influyente-vicepresidente-republicano-de-george-w-bush","status":"publish","type":"post","link":"https:\/\/www.europesays.com\/es\/218105\/","title":{"rendered":"Muere Dick Cheney, el influyente vicepresidente republicano de George W. Bush"},"content":{"rendered":"<p>      CNN<br \/>\n        \u00a0\u2014\u00a0<\/p>\n<p class=\"paragraph inline-placeholder vossi-paragraph\" data-uri=\"es.cms.cnn.com\/_components\/paragraph\/instances\/cmhkheaj9003k26qpc8kb3k00@published\" data-editable=\"text\" data-component-name=\"paragraph\" data-article-gutter=\"true\">\n            Dick Cheney, el vicepresidente m\u00e1s poderoso de la era moderna estadounidense y principal art\u00edfice de la \u201cguerra contra el terrorismo\u201d \u2014quien contribuy\u00f3 a que el pa\u00eds se involucrara en la desastrosa invasi\u00f3n de Iraq bas\u00e1ndose en premisas err\u00f3neas\u2014 muri\u00f3, seg\u00fan un comunicado de su familia. Ten\u00eda 84 a\u00f1os.\n    <\/p>\n<p class=\"paragraph inline-placeholder vossi-paragraph\" data-uri=\"es.cms.cnn.com\/_components\/paragraph\/instances\/cmhklcfic00043b6izu80cb0h@published\" data-editable=\"text\" data-component-name=\"paragraph\" data-article-gutter=\"true\">\n            \u201cSu amada esposa Lynne, con quien comparti\u00f3 61 a\u00f1os de matrimonio, sus hijas Liz y Mary, y otros familiares lo acompa\u00f1aron en sus \u00faltimos momentos\u201d, expres\u00f3 la familia, a\u00f1adiendo que falleci\u00f3 debido a complicaciones derivadas de una neumon\u00eda y una enfermedad cardiovascular.\n    <\/p>\n<p class=\"paragraph inline-placeholder vossi-paragraph\" data-uri=\"es.cms.cnn.com\/_components\/paragraph\/instances\/cmhkhl2j90000356kw113m5nv@published\" data-editable=\"text\" data-component-name=\"paragraph\" data-article-gutter=\"true\">\n            El cuadrag\u00e9simo sexto vicepresidente, quien sirvi\u00f3 junto al presidente republicano George W. Bush durante dos mandatos entre 2001 y 2009, fue durante d\u00e9cadas una figura influyente y controvertida en Washington.\n    <\/p>\n<p class=\"paragraph inline-placeholder vossi-paragraph\" data-uri=\"es.cms.cnn.com\/_components\/paragraph\/instances\/cmhki2euu0001356nlgc5r5ad@published\" data-editable=\"text\" data-component-name=\"paragraph\" data-article-gutter=\"true\">\n            Sin embargo, en sus \u00faltimos a\u00f1os, Cheney, a\u00fan un conservador de l\u00ednea dura, fue pr\u00e1cticamente marginado de su partido debido a sus intensas <a href=\"https:\/\/nam11.safelinks.protection.outlook.com\/?url=https%3A%2F%2Fwww.cnn.com%2F2022%2F08%2F09%2Fmedia%2Fliz-cheney-fox-news-ad-spots%2Findex.html%23%3A~%3Atext%3DThe%2520ad%2520shows%2520Dick%2520Cheney%2Cattack%2520on%2520the%2520US%2520Capitol.&amp;data=05%7C02%7Clauren.chadwick%40cnn.com%7Cf2ec01bb518c4eb9314808de05c9c5a6%7C0eb48825e8714459bc72d0ecd68f1f39%7C0%7C0%7C638954561325672952%7CUnknown%7CTWFpbGZsb3d8eyJFbXB0eU1hcGkiOnRydWUsIlYiOiIwLjAuMDAwMCIsIlAiOiJXaW4zMiIsIkFOIjoiTWFpbCIsIldUIjoyfQ%3D%3D%7C0%7C%7C%7C&amp;sdata=O6gFsyrfGCzhfTc45rasKSPQNp0caoYdhSBJSA7xMX4%3D&amp;reserved=0\" target=\"_blank\" rel=\"noopener noreferrer nofollow\">cr\u00edticas al presidente Donald Trump,<\/a> a quien tild\u00f3 de \u201ccobarde\u201d y la mayor amenaza que jam\u00e1s haya enfrentado la rep\u00fablica.\n    <\/p>\n<p class=\"paragraph inline-placeholder vossi-paragraph\" data-uri=\"es.cms.cnn.com\/_components\/paragraph\/instances\/cmhkhow4d0004356kve7wf206@published\" data-editable=\"text\" data-component-name=\"paragraph\" data-article-gutter=\"true\">\n            En un ir\u00f3nico ep\u00edlogo a una brillante carrera pol\u00edtica, emiti\u00f3 su \u00faltimo voto en las elecciones presidenciales de 2024 por una dem\u00f3crata liberal, y tambi\u00e9n miembro del club de los vicepresidentes, Kamala Harris, reflejando as\u00ed c\u00f3mo el Partido Republicano populista se hab\u00eda vuelto en contra de su conservadurismo tradicional.\n    <\/p>\n<p class=\"paragraph inline-placeholder vossi-paragraph\" data-uri=\"es.cms.cnn.com\/_components\/paragraph\/instances\/cmhkhow4d0005356ka4ut6muu@published\" data-editable=\"text\" data-component-name=\"paragraph\" data-article-gutter=\"true\">\n            Cheney padeci\u00f3 enfermedades cardiovasculares durante la mayor parte de su vida adulta, sobreviviendo a una serie de ataques card\u00edacos, para luego llevar una vida plena y vigorosa, y vivi\u00f3 muchos a\u00f1os jubilado despu\u00e9s de un <a href=\"https:\/\/nam11.safelinks.protection.outlook.com\/?url=https%3A%2F%2Fwww.cnn.com%2F2012%2F03%2F24%2Fpolitics%2Fcheney-transplant-surgery%2Findex.html&amp;data=05%7C02%7Clauren.chadwick%40cnn.com%7Cf2ec01bb518c4eb9314808de05c9c5a6%7C0eb48825e8714459bc72d0ecd68f1f39%7C0%7C0%7C638954561325699344%7CUnknown%7CTWFpbGZsb3d8eyJFbXB0eU1hcGkiOnRydWUsIlYiOiIwLjAuMDAwMCIsIlAiOiJXaW4zMiIsIkFOIjoiTWFpbCIsIldUIjoyfQ%3D%3D%7C0%7C%7C%7C&amp;sdata=zNUbftCBwViF57tdlvAHN4GTad1QNTi98uoxJzbxpk4%3D&amp;reserved=0\" target=\"_blank\" rel=\"nofollow noopener\">trasplante de coraz\u00f3n en 2012<\/a> que \u00e9l mismo calific\u00f3 en una entrevista de 2014 como \u201cel regalo de la vida misma\u201d.\n    <\/p>\n<p class=\"paragraph inline-placeholder vossi-paragraph\" data-uri=\"es.cms.cnn.com\/_components\/paragraph\/instances\/cmhkhow4d0006356kh09h1pvb@published\" data-editable=\"text\" data-component-name=\"paragraph\" data-article-gutter=\"true\">\n            Cheney, un sarc\u00e1stico exrepresentante de Wyoming, ex secretario general de la Casa Blanca y exsecretario de Defensa, disfrutaba de una lucrativa carrera en el mundo empresarial cuando George W. Bush le encomend\u00f3 la tarea de evaluar a los posibles candidatos a la vicepresidencia.\n    <\/p>\n<p class=\"paragraph inline-placeholder vossi-paragraph\" data-uri=\"es.cms.cnn.com\/_components\/paragraph\/instances\/cmhki50yd0003356nqw7yt97o@published\" data-editable=\"text\" data-component-name=\"paragraph\" data-article-gutter=\"true\">\n             La misi\u00f3n culmin\u00f3 con el propio Cheney jurando el cargo como un experimentado n\u00famero dos de un inexperto presidente que lleg\u00f3 al Despacho Oval tras unas elecciones disputadas.\n    <\/p>\n<p class=\"paragraph inline-placeholder vossi-paragraph\" data-uri=\"es.cms.cnn.com\/_components\/paragraph\/instances\/cmhkhow4d0007356k06hjszty@published\" data-editable=\"text\" data-component-name=\"paragraph\" data-article-gutter=\"true\">\n            Si bien las caricaturas de Cheney como el verdadero presidente no reflejan con exactitud la verdadera din\u00e1mica del c\u00edrculo \u00edntimo de Bush, \u00e9l disfrutaba de la enorme influencia que ejerc\u00eda entre bastidores.\n    <\/p>\n<p class=\"paragraph inline-placeholder vossi-paragraph\" data-uri=\"es.cms.cnn.com\/_components\/paragraph\/instances\/cmhkje56l001t356nr23rqb7o@published\" data-editable=\"text\" data-component-name=\"paragraph\" data-article-gutter=\"true\">\n            La familia de Cheney confirm\u00f3 su muerte a trav\u00e9s de un comunicado, que enumera los altos cargos que asumi\u00f3 en las esferas de poder pol\u00edtico del Estados Unidos: \u201cDurante d\u00e9cadas, Dick Cheney sirvi\u00f3 a nuestra naci\u00f3n, desempe\u00f1ando cargos como secretario general de la Casa Blanca, congresista por Wyoming, secretario de Defensa y vicepresidente de Estados Unidos\u201d.\n    <\/p>\n<p class=\"paragraph inline-placeholder vossi-paragraph\" data-uri=\"es.cms.cnn.com\/_components\/paragraph\/instances\/cmhkje56l001w356n1dxaqjuf@published\" data-editable=\"text\" data-component-name=\"paragraph\" data-article-gutter=\"true\">\n            Y destaca tambi\u00e9n su faceta como hombre de familia, al mencionar que \u201cDick Cheney fue un gran hombre que inculc\u00f3 a sus hijos y nietos el amor por nuestro pa\u00eds y una vida de valent\u00eda, honor, amor, bondad y, sobre todo, de pesca con mosca\u201d.\n    <\/p>\n<p class=\"paragraph inline-placeholder vossi-paragraph\" data-uri=\"es.cms.cnn.com\/_components\/paragraph\/instances\/cmhkje56l001x356nt0mr9v4b@published\" data-editable=\"text\" data-component-name=\"paragraph\" data-article-gutter=\"true\">\n            \u201cLe estamos profundamente agradecidos por todo lo que Dick Cheney hizo por nuestro pa\u00eds. Y nos sentimos inmensamente afortunados de haber amado y haber sido amados por este noble e imponente hombre\u201d, apunta su familia.\n    <\/p>\n","protected":false},"excerpt":{"rendered":"CNN \u00a0\u2014\u00a0 Dick Cheney, el vicepresidente m\u00e1s poderoso de la era moderna estadounidense y principal art\u00edfice de la&hellip;\n","protected":false},"author":2,"featured_media":218106,"comment_status":"","ping_status":"","sticky":false,"template":"","format":"standard","meta":{"footnotes":""},"categories":[42],"tags":[17,18,57196,58391,13,14,11,150,61,62,63,64,19,20,9,10,15,16,12,21,22,65,66,67],"class_list":{"0":"post-218105","1":"post","2":"type-post","3":"status-publish","4":"format-standard","5":"has-post-thumbnail","7":"category-internacional","8":"tag-breaking-news","9":"tag-breakingnews","10":"tag-bush","11":"tag-dick-cheney","12":"tag-featured-news","13":"tag-featurednews","14":"tag-headlines","15":"tag-instanoticias","16":"tag-internacional","17":"tag-international","18":"tag-international-news","19":"tag-internationalnews","20":"tag-latest-news","21":"tag-latestnews","22":"tag-news","23":"tag-noticias","24":"tag-noticias-destacadas","25":"tag-noticiasdestacadas","26":"tag-titulares","27":"tag-ultimas-noticias","28":"tag-ultimasnoticias","29":"tag-world","30":"tag-world-news","31":"tag-worldnews"},"share_on_mastodon":{"url":"https:\/\/pubeurope.com\/@es\/115491774364202742","error":""},"_links":{"self":[{"href":"https:\/\/www.europesays.com\/es\/wp-json\/wp\/v2\/posts\/218105","targetHints":{"allow":["GET"]}}],"collection":[{"href":"https:\/\/www.europesays.com\/es\/wp-json\/wp\/v2\/posts"}],"about":[{"href":"https:\/\/www.europesays.com\/es\/wp-json\/wp\/v2\/types\/post"}],"author":[{"embeddable":true,"href":"https:\/\/www.europesays.com\/es\/wp-json\/wp\/v2\/users\/2"}],"replies":[{"embeddable":true,"href":"https:\/\/www.europesays.com\/es\/wp-json\/wp\/v2\/comments?post=218105"}],"version-history":[{"count":0,"href":"https:\/\/www.europesays.com\/es\/wp-json\/wp\/v2\/posts\/218105\/revisions"}],"wp:featuredmedia":[{"embeddable":true,"href":"https:\/\/www.europesays.com\/es\/wp-json\/wp\/v2\/media\/218106"}],"wp:attachment":[{"href":"https:\/\/www.europesays.com\/es\/wp-json\/wp\/v2\/media?parent=218105"}],"wp:term":[{"taxonomy":"category","embeddable":true,"href":"https:\/\/www.europesays.com\/es\/wp-json\/wp\/v2\/categories?post=218105"},{"taxonomy":"post_tag","embeddable":true,"href":"https:\/\/www.europesays.com\/es\/wp-json\/wp\/v2\/tags?post=218105"}],"curies":[{"name":"wp","href":"https:\/\/api.w.org\/{rel}","templated":true}]}}