{"id":218125,"date":"2025-11-04T14:11:09","date_gmt":"2025-11-04T14:11:09","guid":{"rendered":"https:\/\/www.europesays.com\/es\/218125\/"},"modified":"2025-11-04T14:11:09","modified_gmt":"2025-11-04T14:11:09","slug":"saratoga-anuncia-que-el-10-de-enero-tocara-en-live-las-ventas-leo-jimenez-se-suma-a-la-cita-sera-el-ultimo-concierto-con-jero","status":"publish","type":"post","link":"https:\/\/www.europesays.com\/es\/218125\/","title":{"rendered":"SARATOGA anuncia que el 10 de enero tocar\u00e1 en Live Las Ventas. Leo Jim\u00e9nez se suma a la cita. Ser\u00e1 el \u00faltimo concierto con Jero."},"content":{"rendered":"<p>\u00a0<\/p>\n<p>\u00a0<\/p>\n<p><strong>SARATOGA anuncia que el 10 de enero tocar\u00e1 en Live Las Ventas. Leo Jimenez se suma a la cita<\/strong>. <strong>Ser\u00e1 el \u00faltimo concierto con Jero.<\/strong><br \/>\n<img fetchpriority=\"high\" decoding=\"async\" src=\"https:\/\/www.europesays.com\/es\/wp-content\/uploads\/2025\/11\/las_ventas500x267.jpg\" alt=\"SARATOGA\" width=\"500\" height=\"267\"\/><\/p>\n<p>Esta es la nota oficial:<\/p>\n<p>S\u00e1bado 10 de Enero del 2026 <a href=\"https:\/\/www.saratoga.com.es\/\" target=\"_blank\" rel=\"noopener nofollow\"><strong>SARATOGA<\/strong><\/a> \u2013 <a href=\"https:\/\/livelasventas.com\/es\/\" target=\"_blank\" rel=\"noopener nofollow\">LIVE LAS VENTAS \u2013 MADRID<\/a> \u2013 \u201cCinco titanes . Primera y \u00faltima vez . Un solo escenario en un mano a mano toda la noche\u201d. \u201c<strong>Tete Novoa, Jero Ramiro, Niko del Hierro, Arnau Mart\u00ed y Leo Jim\u00e9nez<\/strong>\u201d compartir\u00e1n escenario en un mano a mano brutal durante todo el concierto. Una noche donde la potencia, la pasi\u00f3n y el metal alcanzar\u00e1n su m\u00e1ximo esplendor.<\/p>\n<p>En Madrid, la cuna de <a href=\"https:\/\/www.saratoga.com.es\/\" target=\"_blank\" rel=\"noopener nofollow\"><strong>SARATOGA<\/strong><\/a> , <a href=\"https:\/\/livelasventas.com\/es\/\" target=\"_blank\" rel=\"noopener nofollow\">LIVE LAS VENTAS<\/a> ser\u00e1 testigo de un show \u00e9pico: \u201cEl Clan de los Lobos\u201d en su versi\u00f3n m\u00e1s espectacular. Cada acorde, cada riff y cada grito desgarrador retumbar\u00e1n en un directo que marcar\u00e1 un antes y un despu\u00e9s en la historia del metal espa\u00f1ol.<\/p>\n<p>\u00a1UN EVENTO \u00daNICO E IRREPETIBLE EN TODO EL MUNDO!<\/p>\n<p><a href=\"https:\/\/bit.ly\/4iqe1lY.\" rel=\"nofollow noopener\" target=\"_blank\">ENTRADAS ONLINE<\/a>:\u00a0 Wegow<\/p>\n<p>ENTRADAS FISICAS. ( PROXIMAMENTE ) Su compra solo se realizar\u00e1 en Efectivo.<\/p>\n<ul>\n<li>LA PARADA DEL DIABLO<br \/>Calle Hospital 8, Pinto (Madrid )<br \/>Tlf: 910 938 364<\/li>\n<li>ALGO SALVAJE ROCK BAR<br \/>C\/ P\u00e1rroco Don Emilio Franco 11. (Madrid)<\/li>\n<\/ul>\n<p>\u201cPase ViP GOLD\u201d :<br \/>Exclusivo Online. \u00a1Vive algo que nadie m\u00e1s vivir\u00e1! Disponibilidad muy limitada.<\/p>\n<p>\u2022 Acceso prioritario al recinto (1 hora y media antes del inicio del show).<br \/>\u2022 Firma de aut\u00f3grafos mas foto con los miembros de <a href=\"https:\/\/www.saratoga.com.es\/\" target=\"_blank\" rel=\"noopener nofollow\"><strong>SARATOGA<\/strong><\/a> (Tete Novoa, Jero Ramiro,Niko del Hierro y Arnau Mart\u00ed).<\/p>\n<p>\u2022 Acceso exclusivo a la prueba de sonido, donde se interpretar\u00e1n 2 temas in\u00e9ditos que no<br \/>formar\u00e1n parte del concierto.<\/p>\n<p>\u2022 Regalo conmemorativo \u00fanico y especial de ese concierto.<br \/>. Pulsera VIP GOLDEN.<\/p>\n<p>\u2022 Y adem\u00e1s \u2026. Compartidas un catering exclusivo, junto a un encuentro personal con SARATOGA antes del show (Meet &amp; Greet).<br \/>Un recuerdo para toda la vida. \u00a1No te quedes fuera!<\/p>\n<p>Horarios:<\/p>\n<ul>\n<li>18.00 Acceso pase VIP<\/li>\n<li>19:30 Apertura de puertas General<\/li>\n<li>21:00 Concierto<\/li>\n<\/ul>\n<p><img loading=\"lazy\" decoding=\"async\" src=\"https:\/\/www.europesays.com\/es\/wp-content\/uploads\/2025\/11\/las_ventas.jpg\" alt=\"SARATOGA\" width=\"500\" height=\"589\"\/><\/p>\n<p><strong>Ser\u00e1 el \u00faltimo concierto que la banda dar\u00e1 con Jero Ramiro. <\/strong><\/p>\n<p>Recordamos los comunicados: <strong><a href=\"https:\/\/www.rafabasa.com\/2025\/10\/06\/jero-ramiro-contesta-al-comunicado-de-saratoga\/\" target=\"_blank\" rel=\"noopener nofollow\">Jero<\/a><\/strong> \/ <strong><a href=\"https:\/\/www.rafabasa.com\/2025\/10\/06\/comunicado-oficial-de-saratoga-que-anuncia-cambio-de-guitarrista\/\" target=\"_blank\" rel=\"noopener nofollow\">SARATOGA<\/a><\/strong><\/p>\n<p><a href=\"https:\/\/www.saratoga.com.es\/\" target=\"_blank\" rel=\"noopener nofollow\"><strong>SARATOGA<\/strong><\/a> anunci\u00f3 la entrada de su nuevo guitarrista <strong>\u00a0Charlie Parra<\/strong> con quien ha realizado una exitosa gira por Latino Am\u00e9rica.<\/p>\n<p>La banda est\u00e1 grabando su nuevo \u00e1lbum, ya sin Jero, que ver\u00e1 la luz en el primer trimestre de 2026.<\/p>\n<p>\u00a0<\/p>\n<p>\u00a0<\/p>\n","protected":false},"excerpt":{"rendered":"\u00a0 \u00a0 SARATOGA anuncia que el 10 de enero tocar\u00e1 en Live Las Ventas. Leo Jimenez se suma&hellip;\n","protected":false},"author":2,"featured_media":218126,"comment_status":"","ping_status":"","sticky":false,"template":"","format":"standard","meta":{"footnotes":""},"categories":[170],"tags":[146,147,25,24,184,185,40578,23],"class_list":{"0":"post-218125","1":"post","2":"type-post","3":"status-publish","4":"format-standard","5":"has-post-thumbnail","7":"category-musica","8":"tag-entertainment","9":"tag-entretenimiento","10":"tag-es","11":"tag-espana","12":"tag-music","13":"tag-musica","14":"tag-saratoga","15":"tag-spain"},"share_on_mastodon":{"url":"https:\/\/pubeurope.com\/@es\/115491837834979976","error":""},"_links":{"self":[{"href":"https:\/\/www.europesays.com\/es\/wp-json\/wp\/v2\/posts\/218125","targetHints":{"allow":["GET"]}}],"collection":[{"href":"https:\/\/www.europesays.com\/es\/wp-json\/wp\/v2\/posts"}],"about":[{"href":"https:\/\/www.europesays.com\/es\/wp-json\/wp\/v2\/types\/post"}],"author":[{"embeddable":true,"href":"https:\/\/www.europesays.com\/es\/wp-json\/wp\/v2\/users\/2"}],"replies":[{"embeddable":true,"href":"https:\/\/www.europesays.com\/es\/wp-json\/wp\/v2\/comments?post=218125"}],"version-history":[{"count":0,"href":"https:\/\/www.europesays.com\/es\/wp-json\/wp\/v2\/posts\/218125\/revisions"}],"wp:featuredmedia":[{"embeddable":true,"href":"https:\/\/www.europesays.com\/es\/wp-json\/wp\/v2\/media\/218126"}],"wp:attachment":[{"href":"https:\/\/www.europesays.com\/es\/wp-json\/wp\/v2\/media?parent=218125"}],"wp:term":[{"taxonomy":"category","embeddable":true,"href":"https:\/\/www.europesays.com\/es\/wp-json\/wp\/v2\/categories?post=218125"},{"taxonomy":"post_tag","embeddable":true,"href":"https:\/\/www.europesays.com\/es\/wp-json\/wp\/v2\/tags?post=218125"}],"curies":[{"name":"wp","href":"https:\/\/api.w.org\/{rel}","templated":true}]}}