{"id":218177,"date":"2025-11-04T14:49:15","date_gmt":"2025-11-04T14:49:15","guid":{"rendered":"https:\/\/www.europesays.com\/es\/218177\/"},"modified":"2025-11-04T14:49:15","modified_gmt":"2025-11-04T14:49:15","slug":"egan-bernal-dio-detalles-sobre-si-cambiara-de-equipo-para-el-2026","status":"publish","type":"post","link":"https:\/\/www.europesays.com\/es\/218177\/","title":{"rendered":"Egan Bernal dio detalles sobre si cambiar\u00e1 de equipo para el 2026"},"content":{"rendered":"<p data-type=\"text\">Desde hace algunas semanas se empez\u00f3 a bajar el tel\u00f3n de una nueva temporada del ciclismo internacional, la cual brind\u00f3 muchas emociones en las diferentes competencias y <b>dej\u00f3 mucho que analizar para lo que viene en el 2026.<\/b><\/p>\n<p data-type=\"text\">Uno de los corredores que est\u00e1 entrando en ese periodo de descanso para relajar las piernas y empezar a planificar la pr\u00f3xima campa\u00f1a es el colombiano <b>Egan Bernal<\/b>, del Ineos Grenadiers, quien <b>tuvo su mejor a\u00f1o tras el accidente que casi le cuesta la vida y su carrera en 2022.<\/b><\/p>\n<p data-type=\"text\">El \u2018c\u00f3ndor de Zipaquir\u00e1\u2019 comenz\u00f3 de muy buena forma el 2025, logrando en el mes de febrero el <b>Campeonato Nacional de Ruta y contrarreloj<\/b>, lo que le permiti\u00f3 portar el tricolor durante todas sus competencias y entrenamientos.<\/p>\n<p><img src=\"https:\/\/www.europesays.com\/es\/wp-content\/uploads\/2025\/11\/LK4N26K6VRC5NFYMFHFK5FYFLE.jfif\" alt=\"Egan Bernal fue campe&#xF3;n nacional de la contrarreloj en Bucaramanga.\" height=\"9\" width=\"16\" fetchpriority=\"low\" decoding=\"async\" loading=\"lazy\" class=\"mx-auto mb-0 w-full max-w-[1440px]\"\/>Egan Bernal logr\u00f3 los dos t\u00edtulos de los nacionales en Bucaramanga.  | Foto: X de @Eganbernal<\/p>\n<p data-type=\"text\">Luego particip\u00f3 en el Giro de Italia, carrera que gan\u00f3 en 2021,<b> alcanzando un meritorio s\u00e9ptimo puesto en la clasificaci\u00f3n general. <\/b>Mientras que en la Vuelta a Espa\u00f1a <b>gan\u00f3 su primera etapa de una grande,<\/b> tras lo acontecido en el 2022.<\/p>\n<p data-type=\"text\">Durante estos d\u00edas Egan ha estado en el pa\u00eds para aprovechar sus cortas vacaciones, donde el pasado domingo aprovech\u00f3 para participar en el Giro de Rigo, que se desarroll\u00f3 en Barranquilla, adem\u00e1s para hablar de lo que fue su a\u00f1o y lo que viene en el entrante.<\/p>\n<p data-type=\"text\">\u201cFue un muy buen a\u00f1o. No es la temporada que todos ten\u00edamos en mente, pero hay que ponerlo en contexto, pues hay que analizar de d\u00f3nde donde ven\u00eda, de lo que pas\u00f3, pero siempre uno quiere m\u00e1s. <b>Estoy tranquilo, pues fue un paso adelante en cuanto a todo mi proceso.<\/b> Lo clave fue estar competitivo en una grande como lo fui en el Giro de Italia. Hacer s\u00e9ptimo en esa carrera me llena de mucha confianza para el futuro\u201d, indic\u00f3 en una entrevista con El Tiempo.<\/p>\n<p data-type=\"text\">Sobre el Giro, manifest\u00f3 que \u201cen general estuvo bien, pero yo siempre quiero m\u00e1s. El a\u00f1o pasado hubiera dado todo por haber quedado dentro de los 10 en una grande, pero no se pudo. Lo hice este a\u00f1o, pero yo quer\u00eda el top 50. <b>Hubiera querido estar m\u00e1s adelante. El objetivo para el Giro era un top 3 y hubiera sido genial,<\/b> por eso entren\u00e9, era la meta del equipo. No es que sea algo malo, por todo el proceso de estar competitivo. Es una posici\u00f3n que da mucha motivaci\u00f3n y confianza\u201d.<\/p>\n<p><img src=\"https:\/\/www.europesays.com\/es\/wp-content\/uploads\/2025\/11\/YKZODKAKA5CEVPYACL7VIMAG7M.jfif\" alt=\"Egan Bernal (izq.) durante la etapa 16 de la Vuelta a Espa&#xF1;a 2025.\" height=\"9\" width=\"16\" fetchpriority=\"low\" decoding=\"async\" loading=\"lazy\" class=\"mx-auto mb-0 w-full max-w-[1440px]\"\/>Egan Bernal (izq.) al momento de cruzar la improvisada meta de la etapa 16 de la Vuelta a Espa\u00f1a 2025.  | Foto: X de @lavuelta<\/p>\n<p data-type=\"text\">Por otro lado, sobre la Vuelta, destac\u00f3 que \u201cel tema fue que no respond\u00ed durante un par de d\u00edas por dolores en las piernas, pero mire, en la \u00faltima semana gan\u00e9 la etapa, estaba adelante, me met\u00ed en fugas y eso me sirvi\u00f3 para recuperar. <b>El mejor d\u00eda fue el del triunfo de etapa, claro que uno siempre va con todo,<\/b> pero ese d\u00eda se not\u00f3 mucho m\u00e1s. Finalmente, lo que se hace todos los d\u00edas es eso, pedalear y buscar la victoria\u201d.<\/p>\n<p data-type=\"text\">Posteriormente, fue interrogado sobre los rumores que lo vinculan con su salida del Ineos para llegar al Team Visma. Sobre esto, Egan manifest\u00f3 que <b>\u201ctengo contrato hasta el 2026, yo continuar\u00e9<\/b> y en este momento ponerme a buscar otras opciones, no lo veo claro. Yo lo que quiero es seguir. Ineos me ayud\u00f3 mucho cuando ocurri\u00f3 el accidente. Ellos hablan muchas veces de otros corredores, pero tengo contrato con Ineos y cuando lo termine, <b>pues se decidir\u00e1n varias cosas. Yo respeto mi contrato\u201d.<\/b><\/p>\n<p data-type=\"text\">Por \u00faltimo, habl\u00f3 sobre lo que viene en 2026: \u201ctodav\u00eda no s\u00e9 nada. No han salido todos los recorridos, solo el del Tour y vamos a ver. He pensado que quiero ir carrera a carrera, enfocarme la primera parte del a\u00f1o y luego se puede ir ajustando el calendario. No s\u00e9, <b>es que no veo tan claro tener un calendario desde diciembre <\/b>sin saber lo que pueda pasar\u201d.<\/p>\n","protected":false},"excerpt":{"rendered":"Desde hace algunas semanas se empez\u00f3 a bajar el tel\u00f3n de una nueva temporada del ciclismo internacional, la&hellip;\n","protected":false},"author":2,"featured_media":218178,"comment_status":"","ping_status":"","sticky":false,"template":"","format":"standard","meta":{"footnotes":""},"categories":[273],"tags":[313,312,168,25,24,408,23,167],"class_list":{"0":"post-218177","1":"post","2":"type-post","3":"status-publish","4":"format-standard","5":"has-post-thumbnail","7":"category-ciclismo","8":"tag-ciclismo","9":"tag-cycling","10":"tag-deportes","11":"tag-es","12":"tag-espana","13":"tag-horizontal","14":"tag-spain","15":"tag-sports"},"share_on_mastodon":{"url":"https:\/\/pubeurope.com\/@es\/115491986942149815","error":""},"_links":{"self":[{"href":"https:\/\/www.europesays.com\/es\/wp-json\/wp\/v2\/posts\/218177","targetHints":{"allow":["GET"]}}],"collection":[{"href":"https:\/\/www.europesays.com\/es\/wp-json\/wp\/v2\/posts"}],"about":[{"href":"https:\/\/www.europesays.com\/es\/wp-json\/wp\/v2\/types\/post"}],"author":[{"embeddable":true,"href":"https:\/\/www.europesays.com\/es\/wp-json\/wp\/v2\/users\/2"}],"replies":[{"embeddable":true,"href":"https:\/\/www.europesays.com\/es\/wp-json\/wp\/v2\/comments?post=218177"}],"version-history":[{"count":0,"href":"https:\/\/www.europesays.com\/es\/wp-json\/wp\/v2\/posts\/218177\/revisions"}],"wp:featuredmedia":[{"embeddable":true,"href":"https:\/\/www.europesays.com\/es\/wp-json\/wp\/v2\/media\/218178"}],"wp:attachment":[{"href":"https:\/\/www.europesays.com\/es\/wp-json\/wp\/v2\/media?parent=218177"}],"wp:term":[{"taxonomy":"category","embeddable":true,"href":"https:\/\/www.europesays.com\/es\/wp-json\/wp\/v2\/categories?post=218177"},{"taxonomy":"post_tag","embeddable":true,"href":"https:\/\/www.europesays.com\/es\/wp-json\/wp\/v2\/tags?post=218177"}],"curies":[{"name":"wp","href":"https:\/\/api.w.org\/{rel}","templated":true}]}}