{"id":218185,"date":"2025-11-04T14:54:08","date_gmt":"2025-11-04T14:54:08","guid":{"rendered":"https:\/\/www.europesays.com\/es\/218185\/"},"modified":"2025-11-04T14:54:08","modified_gmt":"2025-11-04T14:54:08","slug":"se-descubre-cual-era-la-contrasena-de-la-red-de-videovigilancia-del-louvre-y-es-para-caerse-de-espaldas","status":"publish","type":"post","link":"https:\/\/www.europesays.com\/es\/218185\/","title":{"rendered":"Se descubre cu\u00e1l era la contrase\u00f1a de la red de videovigilancia del Louvre y es para caerse de espaldas"},"content":{"rendered":"<p>Hay veces que la realidad supera a la ficci\u00f3n. Este ha sido\u00a0<a href=\"https:\/\/www.huffingtonpost.es\/global\/el-louvre-se-abre-robo-pelicula-cronologia-excusas-respuestas-directora.html\" rel=\"nofollow noopener\" target=\"_blank\">el caso del surrealista robo<\/a> que se ha dado este octubre en el <a href=\"https:\/\/www.huffingtonpost.es\/sociedad\/de-pelicula-cutre-robo-louvre-obra-delincuentes-comunes-crimen-organizado.html\" rel=\"nofollow noopener\" target=\"_blank\">museo del Louvre<\/a>, un caso que ha llamado especialmente la atenci\u00f3n por<b> la cantidad de descuidos que han permitido que el atraco se concluyese con \u00e9xito.<\/b><\/p>\n<p>Y este martes, todav\u00eda sin que las autoridades hayan conseguido dar con las joyas de la Corona francesa sustra\u00eddas -valoradas en 88 millones de euros- se ha conocido un nuevo error que ha dejado a medio mundo patidifuso: <b>la contrase\u00f1a del sistema de videovigilancia del ic\u00f3nico museo parisino.<\/b><\/p>\n<p>Seg\u00fan han informado algunos medios, como <a href=\"https:\/\/www.rtve.es\/television\/20251104\/ciberseguridad-bajo-sospecha-louvre\/16799773.shtml\" target=\"_blank\" rel=\"nofollow noopener\">RTVE<\/a>, <a href=\"https:\/\/www.20minutos.es\/internacional\/incomprensible-descuido-los-sistemas-seguridad-louvre-contrasena-red-videovigilancia-era-louvre_6664460_0.html\" target=\"_blank\" rel=\"nofollow noopener\">20 minutos<\/a> o <a href=\"https:\/\/as.com\/meristation\/betech\/adios-al-crimen-perfecto-la-contrasena-de-la-seguridad-del-louvre-explica-como-pudo-hacerse-el-robo-f202511-n\/\" target=\"_blank\" rel=\"nofollow noopener\">AS<\/a>, el mundialmente conodido museo del Louvre <b>ten\u00eda como contrase\u00f1a de sistema de videovigilancia literalmente la palabra \u00abLouvre\u00bb.<\/b><\/p>\n<p>La noticia ha provocado una avalancha de bromas y memes en redes sociales, especialmente despu\u00e9s de que el usuario\u00a0<b>@etfelicitofill<\/b> comparta una captura del titular <a href=\"https:\/\/www.repubblica.it\/esteri\/2025\/11\/02\/news\/furto_louvre_password_server_videosorveglianza-424954560\/\" target=\"_blank\" rel=\"nofollow noopener\">del medio italiano La Repubblica<\/a> con el comentario: <b>\u00abLa contrase\u00f1a del sistema de seguridad era &#8216;Louvre&#8217;. Estoy llorando fort\u00edsimo\u00bb.<\/b><\/p>\n<p>El tuit se ha viralizado r\u00e1pidamente, <b>acumulando miles de interacciones entre los usuarios de la comunidad tuitera<\/b>, quienes son incapaces de dar cr\u00e9dito a la situaci\u00f3n y han apostado por aprovechar para dar rienda suelta al humor.<\/p>\n<p><b>\u00abAhora le han cambiado a louvre1 para estar seguros\u00bb<\/b>; \u00abMuseos del mundo cambiando las contrase\u00f1as en este momento&#8230;\u00bb; \u00abSi fuese una pel\u00edcula no ser\u00eda cre\u00edble\u00bb, han comentado algunos usuarios.<\/p>\n<p><b>\u00ab\u00bfHay quien duda de que la contrase\u00f1a del sistema de seguridad del museo del Prado no sea &#8216;Prado&#8217; y la contrase\u00f1a del Reina Sof\u00eda no sea &#8216;Corinna&#8217;?\u00bb<\/b>; \u00ab\u00bfNo dicen que para esconder algo lo tienes que dejar a la vista de todos? No hab\u00eda fallas en su l\u00f3gica\u00bb, han bromeado otros.<\/p>\n<p>As\u00edmismo, en un mundo donde todo est\u00e1 informatizado y la ciberseguridad es una pieza clave, los expertos han aprovechado este incidente para recordar <b>la importacia de utilizar contrase\u00f1as complejas y \u00fanicas.<\/b><\/p>\n<p>Adem\u00e1s, han avisado de<b> la importancia de tomar conciencia de este episodio<\/b>, ya que demuestra que incluso las instituciones m\u00e1s vigiladas del mundo pueden cometer errores b\u00e1sicos que tienen graves consecuencias.<\/p>\n","protected":false},"excerpt":{"rendered":"Hay veces que la realidad supera a la ficci\u00f3n. Este ha sido\u00a0el caso del surrealista robo que se&hellip;\n","protected":false},"author":2,"featured_media":218186,"comment_status":"","ping_status":"","sticky":false,"template":"","format":"standard","meta":{"footnotes":""},"categories":[173],"tags":[229,233,231,230,13559,232,234,146,147,25,24,24705,9212,41530,23,6052],"class_list":{"0":"post-218185","1":"post","2":"type-post","3":"status-publish","4":"format-standard","5":"has-post-thumbnail","7":"category-arte-y-diseno","8":"tag-arte","9":"tag-arte-y-diseno","10":"tag-arts","11":"tag-arts-and-design","12":"tag-ciberseguridad","13":"tag-design","14":"tag-diseno","15":"tag-entertainment","16":"tag-entretenimiento","17":"tag-es","18":"tag-espana","19":"tag-humor","20":"tag-louvre","21":"tag-museo-del-louvre","22":"tag-spain","23":"tag-twitter"},"share_on_mastodon":{"url":"https:\/\/pubeurope.com\/@es\/115492006326028357","error":""},"_links":{"self":[{"href":"https:\/\/www.europesays.com\/es\/wp-json\/wp\/v2\/posts\/218185","targetHints":{"allow":["GET"]}}],"collection":[{"href":"https:\/\/www.europesays.com\/es\/wp-json\/wp\/v2\/posts"}],"about":[{"href":"https:\/\/www.europesays.com\/es\/wp-json\/wp\/v2\/types\/post"}],"author":[{"embeddable":true,"href":"https:\/\/www.europesays.com\/es\/wp-json\/wp\/v2\/users\/2"}],"replies":[{"embeddable":true,"href":"https:\/\/www.europesays.com\/es\/wp-json\/wp\/v2\/comments?post=218185"}],"version-history":[{"count":0,"href":"https:\/\/www.europesays.com\/es\/wp-json\/wp\/v2\/posts\/218185\/revisions"}],"wp:featuredmedia":[{"embeddable":true,"href":"https:\/\/www.europesays.com\/es\/wp-json\/wp\/v2\/media\/218186"}],"wp:attachment":[{"href":"https:\/\/www.europesays.com\/es\/wp-json\/wp\/v2\/media?parent=218185"}],"wp:term":[{"taxonomy":"category","embeddable":true,"href":"https:\/\/www.europesays.com\/es\/wp-json\/wp\/v2\/categories?post=218185"},{"taxonomy":"post_tag","embeddable":true,"href":"https:\/\/www.europesays.com\/es\/wp-json\/wp\/v2\/tags?post=218185"}],"curies":[{"name":"wp","href":"https:\/\/api.w.org\/{rel}","templated":true}]}}