{"id":218189,"date":"2025-11-04T14:58:11","date_gmt":"2025-11-04T14:58:11","guid":{"rendered":"https:\/\/www.europesays.com\/es\/218189\/"},"modified":"2025-11-04T14:58:11","modified_gmt":"2025-11-04T14:58:11","slug":"avengers-secret-wars-ya-tendria-fecha-de-inicio-de-rodaje-con-un-presupuesto-desorbitadamente-millonario","status":"publish","type":"post","link":"https:\/\/www.europesays.com\/es\/218189\/","title":{"rendered":"&#8216;Avengers: Secret Wars&#8217; ya tendr\u00eda fecha de inicio de rodaje con un presupuesto desorbitadamente millonario"},"content":{"rendered":"<p>Marvel tiene puesta toda la carne en el asador para <b>su pr\u00f3ximo gran evento cinematogr\u00e1fico<\/b> que, de nuevo se dividir\u00e1 en dos partes. Habiendo finalizado el rodaje de &#8216;<a href=\"https:\/\/www.ecartelera.com\/peliculas\/avengers-kang-dynasty\/\" rel=\"nofollow noopener\" target=\"_blank\">Avengers: Doomsday<\/a>&#8216;, la maquinaria de su secuela directa, &#8216;<a href=\"https:\/\/www.ecartelera.com\/peliculas\/avengers-kang-dynasty\/\" rel=\"nofollow noopener\" target=\"_blank\">Avengers: Doomsday<\/a>&#8216;, arranca pues se espera que <b>su rodaje arranque en abril de 2026<\/b> en Vancouver, seg\u00fan adelanta el medio especializado <a target=\"_blank\" href=\"https:\/\/hollywoodnorthbuzz.com\/production-list-uk\" rel=\"nofollow noopener\">Hollywood North Buzz<\/a>. Con ello, Marvel pone en marcha la segunda mitad de su <b>ambicioso plan de cierre de la Saga del Multiverso<\/b>.<\/p>\n<p>Teaser anuncio reparto &#8216;Avengers: Doomsday&#8217;<\/p>\n<p><video id=\"vid-35122\" class=\"video-js vjs-default-skin\" data-title=\"Teaser anuncio reparto 'Avengers: Doomsday'\" poster=\"https:\/\/www.ecartelera.com\/images\/videos\/35100\/f35122.jpg\" controls=\"\" preload=\"auto\" width=\"640\" height=\"360\" playsinline=\"\" data-vtt=\"\/\/v1.ecartelera.com\/video\/35100\/35122_sprite.vtt\" data-stream=\"1\">El navegador no soporta el tag de v\u00eddeo.<\/video><\/p>\n<p>X<\/p>\n<p>El rodaje de &#8216;Secret Wars&#8217; seguir\u00e1 el mismo calendario que &#8216;Doomsday&#8217;, <b>extendi\u00e9ndose previsiblemente hasta septiembre del mismo a\u00f1o<\/b> y dejando un periodo de posproducci\u00f3n de quince meses. Una planificaci\u00f3n que anticipa el tama\u00f1o colosal del proyecto, descrito como uno de los m\u00e1s complejos y costosos de la historia de Marvel Studios. Su <b>estreno est\u00e1 previsto para el 17 de diciembre de 2027<\/b>, un a\u00f1o despu\u00e9s del lanzamiento de &#8216;Avengers: Doomsday&#8217;.<\/p>\n<p>Los hermanos <a href=\"https:\/\/www.ecartelera.com\/personas\/joe-russo\/\" rel=\"nofollow noopener\" target=\"_blank\">Joe<\/a> y <a href=\"https:\/\/www.ecartelera.com\/personas\/anthony-russo\/\" rel=\"nofollow noopener\" target=\"_blank\">Anthony Russo<\/a>, responsables de los dos \u00faltimos cap\u00edtulos de la saga del Infinito, regresan a la direcci\u00f3n para este nuevo d\u00edptico. Tras finalizar el rodaje de &#8216;Doomsday&#8217; en septiembre de 2025, ambos cineastas retomar\u00e1n las c\u00e1maras pocos meses despu\u00e9s para dar continuidad a la historia. <b>La producci\u00f3n incluir\u00e1 adem\u00e1s una fase adicional de rodaje en enero de 2026, dedicada a ajustes y escenas complementarias<\/b> de la primera parte.<\/p>\n<p>\t\t\t\t\t\t\t<img decoding=\"async\" loading=\"lazy\" src=\"https:\/\/www.europesays.com\/es\/wp-content\/uploads\/2025\/11\/246978_avengers-secret-wars-el-proximo-asalto-de-los-.jpg\" alt=\"Los hermanos Russo, directores de 'Avengers: Doomsday' y 'Avengers: Secret Wars'\" width=\"1200\" height=\"800\"\/>\t<\/p>\n<p>\t\t\t\t\t\tLos hermanos Russo, directores de &#8216;Avengers: Doomsday&#8217; y &#8216;Avengers: Secret Wars&#8217; (Disney)<\/p>\n<p>El reparto, que <b>re\u00fane a un n\u00famero in\u00e9dito de personajes<\/b> del <a href=\"https:\/\/www.ecartelera.com\/sagas\/universo-marvel\/\" rel=\"nofollow noopener\" target=\"_blank\">Universo Cinematogr\u00e1fico Marvel<\/a>, contar\u00e1 con figuras como <a href=\"https:\/\/www.ecartelera.com\/personas\/robert-downey-jr\/\" rel=\"nofollow noopener\" target=\"_blank\">Robert Downey Jr.<\/a> \u2014que regresa, esta vez en el papel de Doctor Muerte\u2014, <a href=\"https:\/\/www.ecartelera.com\/personas\/pedro-pascal\/\" rel=\"nofollow noopener\" target=\"_blank\">Pedro Pascal<\/a>, <a href=\"https:\/\/www.ecartelera.com\/personas\/vanessa-kirby\/\" rel=\"nofollow noopener\" target=\"_blank\">Vanessa Kirby<\/a>, <a href=\"https:\/\/www.ecartelera.com\/personas\/chris-hemsworth\/\" rel=\"nofollow noopener\" target=\"_blank\">Chris Hemsworth<\/a>, <a href=\"https:\/\/www.ecartelera.com\/personas\/florence-pugh\/\" rel=\"nofollow noopener\" target=\"_blank\">Florence Pugh<\/a>, <a href=\"https:\/\/www.ecartelera.com\/personas\/sebastian-stan\/\" rel=\"nofollow noopener\" target=\"_blank\">Sebastian Stan<\/a>, <a href=\"https:\/\/www.ecartelera.com\/personas\/simu-liu\/\" rel=\"nofollow noopener\" target=\"_blank\">Simu Liu<\/a> o <a href=\"https:\/\/www.ecartelera.com\/personas\/anthony-mackie\/\" rel=\"nofollow noopener\" target=\"_blank\">Anthony Mackie<\/a>, entre otros. Adem\u00e1s, tambi\u00e9n <b>participar\u00e1n varios mutantes cl\u00e1sicos de los X-Men<\/b>, como <a href=\"https:\/\/www.ecartelera.com\/personas\/ian-mckellen\/\" rel=\"nofollow noopener\" target=\"_blank\">Ian McKellen<\/a>, <a href=\"https:\/\/www.ecartelera.com\/personas\/patrick-stewart\/\" rel=\"nofollow noopener\" target=\"_blank\">Patrick Stewart<\/a>, <a href=\"https:\/\/www.ecartelera.com\/personas\/rebecca-romijn\/\" rel=\"nofollow noopener\" target=\"_blank\">Rebecca Romijn<\/a> o <a href=\"https:\/\/www.ecartelera.com\/personas\/james-marsden\/\" rel=\"nofollow noopener\" target=\"_blank\">James Marsden<\/a>, conformando un cruce sin precedentes entre franquicias.<\/p>\n<p>\u00bfLa producci\u00f3n m\u00e1s cara?<\/p>\n<p>Aunque Marvel no ha confirmado cifras oficiales, fuentes de la industria apuntan a que <b>tanto &#8216;Doomsday&#8217; como &#8216;Secret Wars&#8217; podr\u00edan superar los 500 millones de d\u00f3lares de presupuesto<\/b> cada una, situ\u00e1ndolas como las producciones m\u00e1s caras jam\u00e1s realizadas por el estudio. La apuesta incluye un despliegue masivo de efectos visuales y un reparto coral que abarca pr\u00e1cticamente todas las etapas del UCM.<\/p>\n<p>\t\t\t\t\t\t\t<img decoding=\"async\" loading=\"lazy\" src=\"https:\/\/www.europesays.com\/es\/wp-content\/uploads\/2025\/11\/246979_avengers-secret-wars-el-proximo-asalto-de-los-.jpg\" alt=\"'Los 4 Fant\u00e1sticos' formar\u00e1n parte de 'Avengers: Doomsday'\" width=\"1200\" height=\"503\"\/>\t<\/p>\n<p>\t\t\t\t\t\t&#8216;Los 4 Fant\u00e1sticos&#8217; formar\u00e1n parte de &#8216;Avengers: Doomsday&#8217; (Disney)\n\t\t\t\t\t\t<\/p>\n<p>&#8216;Avengers: Doomsday&#8217; y &#8216;Avengers: Secret Wars&#8217; servir\u00e1n como <b>colof\u00f3n a m\u00e1s de una d\u00e9cada de narrativa interconectada<\/b>. Su desarrollo marcar\u00e1 el regreso del esp\u00edritu \u00e9pico de los grandes eventos Marvel en un momento en que <b>el estudio busca recuperar el favor del p\u00fablico<\/b> tras varios estrenos irregulares.<\/p>\n<p>Con el rodaje programado para abril de 2026 y los directores ya preparando su siguiente movimiento, Marvel inicia una nueva fase de producci\u00f3n tit\u00e1nica. Si todo marcha seg\u00fan lo previsto, los pr\u00f3ximos dos a\u00f1os ser\u00e1n <b>clave para comprobar si la era de los Vengadores a\u00fan tiene fuerza para reinventarse<\/b>.<\/p>\n","protected":false},"excerpt":{"rendered":"Marvel tiene puesta toda la carne en el asador para su pr\u00f3ximo gran evento cinematogr\u00e1fico que, de nuevo&hellip;\n","protected":false},"author":2,"featured_media":218190,"comment_status":"","ping_status":"","sticky":false,"template":"","format":"standard","meta":{"footnotes":""},"categories":[169],"tags":[1014,1015,1013,177,1011,146,147,25,24,782,176,1019,1016,175,753,1012,23,1017,1018],"class_list":{"0":"post-218189","1":"post","2":"type-post","3":"status-publish","4":"format-standard","5":"has-post-thumbnail","7":"category-cine","8":"tag-actores","9":"tag-actrices","10":"tag-cartelera","11":"tag-cine","12":"tag-ecartelera","13":"tag-entertainment","14":"tag-entretenimiento","15":"tag-es","16":"tag-espana","17":"tag-estrellas","18":"tag-film","19":"tag-fotogramas","20":"tag-fotos","21":"tag-movies","22":"tag-peliculas","23":"tag-pelis","24":"tag-spain","25":"tag-trailers","26":"tag-videos"},"share_on_mastodon":{"url":"https:\/\/pubeurope.com\/@es\/115492022345953933","error":""},"_links":{"self":[{"href":"https:\/\/www.europesays.com\/es\/wp-json\/wp\/v2\/posts\/218189","targetHints":{"allow":["GET"]}}],"collection":[{"href":"https:\/\/www.europesays.com\/es\/wp-json\/wp\/v2\/posts"}],"about":[{"href":"https:\/\/www.europesays.com\/es\/wp-json\/wp\/v2\/types\/post"}],"author":[{"embeddable":true,"href":"https:\/\/www.europesays.com\/es\/wp-json\/wp\/v2\/users\/2"}],"replies":[{"embeddable":true,"href":"https:\/\/www.europesays.com\/es\/wp-json\/wp\/v2\/comments?post=218189"}],"version-history":[{"count":0,"href":"https:\/\/www.europesays.com\/es\/wp-json\/wp\/v2\/posts\/218189\/revisions"}],"wp:featuredmedia":[{"embeddable":true,"href":"https:\/\/www.europesays.com\/es\/wp-json\/wp\/v2\/media\/218190"}],"wp:attachment":[{"href":"https:\/\/www.europesays.com\/es\/wp-json\/wp\/v2\/media?parent=218189"}],"wp:term":[{"taxonomy":"category","embeddable":true,"href":"https:\/\/www.europesays.com\/es\/wp-json\/wp\/v2\/categories?post=218189"},{"taxonomy":"post_tag","embeddable":true,"href":"https:\/\/www.europesays.com\/es\/wp-json\/wp\/v2\/tags?post=218189"}],"curies":[{"name":"wp","href":"https:\/\/api.w.org\/{rel}","templated":true}]}}