{"id":21821,"date":"2025-08-03T01:50:07","date_gmt":"2025-08-03T01:50:07","guid":{"rendered":"https:\/\/www.europesays.com\/es\/21821\/"},"modified":"2025-08-03T01:50:07","modified_gmt":"2025-08-03T01:50:07","slug":"cayetano-rivera-baja-en-iscar-sera-sustituido-por-el-fandi","status":"publish","type":"post","link":"https:\/\/www.europesays.com\/es\/21821\/","title":{"rendered":"Cayetano Rivera, baja en \u00cdscar, ser\u00e1 sustituido por El Fandi"},"content":{"rendered":"<p>El regreso de <strong>Cayetano Rivera<\/strong> a los ruedos no parece estar cercano. El diestro ha vuelto a causar baja, esta vez en la corrida prevista para el d\u00eda domingo 3 de agoto en <strong>\u00cdscar<\/strong>, donde estaba anunciado junto a <strong>Sebasti\u00e1n Castella<\/strong> y <strong>El Payo<\/strong>. Seg\u00fan ha confirmado la empresa gestora del coso iscariense, <strong>Euro Tauro Luj\u00e1n<\/strong>, el encargado de completar la terna que estoquear\u00e1 una corrida de <strong>Toros de Ojail\u00e9n<\/strong> ser\u00e1 el diestro granadino <strong>David Fandila \u00abEl Fandi\u00bb<\/strong>.<\/p>\n<p>La decisi\u00f3n se ha tomado tras conocer el \u00faltimo parte m\u00e9dico -el mismo que se emiti\u00f3 en <strong>Santander<\/strong>-, firmado por el doctor <strong>Manuel Manzano Ram\u00edrez de Arellano<\/strong> y en el que se especifican las lesiones que presenta el torero. El informe detalla que el diestro sufre una <strong>\u00abcontusi\u00f3n en entrenamiento de segundo dedo del pie izquierdo con resultado de fractura de falange proximal de segundo dedo del pie, hematoma gl\u00fateo izquierdo y contusi\u00f3n en pectoral derecho. Recomendaci\u00f3n: magnetoterapia, calor en la zona del gl\u00fateo, fr\u00edo local en pectoral\u201d<\/strong>. Esta supone la segunda baja consecutiva de <strong>Cayetano<\/strong> en menos de una semana, tras haberse retirado tambi\u00e9n del cartel de la corrida que clausur\u00f3 la <strong>Feria de Santiago<\/strong> en <strong>Santander<\/strong> el pasado 25 de julio.<\/p>\n","protected":false},"excerpt":{"rendered":"El regreso de Cayetano Rivera a los ruedos no parece estar cercano. El diestro ha vuelto a causar&hellip;\n","protected":false},"author":2,"featured_media":21822,"comment_status":"","ping_status":"","sticky":false,"template":"","format":"standard","meta":{"footnotes":""},"categories":[277],"tags":[45,373,1393,168,12889,25,24,5827,23,167,374],"class_list":{"0":"post-21821","1":"post","2":"type-post","3":"status-publish","4":"format-standard","5":"has-post-thumbnail","7":"category-toreo","8":"tag-45","9":"tag-bullfighting","10":"tag-cayetano-rivera","11":"tag-deportes","12":"tag-el-fandi","13":"tag-es","14":"tag-espana","15":"tag-iscar","16":"tag-spain","17":"tag-sports","18":"tag-toreo"},"share_on_mastodon":{"url":"","error":""},"_links":{"self":[{"href":"https:\/\/www.europesays.com\/es\/wp-json\/wp\/v2\/posts\/21821","targetHints":{"allow":["GET"]}}],"collection":[{"href":"https:\/\/www.europesays.com\/es\/wp-json\/wp\/v2\/posts"}],"about":[{"href":"https:\/\/www.europesays.com\/es\/wp-json\/wp\/v2\/types\/post"}],"author":[{"embeddable":true,"href":"https:\/\/www.europesays.com\/es\/wp-json\/wp\/v2\/users\/2"}],"replies":[{"embeddable":true,"href":"https:\/\/www.europesays.com\/es\/wp-json\/wp\/v2\/comments?post=21821"}],"version-history":[{"count":0,"href":"https:\/\/www.europesays.com\/es\/wp-json\/wp\/v2\/posts\/21821\/revisions"}],"wp:featuredmedia":[{"embeddable":true,"href":"https:\/\/www.europesays.com\/es\/wp-json\/wp\/v2\/media\/21822"}],"wp:attachment":[{"href":"https:\/\/www.europesays.com\/es\/wp-json\/wp\/v2\/media?parent=21821"}],"wp:term":[{"taxonomy":"category","embeddable":true,"href":"https:\/\/www.europesays.com\/es\/wp-json\/wp\/v2\/categories?post=21821"},{"taxonomy":"post_tag","embeddable":true,"href":"https:\/\/www.europesays.com\/es\/wp-json\/wp\/v2\/tags?post=21821"}],"curies":[{"name":"wp","href":"https:\/\/api.w.org\/{rel}","templated":true}]}}