{"id":218215,"date":"2025-11-04T15:17:09","date_gmt":"2025-11-04T15:17:09","guid":{"rendered":"https:\/\/www.europesays.com\/es\/218215\/"},"modified":"2025-11-04T15:17:09","modified_gmt":"2025-11-04T15:17:09","slug":"kristine-guzman-nueva-directora-adjunta-del-ivam","status":"publish","type":"post","link":"https:\/\/www.europesays.com\/es\/218215\/","title":{"rendered":"Kristine Guzm\u00e1n, nueva directora adjunta del IVAM"},"content":{"rendered":"<p>VAL\u00c8NCIA. La filipina <strong>Kristine Guzm\u00e1n<\/strong> ser\u00e1 la nueva directora adjunta del <strong>Institut Valenci\u00e0 d\u2019Art Modern (IVAM)<\/strong>. El nombramiento ha sido aprobado este martes en el pleno del Consell, una incorporaci\u00f3n con la que se completa la primera l\u00ednea del museo tras la elecci\u00f3n de <strong>Blanca de la Torre<\/strong> como directora del mismo el pasado mes de abril.\u00a0<\/p>\n<p>Guzm\u00e1n ser\u00e1 su mano derecha a partir de diciembre, un puesto que hasta el pasado mes de mayo ocup\u00f3 <strong>Sonia Mart\u00ednez<\/strong>, directora adjunta en la etapa de <strong>Nuria Enguita <\/strong>y \u2018l\u00edder\u2019 del centro durante los meses en los que no hubo direcci\u00f3n. Cabe recordar que este es el \u00fanico puesto de libre designaci\u00f3n y, por ende, la \u00fanica \u2018bala\u2019 de De la Torre para incluir en la estructura del centro a un perfil de su confianza.<\/p>\n<p><strong>Un perfil que va m\u00e1s all\u00e1 de lo art\u00edstico<\/strong><\/p>\n<p>Nacida en Manila en 1974, Kristine Guzm\u00e1n\u00a0acumula\u00a0m\u00e1s de dos d\u00e9cadas de experiencia en gesti\u00f3n cultural, desde el Museo Nacional Centro de Arte Reina Sof\u00eda a\u00a0la Fundaci\u00f3n Santander 2016, y dibuja un perfil ciertamente multidisciplinar, siendo licenciada en Arquitectura por la Universidad de Santo Tom\u00e1s y ocupando desde 2023 el rol de Film Commissioner de Castilla y Le\u00f3n Film Commission.<\/p>\n<p>La nueva directora adjunta ha estado al frente de la coordinaci\u00f3n general del MUSAC (Museo de Arte Contempor\u00e1neo de Castilla y Le\u00f3n) durante casi dos d\u00e9cadas, donde ha sido la principal responsable de la gesti\u00f3n y coordinaci\u00f3n de todo lo relacionado con el edificio y los equipos de trabajo, lo que dibuja un perfil que va m\u00e1s all\u00e1 de lo art\u00edstico.<\/p>\n<p>De este modo, ha contribuido a la puesta en marcha del museo, su edificio y su colecci\u00f3n, a la definici\u00f3n de su plan estrat\u00e9gico y la supervisi\u00f3n tanto de los procesos administrativos como de los creativos, incluyendo la gesti\u00f3n de recursos humanos, la planificaci\u00f3n econ\u00f3mica, la redacci\u00f3n y resoluci\u00f3n de licitaciones y contratos as\u00ed como las pol\u00edticas muse\u00edsticas,\u00a0en coordinaci\u00f3n\u00a0con los diferentes directores.<\/p>\n<p>Junto a ello ha realizado tareas de coordinaci\u00f3n y comisariado de exposiciones, tanto en el MUSAC como en otras instituciones. Ha editado libros sobre arte, arquitectura, sostenibilidad e inclusi\u00f3n, impartiendo conferencias y talleres sobre los mismos temas. De igual forma, ha participado como jurado en premios de arte y cultura\u00a0y en programas de residencias curatoriales en Espa\u00f1a y Filipinas. Tambi\u00e9n ha formado parte del Consejo Asesor de la Fundaci\u00f3n Santander Creativa (2015-2018) y del Museo de Arte Moderno y Contempor\u00e1neo de Santander (2019-presente).<\/p>\n<p><strong>Nueva programaci\u00f3n<\/strong><\/p>\n<p>Con la llegada de la nueva directora adjunta, el IVAM de Blanca de la Torre va completando su nueva forma, una transici\u00f3n que se inici\u00f3 con la llegada de la directora el pasado mes de abril. En estos meses ha comenzado a desplegar su propuesta art\u00edstica con la primera exposici\u00f3n de nuevo cu\u00f1o, que abri\u00f3 sus puertas hace apenas unas semanas bajo el t\u00edtulo <a href=\"https:\/\/valenciaplaza.com\/arte-museos-fotografia-valencia-comunitat-valenciana\/fantasmas-sombras-y-grises-dan-forma-al-nuevo-ivam\" rel=\"nofollow noopener\" target=\"_blank\">Habitar las sombras<\/a>, un \u2018men\u00fa\u2019 art\u00edstico que desplegar\u00e1 por completo en 2026, dejando ya atr\u00e1s las propuestas heredadas.\u00a0<\/p>\n<p>Aunque ser\u00e1 previsiblemente este jueves cuando se presente la nueva programaci\u00f3n, ya se conocen algunas de las propuestas que vendr\u00e1n, entre las que se incluye una muestra por el 40\u00ba aniversario de la declaraci\u00f3n de <strong>l\u2019Albufera<\/strong> como Parque Natural o el ciclo expositivo Territorios en tr\u00e1nsito \/ Solo d\u00fao, integrado por dos propuestas art\u00edsticas bajo el comisariado de <strong>Alicia Ventura<\/strong>. Esto por lo que respecta al \u00e1mbito expositivo, si bien De la Torre ha incidido muy especialmente en la conexi\u00f3n con otras disciplinas y con el \u00e1mbito educativo, que ha dado como resultado un proyecto que incide en la m\u00fasica con el ciclo Posar la Veu o que se abre al cine.\u00a0<\/p>\n","protected":false},"excerpt":{"rendered":"VAL\u00c8NCIA. La filipina Kristine Guzm\u00e1n ser\u00e1 la nueva directora adjunta del Institut Valenci\u00e0 d\u2019Art Modern (IVAM). El nombramiento&hellip;\n","protected":false},"author":2,"featured_media":218216,"comment_status":"","ping_status":"","sticky":false,"template":"","format":"standard","meta":{"footnotes":""},"categories":[173],"tags":[229,233,231,230,232,234,146,147,25,24,23],"class_list":{"0":"post-218215","1":"post","2":"type-post","3":"status-publish","4":"format-standard","5":"has-post-thumbnail","7":"category-arte-y-diseno","8":"tag-arte","9":"tag-arte-y-diseno","10":"tag-arts","11":"tag-arts-and-design","12":"tag-design","13":"tag-diseno","14":"tag-entertainment","15":"tag-entretenimiento","16":"tag-es","17":"tag-espana","18":"tag-spain"},"share_on_mastodon":{"url":"https:\/\/pubeurope.com\/@es\/115492096810201587","error":""},"_links":{"self":[{"href":"https:\/\/www.europesays.com\/es\/wp-json\/wp\/v2\/posts\/218215","targetHints":{"allow":["GET"]}}],"collection":[{"href":"https:\/\/www.europesays.com\/es\/wp-json\/wp\/v2\/posts"}],"about":[{"href":"https:\/\/www.europesays.com\/es\/wp-json\/wp\/v2\/types\/post"}],"author":[{"embeddable":true,"href":"https:\/\/www.europesays.com\/es\/wp-json\/wp\/v2\/users\/2"}],"replies":[{"embeddable":true,"href":"https:\/\/www.europesays.com\/es\/wp-json\/wp\/v2\/comments?post=218215"}],"version-history":[{"count":0,"href":"https:\/\/www.europesays.com\/es\/wp-json\/wp\/v2\/posts\/218215\/revisions"}],"wp:featuredmedia":[{"embeddable":true,"href":"https:\/\/www.europesays.com\/es\/wp-json\/wp\/v2\/media\/218216"}],"wp:attachment":[{"href":"https:\/\/www.europesays.com\/es\/wp-json\/wp\/v2\/media?parent=218215"}],"wp:term":[{"taxonomy":"category","embeddable":true,"href":"https:\/\/www.europesays.com\/es\/wp-json\/wp\/v2\/categories?post=218215"},{"taxonomy":"post_tag","embeddable":true,"href":"https:\/\/www.europesays.com\/es\/wp-json\/wp\/v2\/tags?post=218215"}],"curies":[{"name":"wp","href":"https:\/\/api.w.org\/{rel}","templated":true}]}}