{"id":218241,"date":"2025-11-04T15:42:13","date_gmt":"2025-11-04T15:42:13","guid":{"rendered":"https:\/\/www.europesays.com\/es\/218241\/"},"modified":"2025-11-04T15:42:13","modified_gmt":"2025-11-04T15:42:13","slug":"no-me-esperaba-nada-esto","status":"publish","type":"post","link":"https:\/\/www.europesays.com\/es\/218241\/","title":{"rendered":"No me esperaba nada esto"},"content":{"rendered":"<p class=\"article-text\">\n        Despu\u00e9s de casi diez a\u00f1os desde su desembarco en el access prime time de <strong>Cuatro<\/strong>, <strong>First Dates<\/strong> sigue sorprendiendo d\u00eda tras d\u00eda a los espectadores con nuevas historias y personajes que atrapan la atenci\u00f3n de la audiencia durante sus citas. Este lunes, el programa lo consigui\u00f3 gracias a la participaci\u00f3n de<strong> Pasajero Zeta<\/strong>, un peculiar artista de 35 a\u00f1os procedente de Huelva que se present\u00f3 en el restaurante de<strong> Carlos Sobera <\/strong>ataviado con traje de licra naranja que le ocultaba todo el cuerpo, incluida la cara.\n    <\/p>\n<p>    <a href=\"https:\/\/www.eldiario.es\/vertele\/noticias\/especial-halloween-first-dates-acabo-caperucita-comiendose-lobo_1_12731226.html\" data-mrf-recirculation=\"saber-mas\" data-dl-event=\"saber-mas\" rel=\"nofollow noopener\" target=\"_blank\"><\/p>\n<p class=\"know-more__title\">El especial Halloween de &#8216;First Dates&#8217; acab\u00f3 con Caperucita comi\u00e9ndose al Lobo<\/p>\n<p>            <img decoding=\"async\" class=\"lazy\" loading=\"lazy\" data-src=\"https:\/\/static.eldiario.es\/clip\/066cc309-63fc-4772-9669-50cdb99928d5_16-9-aspect-ratio_default_0.jpg\" src=\"data:image\/svg+xml,%3Csvg xmlns=\" http:=\"\" viewbox=\"0 0 880 495\" alt=\"El especial Halloween de 'First Dates' acab\u00f3 con Caperucita comi\u00e9ndose al Lobo\"\/><\/p>\n<p>                        <\/a><\/p>\n<p class=\"article-text\">\n        En el local, tras dejar en shock al presentador de <strong>Mediaset <\/strong>y a todo su equipo de camareros, Pasajero Zeta descubri\u00f3 que su cita era con <strong>Gema<\/strong>, una profesora madrile\u00f1a de 30 a\u00f1os que explic\u00f3 que le daba clases a ni\u00f1os con necesidades especiales, por lo que ten\u00eda grandes conocimientos en comunicaci\u00f3n no verbal y lengua de signos.\n    <\/p>\n<p>            <img decoding=\"async\" class=\"lazy\" loading=\"lazy\" data-src=\"https:\/\/static.eldiario.es\/clip\/7e76015e-f5a1-4f4c-891f-fb25fad6be42_16-9-discover-aspect-ratio_default_0.jpg\" src=\"data:image\/svg+xml,%3Csvg xmlns=\" http:=\"\" viewbox=\"0 0 1200 675\" alt=\"El equipo de 'First Dates' alucin\u00f3 con Pasajero Zeta\"\/><\/p>\n<p class=\"article-text\">\n        Una habilidad que le vino de perlas a la joven, ya que <strong>no pod\u00eda ver el rostro ni escuchar la voz de su acompa\u00f1ante<\/strong>. Este se comunic\u00f3 con Gema a trav\u00e9s de la gestualidad de sus manos y con ayuda de una pizarra que portaba y con la que hizo re\u00edr en numerosas ocasiones a la comensal.\n    <\/p>\n<p class=\"article-text\">\n        En su conversaci\u00f3n previa con Sobera, Pasajero Zeta explic\u00f3 como pudo que como <strong>no le gustaba a la gente con su identidad real<\/strong>, decidi\u00f3 hace 10 a\u00f1os crear este personaje que, desde el anonimato, le ayudaba a expresarse y desenvolverse con otras personas.\n    <\/p>\n<p>    Pasajero Zeta \u201cexplota la cabeza\u201d de su cita<\/p>\n<p class=\"article-text\">\n        \u201cIntento no guiarme por el f\u00edsico, me interesa m\u00e1s c\u00f3mo es esa persona por dentro\u201d, cont\u00f3 por su parte Gema a Sobera, que augur\u00f3 buena sinton\u00eda de la chica con la cita que First Dates le hab\u00eda preparado. Y lo cierto es que, nada m\u00e1s verle, Gema se qued\u00f3 sin palabras: <strong>\u201cHe flipado, claro \u00bfC\u00f3mo no voy a flipar?\u201d<\/strong>, dec\u00eda la participante ante las c\u00e1maras de Cuatro.\n    <\/p>\n<p>            <img decoding=\"async\" class=\"lazy\" loading=\"lazy\" data-src=\"https:\/\/static.eldiario.es\/clip\/19b8178f-257e-4aee-99d6-b197e5039818_16-9-discover-aspect-ratio_default_0.jpg\" src=\"data:image\/svg+xml,%3Csvg xmlns=\" http:=\"\" viewbox=\"0 0 1200 675\" alt=\"Pasajero Zeta, en su participaci\u00f3n en 'First Dates'\"\/><\/p>\n<p class=\"article-text\">\n        \u201cPor mucho que yo estuviera en mi casa prepar\u00e1ndome la cita, <strong>cuando llega algo tan inesperado te explota la cabeza<\/strong> y tu guion se baja. Entonces, es todo improvisado y espont\u00e1neo. Ha sido wow. No me esperaba para nada esto, ha sido una sorpresa total. <strong>Ha sido muy divertido<\/strong>, lo he pasado pipa intentando comunicarnos\u201d, celebraba Gema, que afirm\u00f3 sentirse \u201ccomo pez en el agua\u201d.\n    <\/p>\n<p>    <a href=\"https:\/\/www.eldiario.es\/vertele\/audiencias-tv\/afecto-hormiguero-revuelta-llegada-access-tentaciones-nuevo-rival-tres-dias_1_12738723.html\" data-mrf-recirculation=\"saber-mas-abajo\" data-dl-event=\"saber-mas-abajo\" rel=\"nofollow noopener\" target=\"_blank\"><\/p>\n<p class=\"know-more__title\">As\u00ed afect\u00f3 a &#8216;El Hormiguero&#8217; y &#8216;La Revuelta&#8217; la llegada al access de las &#8216;Tentaciones&#8217;, su nuevo rival tres d\u00edas\n<\/p>\n<p>            <img decoding=\"async\" class=\"lazy\" loading=\"lazy\" data-src=\"https:\/\/static.eldiario.es\/clip\/092e033e-552a-4ee6-ad88-40a894ceb8a5_16-9-aspect-ratio_default_0.jpg\" src=\"data:image\/svg+xml,%3Csvg xmlns=\" http:=\"\" viewbox=\"0 0 880 495\" alt=\"As\u00ed afect\u00f3 a 'El Hormiguero' y 'La Revuelta' la llegada al access de las 'Tentaciones', su nuevo rival tres d\u00edas\"\/><\/p>\n<p>                        <\/a><\/p>\n<p class=\"article-text\">\n        La comensal acab\u00f3 tan encantada que reconoci\u00f3 que estar\u00eda dispuesta a volver a cenar con Pasajero Zeta sin verle la cara, ya que no le intrigaba c\u00f3mo era su f\u00edsico: \u201cMe gusta mucho conocer a la persona tal cual\u201d. Finalmente, ambos comensales coincidieron en su decisi\u00f3n de volver a tener una segunda cita juntos en la que seguir conoci\u00e9ndose.\n    <\/p>\n","protected":false},"excerpt":{"rendered":"Despu\u00e9s de casi diez a\u00f1os desde su desembarco en el access prime time de Cuatro, First Dates sigue&hellip;\n","protected":false},"author":2,"featured_media":218242,"comment_status":"","ping_status":"","sticky":false,"template":"","format":"standard","meta":{"footnotes":""},"categories":[171],"tags":[38827,1830,1067,7716,2721,146,147,25,24,9189,58405,2720,689,23,13694,214],"class_list":{"0":"post-218241","1":"post","2":"type-post","3":"status-publish","4":"format-standard","5":"has-post-thumbnail","7":"category-tv","8":"tag-anonimo","9":"tag-artista","10":"tag-cabeza","11":"tag-cita","12":"tag-dates","13":"tag-entertainment","14":"tag-entretenimiento","15":"tag-es","16":"tag-espana","17":"tag-esperaba","18":"tag-exploto","19":"tag-first","20":"tag-no","21":"tag-spain","22":"tag-surrealismo","23":"tag-tv"},"share_on_mastodon":{"url":"https:\/\/pubeurope.com\/@es\/115492195089768895","error":""},"_links":{"self":[{"href":"https:\/\/www.europesays.com\/es\/wp-json\/wp\/v2\/posts\/218241","targetHints":{"allow":["GET"]}}],"collection":[{"href":"https:\/\/www.europesays.com\/es\/wp-json\/wp\/v2\/posts"}],"about":[{"href":"https:\/\/www.europesays.com\/es\/wp-json\/wp\/v2\/types\/post"}],"author":[{"embeddable":true,"href":"https:\/\/www.europesays.com\/es\/wp-json\/wp\/v2\/users\/2"}],"replies":[{"embeddable":true,"href":"https:\/\/www.europesays.com\/es\/wp-json\/wp\/v2\/comments?post=218241"}],"version-history":[{"count":0,"href":"https:\/\/www.europesays.com\/es\/wp-json\/wp\/v2\/posts\/218241\/revisions"}],"wp:featuredmedia":[{"embeddable":true,"href":"https:\/\/www.europesays.com\/es\/wp-json\/wp\/v2\/media\/218242"}],"wp:attachment":[{"href":"https:\/\/www.europesays.com\/es\/wp-json\/wp\/v2\/media?parent=218241"}],"wp:term":[{"taxonomy":"category","embeddable":true,"href":"https:\/\/www.europesays.com\/es\/wp-json\/wp\/v2\/categories?post=218241"},{"taxonomy":"post_tag","embeddable":true,"href":"https:\/\/www.europesays.com\/es\/wp-json\/wp\/v2\/tags?post=218241"}],"curies":[{"name":"wp","href":"https:\/\/api.w.org\/{rel}","templated":true}]}}