{"id":218303,"date":"2025-11-04T16:30:15","date_gmt":"2025-11-04T16:30:15","guid":{"rendered":"https:\/\/www.europesays.com\/es\/218303\/"},"modified":"2025-11-04T16:30:15","modified_gmt":"2025-11-04T16:30:15","slug":"esto-sabemos-de-godzilla-0-0-la-secuela-de-godzilla-minus-one","status":"publish","type":"post","link":"https:\/\/www.europesays.com\/es\/218303\/","title":{"rendered":"esto sabemos de &#8216;Godzilla -0.0&#8217;, la secuela de &#8216;Godzilla Minus One&#8217;"},"content":{"rendered":"<p class=\"c-paragraph\">La incre\u00edble revisitaci\u00f3n de la bella y la bestia de <b>King Kong<\/b> de 1933 dirigida por Merian C. Cooper y Ernest B. Schoedsack y <b>Godzilla. Jap\u00f3n bajo el terror del monstruo<\/b> de 1954 dirigida por Ishir\u00f4 Honda, nacida de los traumas y miedos causados por la bomba at\u00f3mica al final de la Segunda Guerra Mundial, son las dos grandes pel\u00edculas sobre monstruos gigantes, pero si hubiera que recomendar <b>una producci\u00f3n moderna<\/b> <b>sobre la tem\u00e1tica <\/b>esta ser\u00eda sin duda <a href=\"https:\/\/www.20minutos.es\/cinemania\/criticas\/critica-godzilla-minus-one-netflix-imponente-esencia-clasica-kaiju-5482666\/\" title=\"Cr\u00edtica de &#039;Godzilla Minus One&#039;: la imponente esencia cl\u00e1sica del kaiju tambi\u00e9n se nota en Netflix\" rel=\"nofollow noopener\" target=\"_blank\">Godzilla: Minus One<\/a> de 2023.<\/p>\n<p class=\"c-paragraph\">El filme que arras\u00f3 en la taquilla nipona, cost\u00f3 apenas 15 millones de d\u00f3lares que rindieron obteniendo 113 a nivel mundial, <b>se hizo con el Oscar a los mejores efectos visuales <\/b>y cont\u00f3 con una misma versi\u00f3n pero en blanco y negro, pronto tendr\u00e1 secuela.\u00a0<\/p>\n<p class=\"c-paragraph\">La volver\u00e1 a dirigir <b>Takjashi Yamazaki<\/b>, tambi\u00e9n el guionista y como supervisor de los efectos visuales uno de los ganadores de la dorada estatuilla, bajo el t\u00edtulo en esta ocasi\u00f3n de <b>Godzilla Minus Zero<\/b>, que en su r\u00f3tulo m\u00e1s estilizado ser\u00e1\u00a0<b>Godzilla -0.0<\/b>,\u00a0seg\u00fan se revel\u00f3 en el reciente Godzilla Fest de Tokio. Una segunda entrega que reunir\u00eda a buena parte de su int\u00e9rpretes originales, pero que a la vez no desea limitarse a ser solo una secuela m\u00e1s.<\/p>\n<p class=\"c-paragraph\"><b>\u00abDesde su primera aparici\u00f3n en 1954, Godzilla ha seguido cautivando e impactando no solo Jap\u00f3n sino el mundo entero\u00bb<\/b>, recoge con entusiasmo la nota de prensa difundida por la compa\u00f1\u00eda Toho. Y fue en este mismo evento que ha tenido lugar en Tokio donde se mostr\u00f3 <b>un primer v\u00eddeo, un teaser presentando el t\u00edtulo<\/b> de esta nueva aventura cinematogr\u00e1fica de la colosal bestia, hija del terror nuclear.<\/p>\n<p class=\"c-paragraph\">Atendiendo tambi\u00e9n a un art\u00edculo de <a href=\"https:\/\/www.hollywoodreporter.com\/movies\/movie-news\/japan-toho-studios-title-godzilla-minus-zero-1236416477\/\" rel=\"nofollow noreferrer noopener\" title=\"Japan\u2019s Toho Studios Reveals Title for Next Godzilla Movie\" target=\"_blank\">The Hollywood Reporter<\/a>, las fuentes consultadas por el medio estadounidense aseguran que el rodaje empezar\u00eda pronto en escenarios de Nueva Zelanda y Noruega <b>con la intenci\u00f3n muy probablemente<\/b> <b>de estrenar a finales del a\u00f1o que viene<\/b>. Mientras, y sin nada que ver con las pel\u00edculas de Toho, tenemos adem\u00e1s las superproducciones hollywoodienses <b>del MonsterVerse de Warner y Legendary Pictures<\/b>\u00a0cuya pr\u00f3xima entrega, <a href=\"https:\/\/www.20minutos.es\/cinemania\/noticias\/secuela-godzilla-kong-titulo-fecha-estreno-teaser-5708370\/\" title=\"La secuela de &#039;Godzilla y Kong: El nuevo imperio&#039; desvela t\u00edtulo y fecha de estreno con un enigm\u00e1tico teaser\" rel=\"nofollow noopener\" target=\"_blank\">Godzilla x Kong: Supernova<\/a>, tendr\u00eda previsto llegar a los cines el 26 de marzo de 2027.<\/p>\n","protected":false},"excerpt":{"rendered":"La incre\u00edble revisitaci\u00f3n de la bella y la bestia de King Kong de 1933 dirigida por Merian C.&hellip;\n","protected":false},"author":2,"featured_media":218304,"comment_status":"","ping_status":"","sticky":false,"template":"","format":"standard","meta":{"footnotes":""},"categories":[169],"tags":[3076,177,146,147,25,24,176,14409,1850,175,2615,23,865],"class_list":{"0":"post-218303","1":"post","2":"type-post","3":"status-publish","4":"format-standard","5":"has-post-thumbnail","7":"category-cine","8":"tag-3076","9":"tag-cine","10":"tag-entertainment","11":"tag-entretenimiento","12":"tag-es","13":"tag-espana","14":"tag-film","15":"tag-gigante","16":"tag-monstruo","17":"tag-movies","18":"tag-quiere","19":"tag-spain","20":"tag-volver"},"share_on_mastodon":{"url":"https:\/\/pubeurope.com\/@es\/115492383980011265","error":""},"_links":{"self":[{"href":"https:\/\/www.europesays.com\/es\/wp-json\/wp\/v2\/posts\/218303","targetHints":{"allow":["GET"]}}],"collection":[{"href":"https:\/\/www.europesays.com\/es\/wp-json\/wp\/v2\/posts"}],"about":[{"href":"https:\/\/www.europesays.com\/es\/wp-json\/wp\/v2\/types\/post"}],"author":[{"embeddable":true,"href":"https:\/\/www.europesays.com\/es\/wp-json\/wp\/v2\/users\/2"}],"replies":[{"embeddable":true,"href":"https:\/\/www.europesays.com\/es\/wp-json\/wp\/v2\/comments?post=218303"}],"version-history":[{"count":0,"href":"https:\/\/www.europesays.com\/es\/wp-json\/wp\/v2\/posts\/218303\/revisions"}],"wp:featuredmedia":[{"embeddable":true,"href":"https:\/\/www.europesays.com\/es\/wp-json\/wp\/v2\/media\/218304"}],"wp:attachment":[{"href":"https:\/\/www.europesays.com\/es\/wp-json\/wp\/v2\/media?parent=218303"}],"wp:term":[{"taxonomy":"category","embeddable":true,"href":"https:\/\/www.europesays.com\/es\/wp-json\/wp\/v2\/categories?post=218303"},{"taxonomy":"post_tag","embeddable":true,"href":"https:\/\/www.europesays.com\/es\/wp-json\/wp\/v2\/tags?post=218303"}],"curies":[{"name":"wp","href":"https:\/\/api.w.org\/{rel}","templated":true}]}}