{"id":218309,"date":"2025-11-04T16:33:15","date_gmt":"2025-11-04T16:33:15","guid":{"rendered":"https:\/\/www.europesays.com\/es\/218309\/"},"modified":"2025-11-04T16:33:15","modified_gmt":"2025-11-04T16:33:15","slug":"spotify-veta-en-estados-unidos-dos-canciones-emblematicas-del-duo-dinamico","status":"publish","type":"post","link":"https:\/\/www.europesays.com\/es\/218309\/","title":{"rendered":"Spotify veta en Estados Unidos dos canciones emblem\u00e1ticas del D\u00fao Din\u00e1mico"},"content":{"rendered":"<p>La plataforma de <a href=\"https:\/\/theobjective.com\/etiqueta\/spotify\/\" rel=\"nofollow noopener\" target=\"_blank\">Spotify<\/a> en <a href=\"https:\/\/theobjective.com\/etiqueta\/estados-unidos\/\" rel=\"nofollow noopener\" target=\"_blank\">EEUU<\/a> ha \u00abcensurado\u00bb dos canciones del grupo espa\u00f1ol D\u00fao Din\u00e1mico: Quince a\u00f1os tiene mi amor y Yo busco una muchacha como t\u00fa. Ram\u00f3n Arcusa, cantante de la agrupaci\u00f3n musical, ha denunciado este hecho, que ha calificado de <strong>\u00ablocura <a href=\"https:\/\/theobjective.com\/etiqueta\/cultura-woke\/\" rel=\"nofollow noopener\" target=\"_blank\">woke<\/a>\u00bb,<\/strong> a trav\u00e9s de un mensaje en su perfil de X. <\/p>\n<p>Aunque en un principio se ha referido simplemente a Spotify, luego ha especificado que ocurre solo en Estados Unidos: \u00abAl parecer esa censura est\u00e1 solo en Spotify de EEUU, desde donde he hecho el pantallazo. En <strong>Espa\u00f1a todav\u00eda no se han atrevido<\/strong> a hacerlo y todo est\u00e1 bien: esas canciones se escuchan perfectamente\u00bb.<\/p>\n<p>\u00abSin embargo, el problema de fondo es el mismo. Gracias por vuestra ayuda\u00bb, ha finalizado, haciendo alusi\u00f3n a esa \u00ablocura woke\u00bb que ha llevado a vetar \u00abdos canciones blancas donde la \u00fanica malicia est\u00e1 en la <strong>mente obtusa de los censores, <\/strong>esa plaga de in\u00fatiles que ven mal en lo ajeno y aplauden sus propias miserias\u00bb.<\/p>\n<blockquote class=\"twitter-tweet\" data-width=\"550\" data-dnt=\"true\">\n<p lang=\"es\" dir=\"ltr\">Locura woke. <\/p>\n<p>Es Spotify han prohibido (censurado) dos canciones  nuestras, del D\u00fao Din\u00e1mico, creadas en los a\u00f1os &#8217;60,<\/p>\n<p>\u2013 Quince a\u00f1os tiene mi amor  y<br \/>\u2013 Yo busco una muchacha como t\u00fa<\/p>\n<p>Dos canciones blancas donde la \u00fanica malicia est\u00e1 en la mente obtusa de los censores, esa plaga\u2026 <a href=\"https:\/\/t.co\/ehcmOLJbdQ\" rel=\"nofollow\">pic.twitter.com\/ehcmOLJbdQ<\/a><\/p>\n<p>\u2014 Ram\u00f3n Arcusa (@ramonarcusa) <a href=\"https:\/\/twitter.com\/ramonarcusa\/status\/1985400181135724572?ref_src=twsrc%5Etfw\" rel=\"nofollow noopener\" target=\"_blank\">November 3, 2025<\/a><\/p><\/blockquote>\n<p>Ante las respuestas de algunos usuarios, Arcusa ha continuado explicando: \u00abLo que se cuenta en una canci\u00f3n o en una novela no tiene por qu\u00e9 haberlo vivido el autor. Arreglaos estar\u00edamos. Quince a\u00f1os tiene mi amor es una canci\u00f3n que hicimos como homenaje a la mujer en la flor de la vida, a nuestras fans concretamente, y sin ninguna malicia. Y s\u00ed, ten\u00edamos entonces 21 a\u00f1os, pero con mentalidad, en aquel tiempo, de 16 a\u00f1os o menos, porque <strong>no sab\u00edamos nada de nada, <\/strong>ni de ligar, ni de sexo\u00bb.<\/p>\n<p>\u00abEran amores plat\u00f3nicos, como seguramente los de muchos de vuestros padres o abuelos. Y en nuestra vida art\u00edstica cantamos siempre esas canciones en cada concierto, <strong>desde 1960 hasta 2022, <\/strong>y nuestras antiguas fans volv\u00edan a tener de nuevo esos 15 a\u00f1os\u2026 A ver qui\u00e9n mejora eso\u00bb, ha a\u00f1adido. <\/p>\n<p>Por \u00faltimo, el cantante ha finalizado su mensaje en la citada red social dando las \u00abgracias\u00bb, \u00abya de paso\u00bb, \u00aba todos los que con sentido com\u00fan aprecian ciertas cosas y<strong> entienden la vida como debe ser,<\/strong> sin imposiciones ni injerencias woke\u00bb.<\/p>\n<p>Manuel de la Calva, la otra mitad del grupo, muri\u00f3 en agosto<\/p>\n<p>La otra mitad del D\u00fao Din\u00e1mico, Manuel de la Calva, falleci\u00f3 el 26 de agosto de este a\u00f1o, 2025, a los 88 a\u00f1os. El propio Arcusa fue quien inform\u00f3 de la noticia a trav\u00e9s de las redes sociales del grupo:  \u00abManolo de la Calva, mi amigo del alma, m\u00e1s que hermano, compa\u00f1ero de cien aventuras y de mil canciones, nos ha dejado hoy. No llor\u00e9is por \u00e9l, no le gustar\u00eda. Fue el alma de D\u00fao, siempre alegre, optimista, positivo. Cantad con \u00e9l en esta despedida\u00bb. Adem\u00e1s, le ha dado las gracias a su amigo \u00abpor tanto\u00bb. \u00abYa eres eterno. Cu\u00eddate all\u00e1 donde est\u00e9s. Te vamos a echar mucho de menos\u00bb, ha apuntado, seg\u00fan recoge Europa Press.<\/p>\n<blockquote class=\"twitter-tweet\" data-width=\"550\" data-dnt=\"true\">\n<p lang=\"es\" dir=\"ltr\">Manolo de la Calva, mi amigo del alma, m\u00e1s que hermano, compa\u00f1ero de  cien aventuras y de mil canciones nos ha dejado hoy.<\/p>\n<p>No llor\u00e9is por \u00e9l, no le gustar\u00eda. Fue el alma de D\u00fao, siempre alegre, optimista, positivo. Cantad con \u00e9l en esta despedida.<\/p>\n<p>Gracias por tanto, amigo. Ya\u2026 <a href=\"https:\/\/t.co\/C6SH8RSvFw\" rel=\"nofollow\">pic.twitter.com\/C6SH8RSvFw<\/a><\/p>\n<p>\u2014 D\u00fao Din\u00e1mico Oficial (@DD_ManoloRamon) <a href=\"https:\/\/twitter.com\/DD_ManoloRamon\/status\/1960312977170498039?ref_src=twsrc%5Etfw\" rel=\"nofollow noopener\" target=\"_blank\">August 26, 2025<\/a><\/p><\/blockquote>\n<p>Arcusa y De la Calva se conocieron en la empresa de motores de aviaci\u00f3n Elizalde donde ambos hab\u00edan entrado a trabajar. Siendo todav\u00eda unos adolescentes se unieron para emular a los \u00eddolos de su \u00e9poca y, as\u00ed, en los \u00faltimos d\u00edas de 1958, se presentaron por la radio en p\u00fablico, bautizados como The Dynamic Boys, que el presentador del programa castellaniz\u00f3 como D\u00fao Din\u00e1mico.\u00a0<strong>El D\u00fao Din\u00e1mico naci\u00f3, como grupo, en 1959, tres a\u00f1os antes que The Beatles y cuatro antes que los Rolling Stones.<\/strong><\/p>\n<p>Arranc\u00f3 de este modo una carrera art\u00edstica marcada por innumerables \u00e9xitos, que dieron color a una Espa\u00f1a todav\u00eda en blanco y negro y que no tardar\u00edan en dar el salto al otro lado del Atl\u00e1ntico. En los primeros a\u00f1os 60, adem\u00e1s, participaron como protagonistas en cuatro largometrajes.<br \/><a href=\"https:\/\/theobjective.com\/cultura\/2025-07-22\/muere-ozzy-osbourne-black-sabbath-heavy-metal\/\" rel=\"nofollow noopener\" target=\"_blank\"><\/p>\n<p>                                                    <script async src=\"https:\/\/platform.twitter.com\/widgets.js\" charset=\"utf-8\"><\/script><\/p>\n","protected":false},"excerpt":{"rendered":"La plataforma de Spotify en EEUU ha \u00abcensurado\u00bb dos canciones del grupo espa\u00f1ol D\u00fao Din\u00e1mico: Quince a\u00f1os tiene&hellip;\n","protected":false},"author":2,"featured_media":218310,"comment_status":"","ping_status":"","sticky":false,"template":"","format":"standard","meta":{"footnotes":""},"categories":[91],"tags":[218,3061,3374,58421,146,147,25,24,629,185,23,1603,11538],"class_list":{"0":"post-218309","1":"post","2":"type-post","3":"status-publish","4":"format-standard","5":"has-post-thumbnail","7":"category-entretenimiento","8":"tag-canciones","9":"tag-cantantes","10":"tag-censura","11":"tag-cultura-woke","12":"tag-entertainment","13":"tag-entretenimiento","14":"tag-es","15":"tag-espana","16":"tag-estados-unidos","17":"tag-musica","18":"tag-spain","19":"tag-spotify","20":"tag-veto"},"share_on_mastodon":{"url":"https:\/\/pubeurope.com\/@es\/115492395758191973","error":""},"_links":{"self":[{"href":"https:\/\/www.europesays.com\/es\/wp-json\/wp\/v2\/posts\/218309","targetHints":{"allow":["GET"]}}],"collection":[{"href":"https:\/\/www.europesays.com\/es\/wp-json\/wp\/v2\/posts"}],"about":[{"href":"https:\/\/www.europesays.com\/es\/wp-json\/wp\/v2\/types\/post"}],"author":[{"embeddable":true,"href":"https:\/\/www.europesays.com\/es\/wp-json\/wp\/v2\/users\/2"}],"replies":[{"embeddable":true,"href":"https:\/\/www.europesays.com\/es\/wp-json\/wp\/v2\/comments?post=218309"}],"version-history":[{"count":0,"href":"https:\/\/www.europesays.com\/es\/wp-json\/wp\/v2\/posts\/218309\/revisions"}],"wp:featuredmedia":[{"embeddable":true,"href":"https:\/\/www.europesays.com\/es\/wp-json\/wp\/v2\/media\/218310"}],"wp:attachment":[{"href":"https:\/\/www.europesays.com\/es\/wp-json\/wp\/v2\/media?parent=218309"}],"wp:term":[{"taxonomy":"category","embeddable":true,"href":"https:\/\/www.europesays.com\/es\/wp-json\/wp\/v2\/categories?post=218309"},{"taxonomy":"post_tag","embeddable":true,"href":"https:\/\/www.europesays.com\/es\/wp-json\/wp\/v2\/tags?post=218309"}],"curies":[{"name":"wp","href":"https:\/\/api.w.org\/{rel}","templated":true}]}}