{"id":218363,"date":"2025-11-04T17:20:09","date_gmt":"2025-11-04T17:20:09","guid":{"rendered":"https:\/\/www.europesays.com\/es\/218363\/"},"modified":"2025-11-04T17:20:09","modified_gmt":"2025-11-04T17:20:09","slug":"el-ojo-critico-con-el-premio-cervantes-gonzalo-celorio","status":"publish","type":"post","link":"https:\/\/www.europesays.com\/es\/218363\/","title":{"rendered":"El ojo cr\u00edtico &#8211; Con el Premio Cervantes, Gonzalo Celorio"},"content":{"rendered":"<p>Hoy hablamos en directo con el Premio Cervantes 2025, Gonzalo Celorio, a quien felicitamos por el galard\u00f3n. Tambi\u00e9n viajamos a Francia con nuestro corresponsal, Antonio Delgado, para hablar del equivalente al Cervantes, el Premio Goncourt, que ha reca\u00eddo en Logan Movi\u00f1\u00e9 con una novela familiar, en el que la ausencia tiene un peso fundamental. Son algunos de los temas culturales que abordamos en el programa de hoy de El ojo cr\u00edtico.<\/p>\n","protected":false},"excerpt":{"rendered":"Hoy hablamos en directo con el Premio Cervantes 2025, Gonzalo Celorio, a quien felicitamos por el galard\u00f3n. Tambi\u00e9n&hellip;\n","protected":false},"author":2,"featured_media":218364,"comment_status":"","ping_status":"","sticky":false,"template":"","format":"standard","meta":{"footnotes":""},"categories":[91],"tags":[58428,8519,146,147,25,24,58086,133,1448,1986,1987,23],"class_list":{"0":"post-218363","1":"post","2":"type-post","3":"status-publish","4":"format-standard","5":"has-post-thumbnail","7":"category-entretenimiento","8":"tag-con-el-premio-cervantes-2025","9":"tag-el-ojo-critico","10":"tag-entertainment","11":"tag-entretenimiento","12":"tag-es","13":"tag-espana","14":"tag-gonzalo-celorio","15":"tag-online","16":"tag-radio","17":"tag-rne","18":"tag-rtve-play","19":"tag-spain"},"share_on_mastodon":{"url":"https:\/\/pubeurope.com\/@es\/115492580592938756","error":""},"_links":{"self":[{"href":"https:\/\/www.europesays.com\/es\/wp-json\/wp\/v2\/posts\/218363","targetHints":{"allow":["GET"]}}],"collection":[{"href":"https:\/\/www.europesays.com\/es\/wp-json\/wp\/v2\/posts"}],"about":[{"href":"https:\/\/www.europesays.com\/es\/wp-json\/wp\/v2\/types\/post"}],"author":[{"embeddable":true,"href":"https:\/\/www.europesays.com\/es\/wp-json\/wp\/v2\/users\/2"}],"replies":[{"embeddable":true,"href":"https:\/\/www.europesays.com\/es\/wp-json\/wp\/v2\/comments?post=218363"}],"version-history":[{"count":0,"href":"https:\/\/www.europesays.com\/es\/wp-json\/wp\/v2\/posts\/218363\/revisions"}],"wp:featuredmedia":[{"embeddable":true,"href":"https:\/\/www.europesays.com\/es\/wp-json\/wp\/v2\/media\/218364"}],"wp:attachment":[{"href":"https:\/\/www.europesays.com\/es\/wp-json\/wp\/v2\/media?parent=218363"}],"wp:term":[{"taxonomy":"category","embeddable":true,"href":"https:\/\/www.europesays.com\/es\/wp-json\/wp\/v2\/categories?post=218363"},{"taxonomy":"post_tag","embeddable":true,"href":"https:\/\/www.europesays.com\/es\/wp-json\/wp\/v2\/tags?post=218363"}],"curies":[{"name":"wp","href":"https:\/\/api.w.org\/{rel}","templated":true}]}}