{"id":218365,"date":"2025-11-04T17:21:09","date_gmt":"2025-11-04T17:21:09","guid":{"rendered":"https:\/\/www.europesays.com\/es\/218365\/"},"modified":"2025-11-04T17:21:09","modified_gmt":"2025-11-04T17:21:09","slug":"la-agencia-espacial-europea-esa-simula-que-pasaria-si-se-diera-una-supertormenta-solar-no-existen-buenas-soluciones","status":"publish","type":"post","link":"https:\/\/www.europesays.com\/es\/218365\/","title":{"rendered":"La Agencia Espacial Europea (ESA) simula qu\u00e9 pasar\u00eda si se diera una supertormenta solar: \u00abNo existen buenas soluciones\u00bb"},"content":{"rendered":"<p>La Agencia Espacial Europea (ESA) ha simulado <b>qu\u00e9 pasar\u00eda si se diera una supertormenta solar, <\/b>similar al evento Carrington de 1859 (la tormenta geomagn\u00e9tica m\u00e1s potente jam\u00e1s registrada) y qu\u00e9 implicaciones tendr\u00eda en los sat\u00e9lites, tecnolog\u00edas e infraestructuras existentes: \u00abSi ocurriera un evento de este tipo, <b>no existen buenas soluciones. El objetivo ser\u00eda mantener el sat\u00e9lite a salvo <\/b>y limitar los da\u00f1os en la medida de lo posible\u00bb, afirma Thomas Ormston, subdirector de operaciones de la nave espacial Sentinel-1D de la ESA.<\/p>\n<p>La prueba se ha llevado a cabo en el <b>centro de control de misiones de Darmstadt<\/b> (Alemania) y adem\u00e1s de tratar de calcular las implicaciones que tendr\u00eda el suceso, se ha realizado la prueba<b> justo antes del lanzamiento de la pr\u00f3xima misi\u00f3n, Sentinel-1D,<\/b> que se realizar\u00e1 este mes de noviembre.<\/p>\n<p><a rel=\"nofollow noopener\" href=\"https:\/\/www.space.com\/astronomy\/no-spacecraft-would-survive-europe-simulates-catastrophic-solar-storm-to-warn-of-real-risks\" target=\"_blank\">Seg\u00fan la simulaci\u00f3n de la ESA<\/a>, en el caso de darse una supertormenta solar, nos ver\u00edamos <b>frente a tres amenazas principales: <\/b>una llamarada solar; una lluvia de protones, electrones y part\u00edculas; y una eyecci\u00f3n de masa coronal:<\/p>\n<ul>&#13;<\/p>\n<li><b>Llamarada solar de clase X:<\/b> la radiaci\u00f3n alcanzar\u00eda la Tierra en apenas 8 minutos, deteniendo todo tipo de comunicaciones, radares y sistemas de seguimiento.<\/li>\n<p>&#13;<\/p>\n<li><b>Lluvia de protones, electrones y part\u00edculas alfa:<\/b> impactar\u00edan contra las naves espaciales de la \u00f3rbita, lo que provocar\u00eda lecturas err\u00f3neas, datos da\u00f1ados y errores en el hardware.<\/li>\n<p>&#13;<\/p>\n<li><b>Eyecci\u00f3n de masa coronal (EMA): <\/b>a las 15 horas, la eyecci\u00f3n de masa impactar\u00eda contra el campo magn\u00e9tico terrestre, haciendo que la atm\u00f3sfera se expanda y desviando los sat\u00e9lites de sus \u00f3rbitas, lo que provocar\u00eda colisiones e incluso el fin de su vida \u00fatil.<\/li>\n<p>&#13;\n<\/ul>\n<p>Adem\u00e1s, sobre el terreno se <b>sobrecargar\u00edan las redes el\u00e9ctricas y los oleoductos<\/b>: \u00abEl inmenso flujo de energ\u00eda expulsado por el sol podr\u00eda da\u00f1ar todos nuestros sat\u00e9lites en \u00f3rbita. Los sat\u00e9lites en \u00f3rbita terrestre baja suelen estar mejor protegidos por nuestra atm\u00f3sfera y nuestro campo magn\u00e9tico frente a los peligros espaciales, pero <b>una explosi\u00f3n de la magnitud del evento Carrington no dejar\u00eda a ninguna nave espacial a salvo<\/b>\u00ab, comenta Jorge Amaya, coordinaci\u00f3n de modelizaci\u00f3n del clima espacial de la ESA.<\/p>\n<p>WhatsApp<a href=\"https:\/\/api.whatsapp.com\/send?text=https:\/\/www.eleconomista.es\/tecnologia\/noticias\/13627394\/11\/25\/la-agencia-espacial-europea-esa-simula-que-pasaria-si-se-diera-una-supertormenta-solar-no-existen-buenas-soluciones.html?utm_source%3Dwhatsapp%26utm_medium%3Dshare_button&amp;id=1648118629957_whatsapp\" target=\"_blank\" data-action=\"share\/whatsapp\/share\" aria-label=\"Compartir en Whatsapp\" rel=\"nofollow noopener\"><\/a>Facebook<a id=\"fb-share\" href=\"#\" target=\"_blank\" rel=\"noopener noreferrer\" aria-label=\"Compartir en Facebook\"><\/a>Twitter<a href=\"https:\/\/twitter.com\/share?text=La+Agencia+Espacial+Europea+%28ESA%29+simula+qu%C3%A9+pasar%C3%ADa+si+se+diera+una+supertormenta+solar%3A+%22No+existen+buenas+soluciones%22&amp;url=https:\/\/www.eleconomista.es\/tecnologia\/noticias\/13627394\/11\/25\/la-agencia-espacial-europea-esa-simula-que-pasaria-si-se-diera-una-supertormenta-solar-no-existen-buenas-soluciones.html&amp;via=elEconomistaes&amp;id=1648118839245_twitter\" target=\"_blank\" aria-label=\"Compartir en Twitter\" rel=\"nofollow noopener\"><\/a>Linkedin<a href=\"https:\/\/linkedin.com\/share?text=https:\/\/www.eleconomista.es\/tecnologia\/noticias\/13627394\/11\/25\/la-agencia-espacial-europea-esa-simula-que-pasaria-si-se-diera-una-supertormenta-solar-no-existen-buenas-soluciones.html&amp;via=elEconomistaes\" target=\"_blank\" aria-label=\"Compartir en linkedin\" rel=\"nofollow noopener\"><\/a>Beloud<a href=\"https:\/\/beloud.com\/share?text=La+Agencia+Espacial+Europea+%28ESA%29+simula+qu%C3%A9+pasar%C3%ADa+si+se+diera+una+supertormenta+solar%3A+%22No+existen+buenas+soluciones%22&amp;url=https:\/\/www.eleconomista.es\/tecnologia\/noticias\/13627394\/11\/25\/la-agencia-espacial-europea-esa-simula-que-pasaria-si-se-diera-una-supertormenta-solar-no-existen-buenas-soluciones.html&amp;via=elEconomistaes&amp;id=1648118839245_beloud\" target=\"_blank\" aria-label=\"Compartir en beloud\" rel=\"nofollow noopener\"><\/a>Bluesky<a href=\"https:\/\/bsky.app\/intent\/compose?text=https:\/\/bsky.app\/intent\/compose?text=https:\/\/www.eleconomista.es\/tecnologia\/noticias\/13627394\/11\/25\/la-agencia-espacial-europea-esa-simula-que-pasaria-si-se-diera-una-supertormenta-solar-no-existen-buenas-soluciones.html&amp;url=https:\/\/www.eleconomista.es\/tecnologia\/noticias\/13627394\/11\/25\/la-agencia-espacial-europea-esa-simula-que-pasaria-si-se-diera-una-supertormenta-solar-no-existen-buenas-soluciones.html&amp;via=elEconomistaes&amp;id=1648118839245_bluesky\" target=\"_blank\" aria-label=\"Compartir en bluesky\" rel=\"nofollow noopener\"><\/a><\/p>\n<p><script async src=\"https:\/\/platform.twitter.com\/widgets.js\" charset=\"utf-8\"><\/script><\/p>\n","protected":false},"excerpt":{"rendered":"La Agencia Espacial Europea (ESA) ha simulado qu\u00e9 pasar\u00eda si se diera una supertormenta solar, similar al evento&hellip;\n","protected":false},"author":2,"featured_media":218366,"comment_status":"","ping_status":"","sticky":false,"template":"","format":"standard","meta":{"footnotes":""},"categories":[81],"tags":[119,123,124,25,24,117,121,122,23,118,120],"class_list":{"0":"post-218365","1":"post","2":"type-post","3":"status-publish","4":"format-standard","5":"has-post-thumbnail","7":"category-ciencia-y-tecnologia","8":"tag-ciencia","9":"tag-ciencia-y-tecnologia","10":"tag-cienciaytecnologia","11":"tag-es","12":"tag-espana","13":"tag-science","14":"tag-science-and-technology","15":"tag-scienceandtechnology","16":"tag-spain","17":"tag-technology","18":"tag-tecnologia"},"share_on_mastodon":{"url":"https:\/\/pubeurope.com\/@es\/115492584762035856","error":""},"_links":{"self":[{"href":"https:\/\/www.europesays.com\/es\/wp-json\/wp\/v2\/posts\/218365","targetHints":{"allow":["GET"]}}],"collection":[{"href":"https:\/\/www.europesays.com\/es\/wp-json\/wp\/v2\/posts"}],"about":[{"href":"https:\/\/www.europesays.com\/es\/wp-json\/wp\/v2\/types\/post"}],"author":[{"embeddable":true,"href":"https:\/\/www.europesays.com\/es\/wp-json\/wp\/v2\/users\/2"}],"replies":[{"embeddable":true,"href":"https:\/\/www.europesays.com\/es\/wp-json\/wp\/v2\/comments?post=218365"}],"version-history":[{"count":0,"href":"https:\/\/www.europesays.com\/es\/wp-json\/wp\/v2\/posts\/218365\/revisions"}],"wp:featuredmedia":[{"embeddable":true,"href":"https:\/\/www.europesays.com\/es\/wp-json\/wp\/v2\/media\/218366"}],"wp:attachment":[{"href":"https:\/\/www.europesays.com\/es\/wp-json\/wp\/v2\/media?parent=218365"}],"wp:term":[{"taxonomy":"category","embeddable":true,"href":"https:\/\/www.europesays.com\/es\/wp-json\/wp\/v2\/categories?post=218365"},{"taxonomy":"post_tag","embeddable":true,"href":"https:\/\/www.europesays.com\/es\/wp-json\/wp\/v2\/tags?post=218365"}],"curies":[{"name":"wp","href":"https:\/\/api.w.org\/{rel}","templated":true}]}}