{"id":218379,"date":"2025-11-04T17:34:16","date_gmt":"2025-11-04T17:34:16","guid":{"rendered":"https:\/\/www.europesays.com\/es\/218379\/"},"modified":"2025-11-04T17:34:16","modified_gmt":"2025-11-04T17:34:16","slug":"la-razon-por-la-que-hay-una-ikurrina-con-un-escudo-del-athletic-en-saint-james-park","status":"publish","type":"post","link":"https:\/\/www.europesays.com\/es\/218379\/","title":{"rendered":"La raz\u00f3n por la que hay una ikurri\u00f1a con un escudo del Athletic en Saint James Park"},"content":{"rendered":"<p>La afici\u00f3n del Athletic afronta su segunda salida europea de la temporada. Despu\u00e9s de viajar a Dortmund, donde hubo una gran sinton\u00eda entre los hinchas  &#8230; de ambos equipos -incluso <a href=\"https:\/\/www.elcorreo.com\/athletic\/juanma-mallo-muro-rojiblanco-gano-respeto-poderoso-amarillo-20251002115444-nt.html\" data-voc-vtm-id=\"in-text-traffic\" title=\"los locales aplaudieron \" data-mrf-link=\"www.elcorreo.com\" rel=\"nofollow noopener\" target=\"_blank\">los locales aplaudieron <\/a>a los rojiblancos en su primera visita de la historia al Signal Iduna Park-, los athleticzales se plantan en una ciudad del norte de Inglaterra ya conocida. Newcastle se encuentra entre esos sitios que dejaron un amable recuerdo para la gente de Bilbao. Ocurri\u00f3 en el partido de ida de la eliminatoria de dieciseisavos de final de la Copa de la UEFA de la temporada 1994-95, cuando la salida de Gontzal Suances revolucion\u00f3 el encuentro y se pas\u00f3 de un 3-0 a un 3-2. <\/p>\n<p><img decoding=\"async\" loading=\"lazy\" src=\"https:\/\/www.europesays.com\/es\/wp-content\/uploads\/2025\/11\/comoeslbandera.PNG\" class=\"v-a-img\" width=\"502\" height=\"257\" alt=\"\" data-voc-vtm-id=\"in-text-traffic\"\/><\/p>\n<p><img loading=\"lazy\" decoding=\"async\" src=\"https:\/\/www.europesays.com\/es\/wp-content\/uploads\/2025\/11\/comoeslbandera.PNG\" class=\"v-mdl__img-z\" width=\"1920\" height=\"1344\" alt=\"\"\/><\/p>\n<p class=\"v-p\">Pero no solo en la capital vizca\u00edna dej\u00f3 un enorme poso esa ronda de la antigua segunda competici\u00f3n europea. Los aficionados de las &#8216;urracas&#8217; terminaron enamorados de Bilbao, hasta el punto de que en los encuentros que se disputan en St. James Park se puede observar una ikurri\u00f1a con los escudos del Newcastle y el Athletic. Debajo una inscripci\u00f3n en ingl\u00e9s. \u00abEn honor al v\u00ednculo entre el Newcastle y el Athletic. Copa de la UEFA. 18 de octubre, St. James Park, 1 de noviembre, San Mam\u00e9s. Para nuestros amigos\u00bb.<\/p>\n<p class=\"v-p\">El ambiente result\u00f3 excepcional en ambos encuentros. Tanto en la ida, como en la vuelta, cuando un tanto de Jos\u00e9 \u00c1ngel Ziganda, &#8216;Cuco&#8217;, permiti\u00f3 a los vizca\u00ednos tumbar a las &#8216;urracas&#8217; y lograr el pase a octavos de final. De hecho, como recuerda &#8216;\u00c1rea Rojiblanca&#8217;, al final del encuentro se produjo un momento que pocas veces se vio en el antiguo San Mam\u00e9s.<\/p>\n<p class=\"v-p\">Fruto de la felicidad, la afici\u00f3n del Athletic se lanz\u00f3 al campo para festejar la eliminaci\u00f3n de uno de los equipos m\u00e1s poderosos de aquellos tiempos en la Premier League. Pero tambi\u00e9n se acerc\u00f3 a la esquina donde se encontraban los espectadores ingleses para aplaudirles y mostrarles sus respetos por su comportamiento. A cambio, los hinchas del equipo blanquinegro corearon \u00abAthletic, Athletic\u00bb, algunos de ellos con bufandas rojiblancas al cuello. Como si hubieran nacido en la misma calle Pozas. <\/p>\n<p><img decoding=\"async\" loading=\"lazy\" src=\"https:\/\/www.europesays.com\/es\/wp-content\/uploads\/2025\/11\/dentrofoto-kZ5E-U240116026643P9H-650x455@El Correo.jpeg\" class=\"v-a-img\" width=\"650\" height=\"455\" alt=\"\" data-voc-vtm-id=\"in-text-traffic\"\/><\/p>\n<p><img loading=\"lazy\" decoding=\"async\" src=\"https:\/\/www.europesays.com\/es\/wp-content\/uploads\/2025\/11\/dentrofoto.jpeg\" class=\"v-mdl__img-z\" width=\"1920\" height=\"1344\" alt=\"\"\/><\/p>\n<p class=\"v-p\">Desde entonces, las relaciones entre ambas aficiones han sido magn\u00edficas. Prueba de ello esa bandera con la ikurri\u00f1a. Aunque, eso s\u00ed, no se hab\u00edan vuelto a encontrar en un partido oficial. S\u00ed han disputado un par de amistosos entre ellos. El primero, en agosto de 2001, con victoria para los visitantes gracias a una diana de Julen Guerrero. El segundo, en julio de 2022, con triunfo para los ingleses. Entonces, Muniain, acompa\u00f1ado del capit\u00e1n del Newcastle, mostr\u00f3 esa bandera. De fondo, se pod\u00eda leer: \u00abOngi etorri lehoiak\u00bb. <\/p>\n","protected":false},"excerpt":{"rendered":"La afici\u00f3n del Athletic afronta su segunda salida europea de la temporada. Despu\u00e9s de viajar a Dortmund, donde&hellip;\n","protected":false},"author":2,"featured_media":218380,"comment_status":"","ping_status":"","sticky":false,"template":"","format":"standard","meta":{"footnotes":""},"categories":[268],"tags":[2182,168,25,17873,24,280,282,32070,13783,12569,12109,25979,281,23,167],"class_list":{"0":"post-218379","1":"post","2":"type-post","3":"status-publish","4":"format-standard","5":"has-post-thumbnail","7":"category-futbol","8":"tag-athletic","9":"tag-deportes","10":"tag-es","11":"tag-escudo","12":"tag-espana","13":"tag-football","14":"tag-futbol","15":"tag-ikurrina","16":"tag-james","17":"tag-park","18":"tag-razon","19":"tag-saint","20":"tag-soccer","21":"tag-spain","22":"tag-sports"},"share_on_mastodon":{"url":"https:\/\/pubeurope.com\/@es\/115492636404168085","error":""},"_links":{"self":[{"href":"https:\/\/www.europesays.com\/es\/wp-json\/wp\/v2\/posts\/218379","targetHints":{"allow":["GET"]}}],"collection":[{"href":"https:\/\/www.europesays.com\/es\/wp-json\/wp\/v2\/posts"}],"about":[{"href":"https:\/\/www.europesays.com\/es\/wp-json\/wp\/v2\/types\/post"}],"author":[{"embeddable":true,"href":"https:\/\/www.europesays.com\/es\/wp-json\/wp\/v2\/users\/2"}],"replies":[{"embeddable":true,"href":"https:\/\/www.europesays.com\/es\/wp-json\/wp\/v2\/comments?post=218379"}],"version-history":[{"count":0,"href":"https:\/\/www.europesays.com\/es\/wp-json\/wp\/v2\/posts\/218379\/revisions"}],"wp:featuredmedia":[{"embeddable":true,"href":"https:\/\/www.europesays.com\/es\/wp-json\/wp\/v2\/media\/218380"}],"wp:attachment":[{"href":"https:\/\/www.europesays.com\/es\/wp-json\/wp\/v2\/media?parent=218379"}],"wp:term":[{"taxonomy":"category","embeddable":true,"href":"https:\/\/www.europesays.com\/es\/wp-json\/wp\/v2\/categories?post=218379"},{"taxonomy":"post_tag","embeddable":true,"href":"https:\/\/www.europesays.com\/es\/wp-json\/wp\/v2\/tags?post=218379"}],"curies":[{"name":"wp","href":"https:\/\/api.w.org\/{rel}","templated":true}]}}