{"id":218383,"date":"2025-11-04T17:36:14","date_gmt":"2025-11-04T17:36:14","guid":{"rendered":"https:\/\/www.europesays.com\/es\/218383\/"},"modified":"2025-11-04T17:36:14","modified_gmt":"2025-11-04T17:36:14","slug":"el-picasso-desaparecido-podra-contemplarse-desde-este-miercoles-en-granada","status":"publish","type":"post","link":"https:\/\/www.europesays.com\/es\/218383\/","title":{"rendered":"El Picasso desaparecido podr\u00e1 contemplarse desde este mi\u00e9rcoles en Granada"},"content":{"rendered":"<p>El Picasso que desapareci\u00f3 antes de llegar a Granada por fin se podr\u00e1 contemplar en la ciudad. CajaGranada Fundaci\u00f3n ha informado, atrav\u00e9s de un comunicado,  &#8230; que de que, tras su reciente recuperaci\u00f3n, a partir de este mi\u00e9rcoles 5 de noviembre la obra de Pablo Picasso &#8216;Naturaleza muerta con guitarra&#8217; podr\u00e1 ser contemplada en la Sala de Exposiciones Temporales del Centro Cultural CajaGranada, en el marco de la exposici\u00f3n &#8216;Bodeg\u00f3n | La eternidad de lo inerte&#8217;, tal y como estaba previsto en el proyecto expositivo.<\/p>\n<p class=\"v-p\">Tras un mes desaparecido, la Polic\u00eda Nacional confirm\u00f3 que el cuadro hallado en Madrid el pasado 24 de octubre era el Picasso que estaba desaparecido. La pieza nunca lleg\u00f3 a subir a la furgoneta que trasportaba esta y otras m\u00e1s para una exposici\u00f3n prevista en Granada. La empresa de transportes que ten\u00eda que recogerlo en el centro de Madrid junto a otras obras de arte para llevarlas a un almac\u00e9n se lo dej\u00f3 en la calle. <\/p>\n<p class=\"v-p\">La mujer del portero de la finca encontr\u00f3 el paquete en el portal y lo guard\u00f3 en casa. Tras aquel hallazgo, sufri\u00f3 un problema personal de relevancia y olvid\u00f3 por completo el tesoro que, presuntamente sin saberlo, hab\u00eda guardado. Un mes despu\u00e9s, cuando hablando con su marido se acord\u00f3 del paquete. Ella ni siquiera estaba al tanto de que hab\u00eda desaparecido un Picasso, pero r\u00e1pidamente llegaron a la conclusi\u00f3n de que pod\u00eda ser aquel paquete que no hab\u00edan abierto. Por tanto, dieron aviso a la Polic\u00eda Nacional, que se desplaz\u00f3 r\u00e1pidamente para hacer sus averiguaciones.<\/p>\n<p>Horario de visita<\/p>\n<p class=\"v-p\">El horario de visita de la muestra es de martes a s\u00e1bado de 11 a 14 horas y de 18 a 20 horas. Por su parte, los domingos y festivos, la exposici\u00f3n abre de 11 a 14 horas, mientras que el lunes permanecer\u00e1 cerrada.<\/p>\n<p class=\"v-p\">Para CajaGranada Fundaci\u00f3n \u00abes una gran satisfacci\u00f3n poder presentar la exposici\u00f3n como fue concebida, con la presencia de la obra de Picasso, que el p\u00fablico podr\u00e1 disfrutar en su recorrido por la muestra\u00bb.<\/p>\n<p class=\"v-p\">La exposici\u00f3n &#8216;Bodeg\u00f3n | La eternidad de lo inerte&#8217; constituye una \u00abmuestra excepcional que invita a redescubrir uno de los g\u00e9neros m\u00e1s antiguos y simb\u00f3licos de la historia del arte\u00bb.<\/p>\n<p class=\"v-p\">A trav\u00e9s de m\u00e1s de medio centenar de piezas, esta exposici\u00f3n, que podr\u00e1 visitarse hasta el 11 de enero, ofrece un viaje por dos de los momentos clave en la historia de la naturaleza muerta, el siglo XVII y el siglo XX, mostrando c\u00f3mo los objetos inanimados han servido durante siglos como espejo de las preocupaciones humanas, la espiritualidad y la belleza cotidiana.<\/p>\n<p class=\"v-p\">La exposici\u00f3n re\u00fane 59 obras que reflejan dos de las etapas m\u00e1s ic\u00f3nicas de este g\u00e9nero, trazando un recorrido que va desde las composiciones moralizantes del Barroco flamenco hasta las naturalezas muertas cubistas de Juan Gris, Mar\u00eda Blanchard o Pablo Picasso, pasando por las visiones metaf\u00edsicas de Magritte o las reinterpretaciones contempor\u00e1neas de Antonio L\u00f3pez y Fernando Botero.<\/p>\n","protected":false},"excerpt":{"rendered":"El Picasso que desapareci\u00f3 antes de llegar a Granada por fin se podr\u00e1 contemplar en la ciudad. CajaGranada&hellip;\n","protected":false},"author":2,"featured_media":218384,"comment_status":"","ping_status":"","sticky":false,"template":"","format":"standard","meta":{"footnotes":""},"categories":[173],"tags":[229,233,231,230,58429,14089,232,234,146,147,25,24,494,295,559,15870,23],"class_list":{"0":"post-218383","1":"post","2":"type-post","3":"status-publish","4":"format-standard","5":"has-post-thumbnail","7":"category-arte-y-diseno","8":"tag-arte","9":"tag-arte-y-diseno","10":"tag-arts","11":"tag-arts-and-design","12":"tag-contemplarse","13":"tag-desaparecido","14":"tag-design","15":"tag-diseno","16":"tag-entertainment","17":"tag-entretenimiento","18":"tag-es","19":"tag-espana","20":"tag-granada","21":"tag-miercoles","22":"tag-picasso","23":"tag-podra","24":"tag-spain"},"share_on_mastodon":{"url":"","error":""},"_links":{"self":[{"href":"https:\/\/www.europesays.com\/es\/wp-json\/wp\/v2\/posts\/218383","targetHints":{"allow":["GET"]}}],"collection":[{"href":"https:\/\/www.europesays.com\/es\/wp-json\/wp\/v2\/posts"}],"about":[{"href":"https:\/\/www.europesays.com\/es\/wp-json\/wp\/v2\/types\/post"}],"author":[{"embeddable":true,"href":"https:\/\/www.europesays.com\/es\/wp-json\/wp\/v2\/users\/2"}],"replies":[{"embeddable":true,"href":"https:\/\/www.europesays.com\/es\/wp-json\/wp\/v2\/comments?post=218383"}],"version-history":[{"count":0,"href":"https:\/\/www.europesays.com\/es\/wp-json\/wp\/v2\/posts\/218383\/revisions"}],"wp:featuredmedia":[{"embeddable":true,"href":"https:\/\/www.europesays.com\/es\/wp-json\/wp\/v2\/media\/218384"}],"wp:attachment":[{"href":"https:\/\/www.europesays.com\/es\/wp-json\/wp\/v2\/media?parent=218383"}],"wp:term":[{"taxonomy":"category","embeddable":true,"href":"https:\/\/www.europesays.com\/es\/wp-json\/wp\/v2\/categories?post=218383"},{"taxonomy":"post_tag","embeddable":true,"href":"https:\/\/www.europesays.com\/es\/wp-json\/wp\/v2\/tags?post=218383"}],"curies":[{"name":"wp","href":"https:\/\/api.w.org\/{rel}","templated":true}]}}