{"id":218387,"date":"2025-11-04T17:39:10","date_gmt":"2025-11-04T17:39:10","guid":{"rendered":"https:\/\/www.europesays.com\/es\/218387\/"},"modified":"2025-11-04T17:39:10","modified_gmt":"2025-11-04T17:39:10","slug":"en-muchos-sentidos-estaba-muerto-paul-mccartney-revive-el-vacio-que-dejo-el-fin-de-the-beatles","status":"publish","type":"post","link":"https:\/\/www.europesays.com\/es\/218387\/","title":{"rendered":"\u00abEn muchos sentidos estaba muerto\u00bb: Paul McCartney revive el vac\u00edo que dej\u00f3 el fin de The Beatles"},"content":{"rendered":"<p>En un adelanto de su pr\u00f3ximo libro publicado por <a href=\"https:\/\/www.theguardian.com\/music\/2025\/nov\/02\/paul-mccartney-lost-years-after-the-beatles-wings-story-of-band-on-run\" target=\"_blank\" rel=\"nofollow noopener\">The Guardian<\/a>, <strong>Paul McCartney<\/strong> reflexion\u00f3 sobre los dif\u00edciles a\u00f1os que siguieron a la<strong> separaci\u00f3n de The Beatles<\/strong> en <strong>1969<\/strong>, cuando ten\u00eda apenas <strong>27 a\u00f1os y enfrentaba una profunda depresi\u00f3n<\/strong>.<\/p>\n<p>McCartney record\u00f3 c\u00f3mo<strong> los rumores sobre su supuesta muerte se intensificaron mientras el grupo se desmoronaba:\u00a0<\/strong>\u00abEl mundo dec\u00eda que estaba muerto&#8230; en muchos sentidos lo estaba\u00bb, escribi\u00f3 el m\u00fasico brit\u00e1nico.<\/p>\n<p>Esta situaci\u00f3n lo llev\u00f3 a refugiarse junto a<strong> Linda McCartney<\/strong> y su hija en una <strong>granja remota en Escocia<\/strong>. \u00abNos dijimos: &#8216;Debemos escapar&#8217;. La soledad era justo lo que necesit\u00e1bamos\u00bb, se\u00f1al\u00f3.<\/p>\n<blockquote class=\"instagram-media\" style=\"background: #FFF; border: 0; border-radius: 3px; box-shadow: 0 0 1px 0 rgba(0,0,0,0.5),0 1px 10px 0 rgba(0,0,0,0.15); margin: 1px; max-width: 540px; min-width: 326px; padding: 0; width: calc(100% - 2px);\" data-instgrm-captioned=\"\" data-instgrm-permalink=\"https:\/\/www.instagram.com\/p\/DQjmNBZDLAP\/?utm_source=ig_embed&amp;utm_campaign=loading\" data-instgrm-version=\"14\">\n<\/blockquote>\n<p>El ex Beatle describi\u00f3 ese periodo como una etapa de reconstrucci\u00f3n personal y art\u00edstica, en la que aprendi\u00f3 oficios rurales y <strong>recuper\u00f3 el placer de crear sin presiones<\/strong>. \u00abPor primera vez en a\u00f1os, me sent\u00ed libre, liderando y dirigiendo mi propia vida\u00bb, afirm\u00f3.<\/p>\n<blockquote class=\"instagram-media\" style=\"background: #FFF; border: 0; border-radius: 3px; box-shadow: 0 0 1px 0 rgba(0,0,0,0.5),0 1px 10px 0 rgba(0,0,0,0.15); margin: 1px; max-width: 540px; min-width: 326px; padding: 0; width: calc(100% - 2px);\" data-instgrm-captioned=\"\" data-instgrm-permalink=\"https:\/\/www.instagram.com\/p\/DAl797ZOb-G\/?utm_source=ig_embed&amp;utm_campaign=loading\" data-instgrm-version=\"14\">\n<\/blockquote>\n<p>En el texto, McCartney tambi\u00e9n recuerda el dolor por el fin del grupo y las tensiones con sus compa\u00f1eros: \u00abDejar a los Beatles, o que ellos me dejaran a m\u00ed, fue muy dif\u00edcil porque <strong>era mi trabajo de vida<\/strong>. Cuando termin\u00f3, pens\u00e9: &#8216;\u00bfY ahora qu\u00e9 hacemos?'\u00bb.<\/p>\n<p>El m\u00fasico, hoy de 83 a\u00f1os, revela que de esa etapa naci\u00f3 su primer \u00e1lbum solista, McCartney (1970), y canciones como \u00ab<strong>Maybe I&#8217;m Amazed<\/strong>\u00ab, inspiradas en su amor por Linda. \u00abEra mi manera de decir que a\u00fan no me hab\u00eda rendido. Era un tipo de continuidad\u00bb, escribi\u00f3.<\/p>\n<p><script async src=\"\/\/www.instagram.com\/embed.js\"><\/script><\/p>\n","protected":false},"excerpt":{"rendered":"En un adelanto de su pr\u00f3ximo libro publicado por The Guardian, Paul McCartney reflexion\u00f3 sobre los dif\u00edciles a\u00f1os&hellip;\n","protected":false},"author":2,"featured_media":218388,"comment_status":"","ping_status":"","sticky":false,"template":"","format":"standard","meta":{"footnotes":""},"categories":[170],"tags":[146,147,25,24,12444,184,185,9030,23],"class_list":{"0":"post-218387","1":"post","2":"type-post","3":"status-publish","4":"format-standard","5":"has-post-thumbnail","7":"category-musica","8":"tag-entertainment","9":"tag-entretenimiento","10":"tag-es","11":"tag-espana","12":"tag-magazine","13":"tag-music","14":"tag-musica","15":"tag-paul-mccartney","16":"tag-spain"},"share_on_mastodon":{"url":"https:\/\/pubeurope.com\/@es\/115492655429164941","error":""},"_links":{"self":[{"href":"https:\/\/www.europesays.com\/es\/wp-json\/wp\/v2\/posts\/218387","targetHints":{"allow":["GET"]}}],"collection":[{"href":"https:\/\/www.europesays.com\/es\/wp-json\/wp\/v2\/posts"}],"about":[{"href":"https:\/\/www.europesays.com\/es\/wp-json\/wp\/v2\/types\/post"}],"author":[{"embeddable":true,"href":"https:\/\/www.europesays.com\/es\/wp-json\/wp\/v2\/users\/2"}],"replies":[{"embeddable":true,"href":"https:\/\/www.europesays.com\/es\/wp-json\/wp\/v2\/comments?post=218387"}],"version-history":[{"count":0,"href":"https:\/\/www.europesays.com\/es\/wp-json\/wp\/v2\/posts\/218387\/revisions"}],"wp:featuredmedia":[{"embeddable":true,"href":"https:\/\/www.europesays.com\/es\/wp-json\/wp\/v2\/media\/218388"}],"wp:attachment":[{"href":"https:\/\/www.europesays.com\/es\/wp-json\/wp\/v2\/media?parent=218387"}],"wp:term":[{"taxonomy":"category","embeddable":true,"href":"https:\/\/www.europesays.com\/es\/wp-json\/wp\/v2\/categories?post=218387"},{"taxonomy":"post_tag","embeddable":true,"href":"https:\/\/www.europesays.com\/es\/wp-json\/wp\/v2\/tags?post=218387"}],"curies":[{"name":"wp","href":"https:\/\/api.w.org\/{rel}","templated":true}]}}