{"id":218398,"date":"2025-11-04T17:45:11","date_gmt":"2025-11-04T17:45:11","guid":{"rendered":"https:\/\/www.europesays.com\/es\/218398\/"},"modified":"2025-11-04T17:45:11","modified_gmt":"2025-11-04T17:45:11","slug":"murtra-abre-la-puerta-a-una-ampliacion-de-capital-de-telefonica-para-realizar-posibles-compras","status":"publish","type":"post","link":"https:\/\/www.europesays.com\/es\/218398\/","title":{"rendered":"Murtra abre la puerta a una ampliaci\u00f3n de capital de Telef\u00f3nica para realizar posibles compras"},"content":{"rendered":"<p>Marc Murtra, presidente de Telef\u00f3nica, ha asegurado a los analistas que el nuevo plan estrat\u00e9gico de su compa\u00f1\u00eda, en vigor hasta 2030, se ha realizado sin contemplar posibles operaciones corporativas, basado \u00fanicamente con las magnitudes org\u00e1nicas. Aclarado este detalle, Murtra ha abierto la puerta a una posible ampliaci\u00f3n de capital en el caso de que este movimiento resulte necesario para financiar una operaci\u00f3n de crecimiento.<\/p>\n<p>\u00abSi tuvi\u00e9ramos por delante una operaci\u00f3n importante de fusi\u00f3n y adquisici\u00f3n, buscar\u00edamos maneras de acometer esa operaci\u00f3n y una manera de financiar una operaci\u00f3n de esa naturaleza ser\u00eda a trav\u00e9s de una ampliaci\u00f3n de capital, pero no como parte de business as usual\u00bb, ha detallado Murtra a preguntas de los analistas.<\/p>\n<p>Adem\u00e1s, el presidente de Telef\u00f3nica ha condicionado el crecimiento inorg\u00e1nico a la coincidencia de tres elementos: la presencia de sinergias adecuadas, tanto en costes como en redes; un precio adecuado y facilidades regulatorias, con condiciones razonables por parte de las autoridades de competencia. Tras reiterar que el plan estrat\u00e9gico no incluyen fusiones o adquisiciones, Murtra ha indicado que su grupo podr\u00eda estudiar estudiar alguna operaci\u00f3n en el marco de consolidaci\u00f3n, aunque solo se comunicar\u00eda una vez realizada. \u00abNo comentamos acerca de ninguna transacci\u00f3n, ninguna operaci\u00f3n en particular antes del cierre de la misma, pero s\u00ed pueden imaginar que estamos manteniendo conversaciones continuas en cada uno de nuestros mercados principales\u00bb, ha explicado.<\/p>\n<p>En ese sentido, el presidente de Telef\u00f3nica considera que se puede obtener mucho valor en la consolidaci\u00f3n en Brasil y en el Reino Unido, tras insistir que cualquier operaci\u00f3n que hagamos pasa por las referidas tres condiciones. \u00abEn primer lugar, sinergias de coste y de redes; t\u00e9rminos apropiados en cuanto a precio y con remedios o condiciones apropiadas por parte de los reguladores\u00bb, a\u00f1ade Murtra.<\/p>\n<p>En los objetivos de potenciales compras, Telef\u00f3nica ha reconocido el compromiso de su grupo por la consolidaci\u00f3n en el mercado de fibra y tambi\u00e9n ha incluido alg\u00fan centro de datos, aunque estos \u00faltimos activos requieren grandes inversiones y r\u00e9ditos no muy grandes. En ese \u00e1mbito, Murtra ha percibido que \u00ablas autoridades europeas no se sienten c\u00f3modas con tener todos los centros de datos en manos de tres hiperescaladores estadounidenses y nosotros decimos que las operadoras de telecomunicaciones podr\u00edan ser de ayuda en este sentido, pero s\u00f3lo como parte de una consolidaci\u00f3n\u00bb.<\/p>\n<p>En otro momento de su intervenci\u00f3n, el presidente de Telef\u00f3nica ha asegurado que las adquisiciones son un extra, de forma que las decisiones sobre el dividendo resultan \u00abindependientes\u00bb de las operaciones de consolidaci\u00f3n.<\/p>\n<p>WhatsApp<a href=\"https:\/\/api.whatsapp.com\/send?text=https:\/\/www.eleconomista.es\/telecomunicaciones\/noticias\/13626795\/11\/25\/murtra-abre-la-puerta-a-una-ampliacion-de-capital-para-realizar-posibles-compras.html?utm_source%3Dwhatsapp%26utm_medium%3Dshare_button&amp;id=1648118629957_whatsapp\" target=\"_blank\" data-action=\"share\/whatsapp\/share\" aria-label=\"Compartir en Whatsapp\" rel=\"nofollow noopener\"><\/a>Facebook<a id=\"fb-share\" href=\"#\" target=\"_blank\" rel=\"noopener noreferrer\" aria-label=\"Compartir en Facebook\"><\/a>Twitter<a href=\"https:\/\/twitter.com\/share?text=Murtra+abre+la+puerta+a+una+ampliaci%C3%B3n+de+capital+de+Telef%C3%B3nica+para+realizar+posibles+compras&amp;url=https:\/\/www.eleconomista.es\/telecomunicaciones\/noticias\/13626795\/11\/25\/murtra-abre-la-puerta-a-una-ampliacion-de-capital-para-realizar-posibles-compras.html&amp;via=elEconomistaes&amp;id=1648118839245_twitter\" target=\"_blank\" aria-label=\"Compartir en Twitter\" rel=\"nofollow noopener\"><\/a>Linkedin<a href=\"https:\/\/linkedin.com\/share?text=https:\/\/www.eleconomista.es\/telecomunicaciones\/noticias\/13626795\/11\/25\/murtra-abre-la-puerta-a-una-ampliacion-de-capital-para-realizar-posibles-compras.html&amp;via=elEconomistaes\" target=\"_blank\" aria-label=\"Compartir en linkedin\" rel=\"nofollow noopener\"><\/a>Beloud<a href=\"https:\/\/beloud.com\/share?text=Murtra+abre+la+puerta+a+una+ampliaci%C3%B3n+de+capital+de+Telef%C3%B3nica+para+realizar+posibles+compras&amp;url=https:\/\/www.eleconomista.es\/telecomunicaciones\/noticias\/13626795\/11\/25\/murtra-abre-la-puerta-a-una-ampliacion-de-capital-para-realizar-posibles-compras.html&amp;via=elEconomistaes&amp;id=1648118839245_beloud\" target=\"_blank\" aria-label=\"Compartir en beloud\" rel=\"nofollow noopener\"><\/a>Bluesky<a href=\"https:\/\/bsky.app\/intent\/compose?text=https:\/\/bsky.app\/intent\/compose?text=https:\/\/www.eleconomista.es\/telecomunicaciones\/noticias\/13626795\/11\/25\/murtra-abre-la-puerta-a-una-ampliacion-de-capital-para-realizar-posibles-compras.html&amp;url=https:\/\/www.eleconomista.es\/telecomunicaciones\/noticias\/13626795\/11\/25\/murtra-abre-la-puerta-a-una-ampliacion-de-capital-para-realizar-posibles-compras.html&amp;via=elEconomistaes&amp;id=1648118839245_bluesky\" target=\"_blank\" aria-label=\"Compartir en bluesky\" rel=\"nofollow noopener\"><\/a><\/p>\n<p><script async src=\"https:\/\/platform.twitter.com\/widgets.js\" charset=\"utf-8\"><\/script><\/p>\n","protected":false},"excerpt":{"rendered":"Marc Murtra, presidente de Telef\u00f3nica, ha asegurado a los analistas que el nuevo plan estrat\u00e9gico de su compa\u00f1\u00eda,&hellip;\n","protected":false},"author":2,"featured_media":218399,"comment_status":"","ping_status":"","sticky":false,"template":"","format":"standard","meta":{"footnotes":""},"categories":[80],"tags":[82,95,94,25,24,23,6538],"class_list":{"0":"post-218398","1":"post","2":"type-post","3":"status-publish","4":"format-standard","5":"has-post-thumbnail","7":"category-economia","8":"tag-business","9":"tag-economia","10":"tag-economy","11":"tag-es","12":"tag-espana","13":"tag-spain","14":"tag-telecomunicaciones"},"share_on_mastodon":{"url":"","error":""},"_links":{"self":[{"href":"https:\/\/www.europesays.com\/es\/wp-json\/wp\/v2\/posts\/218398","targetHints":{"allow":["GET"]}}],"collection":[{"href":"https:\/\/www.europesays.com\/es\/wp-json\/wp\/v2\/posts"}],"about":[{"href":"https:\/\/www.europesays.com\/es\/wp-json\/wp\/v2\/types\/post"}],"author":[{"embeddable":true,"href":"https:\/\/www.europesays.com\/es\/wp-json\/wp\/v2\/users\/2"}],"replies":[{"embeddable":true,"href":"https:\/\/www.europesays.com\/es\/wp-json\/wp\/v2\/comments?post=218398"}],"version-history":[{"count":0,"href":"https:\/\/www.europesays.com\/es\/wp-json\/wp\/v2\/posts\/218398\/revisions"}],"wp:featuredmedia":[{"embeddable":true,"href":"https:\/\/www.europesays.com\/es\/wp-json\/wp\/v2\/media\/218399"}],"wp:attachment":[{"href":"https:\/\/www.europesays.com\/es\/wp-json\/wp\/v2\/media?parent=218398"}],"wp:term":[{"taxonomy":"category","embeddable":true,"href":"https:\/\/www.europesays.com\/es\/wp-json\/wp\/v2\/categories?post=218398"},{"taxonomy":"post_tag","embeddable":true,"href":"https:\/\/www.europesays.com\/es\/wp-json\/wp\/v2\/tags?post=218398"}],"curies":[{"name":"wp","href":"https:\/\/api.w.org\/{rel}","templated":true}]}}