{"id":218408,"date":"2025-11-04T17:56:13","date_gmt":"2025-11-04T17:56:13","guid":{"rendered":"https:\/\/www.europesays.com\/es\/218408\/"},"modified":"2025-11-04T17:56:13","modified_gmt":"2025-11-04T17:56:13","slug":"dos-jugadoras-del-casademont-zaragoza-convocadas-con-la-seleccion-espanola","status":"publish","type":"post","link":"https:\/\/www.europesays.com\/es\/218408\/","title":{"rendered":"Dos jugadoras del Casademont Zaragoza, convocadas con la selecci\u00f3n espa\u00f1ola"},"content":{"rendered":"<p class=\"paragraph\">Mariona Ortiz y Helena Pueyo, del Casademont Zaragoza, han sido convocadas este martes con la selecci\u00f3n espa\u00f1ola absoluta <b>para disputar dos encuentros amistosos en noviembre, ante Italia y Francia, <\/b>que servir\u00e1n de preparaci\u00f3n para el Premundial que se celebrar\u00e1 en Puerto Rico del 11 al 17 de marzo. Las dos jugadoras del cuadro aragon\u00e9s <a href=\"https:\/\/www.heraldo.es\/noticias\/deportes\/2025\/06\/19\/mariona-ortiz-y-helena-pueyo-las-mejores-en-la-primera-victoria-de-espana-1833271.html\" title=\"Mariona Ortiz y Helena Pueyo, las mejores en la primera victoria de Espa\u00f1a\" rel=\"nofollow noopener\" target=\"_blank\">son ya habituales en las convocatorias del seleccionador nacional,<\/a> Miguel M\u00e9ndez.\u00a0<\/p>\n<p class=\"paragraph\">Los regresos de Mar\u00eda Conde, Maite Cazorla, Laura Quevedo y Megan Gustafson, y <b>las ausencias de Alba Torrens y Raquel Carrera, <\/b>son las principales novedades en la lista de 16 jugadoras facilitada por el t\u00e9cnico para estos dos choques de preparaci\u00f3n.<\/p>\n<p class=\"paragraph\">Conde, Cazorla, Quevedo y Gustafson ser\u00e1n de esta manera <b>cuatro refuerzos importantes<\/b> en la primera convocatoria tras el pasado Eurobasket, que se perdieron por problemas f\u00edsicos y en el que Espa\u00f1a acab\u00f3 en segunda posici\u00f3n por detr\u00e1s de B\u00e9lgica. En esa cita, brillaron Torrens y Carrera, que en esta ocasi\u00f3n no formar\u00e1n parte del grupo la primera al encontrarse sin equipo y la segunda debido al plan de recuperaci\u00f3n de principio de temporada con el Valencia Basket.<\/p>\n<p>La lista de 16 jugadoras<\/p>\n<p class=\"paragraph\">La n\u00f3mina la componen de esta manera Mar\u00eda Ara\u00fajo, Elena Buenavida, Awa Fam (Valencia Basket); Iyana Mart\u00edn, Claudia Soriano, Andrea Vilar\u00f3 (Perfumer\u00edas Avenida Salamanca); <b>Mariona Ortiz, Helena Pueyo (Casademont Zaragoza); <\/b>Laura Quevedo (SPAR Girona); Aina Ayuso (Hozono Glogal Jairis); la debutante Alicia Fl\u00f3rez (Duran Maquinaria Ensino); Irati Etxarri (Movistar Estudiantes); Maite Cazorla (ZWZ USK Praha); Mar\u00eda Conde (Familia Schio); Megan Gustafson (Fenerbahce); y Paula Ginzo (DKSK Miskolc).<\/p>\n<p class=\"paragraph\">Todas ellas <b>se concentrar\u00e1n el 10 de noviembre <\/b>para la disputa del Torneo Internacional de La L\u00ednea en el que se medir\u00e1n con Italia, vigente Bronce Europeo y rival de grupo en el Premundial, el viernes 14 de noviembre a las 18:45 horas; y con Francia, subcampeona ol\u00edmpica, el domingo 16 de noviembre a las 17:00 horas. Adem\u00e1s italianas y francesas jugar\u00e1n entre ellas el s\u00e1bado 15 de noviembre, a las 19:30 horas.<\/p>\n<p class=\"paragraph\">Esta competici\u00f3n servir\u00e1 para trabajar de cara <b>al Premundial que el cuadro espa\u00f1ol disputar\u00e1 en Puerto Rico <\/b>ante Nueva Zelanda, Senegal, la anfitriona, Italia y Estados Unidos. Clasificada esta \u00faltima como actual campeona de Am\u00e9rica, el objetivo es quedar entre los tres mejores conjuntos y obtener as\u00ed un billete para la cita mundialista de Alemania.<\/p>\n<p class=\"paragraph\">\u00abSer\u00e1 <b>una concentraci\u00f3n muy importante <\/b>para poder preparar el Premundial, a pesar de que todav\u00eda falten algunos meses. En marzo, tendremos poco tiempo para preparar esa clasificaci\u00f3n y adem\u00e1s el viaje a Puerto Rico es largo\u00bb, manifest\u00f3 al respecto Miguel M\u00e9ndez en declaraciones difundidas por al Federaci\u00f3n Espa\u00f1ola de Baloncesto (FEB).<\/p>\n<p class=\"paragraph\">\u00abPor eso, esta semana de noviembre ser\u00e1 muy necesaria para <b>refrescar ideas y jugar dos muy buenos partidos amistosos <\/b>contra Francia e Italia, dos equipos muy potentes en el plano europeo. Estamos deseando reencontrarnos con el equipo que tan bien nos represent\u00f3 en el pasado Eurobasket\u00bb, complet\u00f3.<\/p>\n","protected":false},"excerpt":{"rendered":"Mariona Ortiz y Helena Pueyo, del Casademont Zaragoza, han sido convocadas este martes con la selecci\u00f3n espa\u00f1ola absoluta&hellip;\n","protected":false},"author":2,"featured_media":218409,"comment_status":"","ping_status":"","sticky":false,"template":"","format":"standard","meta":{"footnotes":""},"categories":[269],"tags":[299,298,2511,45002,168,25,24,8913,1988,23,167,491],"class_list":{"0":"post-218408","1":"post","2":"type-post","3":"status-publish","4":"format-standard","5":"has-post-thumbnail","7":"category-baloncesto","8":"tag-baloncesto","9":"tag-basketball","10":"tag-casademont","11":"tag-convocadas","12":"tag-deportes","13":"tag-es","14":"tag-espana","15":"tag-jugadoras","16":"tag-seleccion","17":"tag-spain","18":"tag-sports","19":"tag-zaragoza"},"share_on_mastodon":{"url":"https:\/\/pubeurope.com\/@es\/115492722290310986","error":""},"_links":{"self":[{"href":"https:\/\/www.europesays.com\/es\/wp-json\/wp\/v2\/posts\/218408","targetHints":{"allow":["GET"]}}],"collection":[{"href":"https:\/\/www.europesays.com\/es\/wp-json\/wp\/v2\/posts"}],"about":[{"href":"https:\/\/www.europesays.com\/es\/wp-json\/wp\/v2\/types\/post"}],"author":[{"embeddable":true,"href":"https:\/\/www.europesays.com\/es\/wp-json\/wp\/v2\/users\/2"}],"replies":[{"embeddable":true,"href":"https:\/\/www.europesays.com\/es\/wp-json\/wp\/v2\/comments?post=218408"}],"version-history":[{"count":0,"href":"https:\/\/www.europesays.com\/es\/wp-json\/wp\/v2\/posts\/218408\/revisions"}],"wp:featuredmedia":[{"embeddable":true,"href":"https:\/\/www.europesays.com\/es\/wp-json\/wp\/v2\/media\/218409"}],"wp:attachment":[{"href":"https:\/\/www.europesays.com\/es\/wp-json\/wp\/v2\/media?parent=218408"}],"wp:term":[{"taxonomy":"category","embeddable":true,"href":"https:\/\/www.europesays.com\/es\/wp-json\/wp\/v2\/categories?post=218408"},{"taxonomy":"post_tag","embeddable":true,"href":"https:\/\/www.europesays.com\/es\/wp-json\/wp\/v2\/tags?post=218408"}],"curies":[{"name":"wp","href":"https:\/\/api.w.org\/{rel}","templated":true}]}}