{"id":218418,"date":"2025-11-04T18:02:04","date_gmt":"2025-11-04T18:02:04","guid":{"rendered":"https:\/\/www.europesays.com\/es\/218418\/"},"modified":"2025-11-04T18:02:04","modified_gmt":"2025-11-04T18:02:04","slug":"mariah-carey-cada-ano-mas-multimillonaria-gracias-a-su-exito-con-all-i-want-for-christmas-is-you","status":"publish","type":"post","link":"https:\/\/www.europesays.com\/es\/218418\/","title":{"rendered":"Mariah Carey, cada a\u00f1o m\u00e1s multimillonaria gracias a su \u00e9xito con &#8216;All I Want For Christmas Is You&#8217;"},"content":{"rendered":"<p style=\"\">Cuando <strong>Mariah Carey <\/strong>(56 a\u00f1os) lanz\u00f3 la canci\u00f3n<a href=\"https:\/\/www.abc.es\/gente\/mariah-carey-tradicional-pistoletazo-salida-navidad-llego-20251101065315-nt.html\" target=\"_self\" data-voc-vtm-id=\"in-text-traffic\" title=\" &#039;All I Want For Christmas Is You&#039;,\" data-mrf-link=\"www.abc.es\" rel=\"nofollow noopener\"> &#8216;All I Want For Christmas Is You&#8217;,<\/a> dentro de su \u00e1lbum navide\u00f1o &#8216;Merry Christmas&#8217; en 1994, jam\u00e1s imagin\u00f3 que estaba creando un himno de la cultura pop que seguir\u00eda vigente 30 a\u00f1os despu\u00e9s. Desde entonces,  &#8230; cada a\u00f1o, puntualmente, la cantante &#8216;despierta&#8217; de su letargo tras Halloween para anunciar al mundo que lleg\u00f3 la Navidad. <\/p>\n<p class=\"voc-p\" style=\"\">En centros comerciales, parques, fiestas o cualquier evento p\u00fablico, el tema pop se convierte en una melod\u00eda omnipresente que resuena en los o\u00eddos de todos durante toda esta \u00e9poca del a\u00f1o. Sin embargo, el hecho de que esta canci\u00f3n est\u00e9 sonando por todas partes durante al menos un mes hace preguntarse, \u00bfcu\u00e1nto gana Mariah Carey durante las fiestas cada a\u00f1o? <\/p>\n<p class=\"voc-p\" style=\"\">&#8216;All I Want For Christmas Is You&#8217; se convirti\u00f3 en un \u00e9xito instant\u00e1neo tras su lanzamiento en 1994. Con la canci\u00f3n encabezando las listas de \u00e9xitos en casi 26 pa\u00edses, Mariah<a href=\"https:\/\/www.abc.es\/gente\/mariah-carey-tradicional-pistoletazo-salida-navidad-llego-20251101065315-nt.html\" target=\"_self\" data-voc-vtm-id=\"in-text-traffic\" title=\" gan\u00f3 60 millones de d\u00f3lares en su lanzamiento inicial\" data-mrf-link=\"www.abc.es\" rel=\"nofollow noopener\"> gan\u00f3 60 millones de d\u00f3lares en su lanzamiento inicial<\/a>. Sin embargo, a\u00f1o tras a\u00f1o durante las \u00faltimas tres d\u00e9cadas, la canci\u00f3n se mantiene en los primeros puestos de las listas de popularidad y en las reproducciones de Spotify desde el primer d\u00eda. Seg\u00fan los c\u00e1lculos realizados por &#8216;The Economist&#8217;, Mariah ganar\u00eda aproximadamente 2,5 millones de d\u00f3lares en regal\u00edas cada a\u00f1o. Sin embargo, &#8216;The New York Post&#8217; sugiere que la cantidad es mucho mayor, afirmando que ganar\u00eda hasta 3 millones de d\u00f3lares cada Navidad.<\/p>\n<p class=\"voc-p\" style=\"\">Cabe resaltar que la canci\u00f3n no es popular solo en plataformas de streaming, sino que tambi\u00e9n ha aparecido en diversas pel\u00edculas, programas de televisi\u00f3n y anuncios publicitarios que han incrementado potencialmente los ingresos indirectos para la cantante.<\/p>\n<p class=\"voc-p\" style=\"\">A lo largo de sus <strong>m\u00e1s de 30 a\u00f1os de historia<\/strong>, la canci\u00f3n m\u00e1s popular de Mariah Carey ha recibido decenas de elogios y premios. Incluso pas\u00f3 a la historia al ser incluida en el Registro Nacional de Grabaciones de la Biblioteca del Congreso. Por su parte, la plataforma de Spotify confirm\u00f3 que &#8216;All I Want For Christmas Is You&#8217; es <a href=\"https:\/\/www.abc.es\/gente\/mariah-carey-tradicional-pistoletazo-salida-navidad-llego-20251101065315-nt.html\" target=\"_self\" data-voc-vtm-id=\"in-text-traffic\" title=\"la canci\u00f3n navide\u00f1a m\u00e1s escuchada en todo el mundo\" data-mrf-link=\"www.abc.es\" rel=\"nofollow noopener\">la canci\u00f3n navide\u00f1a m\u00e1s escuchada en todo el mundo<\/a>. Lejos de disminuir su popularidad, la revista &#8216;People&#8217; inform\u00f3 de que las reproducciones de la canci\u00f3n han aumentado constantemente a\u00f1o tras a\u00f1o.<\/p>\n<p class=\"voc-p\" style=\"\">Tras su tremendo \u00e9xito, Mariah ha asumido con naturalidad su t\u00edtulo de Reina de la Navidad y hace unos a\u00f1os comenz\u00f3 a anunciar el inicio de la navidad (cada 1 de noviembre, coincidiendo con el fin de Halloween) con un v\u00eddeo publicado en sus perfiles de redes sociales en el que gritaba \u00abIt&#8217;s Time\u00bb a pleno pulm\u00f3n antes de darle al play a su tema. <\/p>\n","protected":false},"excerpt":{"rendered":"Cuando Mariah Carey (56 a\u00f1os) lanz\u00f3 la canci\u00f3n &#8216;All I Want For Christmas Is You&#8217;, dentro de su&hellip;\n","protected":false},"author":2,"featured_media":218419,"comment_status":"","ping_status":"","sticky":false,"template":"","format":"standard","meta":{"footnotes":""},"categories":[170],"tags":[11286,988,18006,58434,146,147,25,24,4518,30347,2837,18005,58432,184,185,23,58433,37653],"class_list":{"0":"post-218418","1":"post","2":"type-post","3":"status-publish","4":"format-standard","5":"has-post-thumbnail","7":"category-musica","8":"tag-all","9":"tag-anos","10":"tag-carey","11":"tag-christmas","12":"tag-entertainment","13":"tag-entretenimiento","14":"tag-es","15":"tag-espana","16":"tag-exito","17":"tag-for","18":"tag-gracias","19":"tag-mariah","20":"tag-multimillonaria","21":"tag-music","22":"tag-musica","23":"tag-spain","24":"tag-want","25":"tag-you"},"share_on_mastodon":{"url":"https:\/\/pubeurope.com\/@es\/115492745719971063","error":""},"_links":{"self":[{"href":"https:\/\/www.europesays.com\/es\/wp-json\/wp\/v2\/posts\/218418","targetHints":{"allow":["GET"]}}],"collection":[{"href":"https:\/\/www.europesays.com\/es\/wp-json\/wp\/v2\/posts"}],"about":[{"href":"https:\/\/www.europesays.com\/es\/wp-json\/wp\/v2\/types\/post"}],"author":[{"embeddable":true,"href":"https:\/\/www.europesays.com\/es\/wp-json\/wp\/v2\/users\/2"}],"replies":[{"embeddable":true,"href":"https:\/\/www.europesays.com\/es\/wp-json\/wp\/v2\/comments?post=218418"}],"version-history":[{"count":0,"href":"https:\/\/www.europesays.com\/es\/wp-json\/wp\/v2\/posts\/218418\/revisions"}],"wp:featuredmedia":[{"embeddable":true,"href":"https:\/\/www.europesays.com\/es\/wp-json\/wp\/v2\/media\/218419"}],"wp:attachment":[{"href":"https:\/\/www.europesays.com\/es\/wp-json\/wp\/v2\/media?parent=218418"}],"wp:term":[{"taxonomy":"category","embeddable":true,"href":"https:\/\/www.europesays.com\/es\/wp-json\/wp\/v2\/categories?post=218418"},{"taxonomy":"post_tag","embeddable":true,"href":"https:\/\/www.europesays.com\/es\/wp-json\/wp\/v2\/tags?post=218418"}],"curies":[{"name":"wp","href":"https:\/\/api.w.org\/{rel}","templated":true}]}}