{"id":218492,"date":"2025-11-04T18:51:08","date_gmt":"2025-11-04T18:51:08","guid":{"rendered":"https:\/\/www.europesays.com\/es\/218492\/"},"modified":"2025-11-04T18:51:08","modified_gmt":"2025-11-04T18:51:08","slug":"moleculas-sinteticas-corrigen-un-defecto-genetico-asociado-al-autismo-idiopatico","status":"publish","type":"post","link":"https:\/\/www.europesays.com\/es\/218492\/","title":{"rendered":"Mol\u00e9culas sint\u00e9ticas corrigen un defecto gen\u00e9tico asociado al autismo idiop\u00e1tico"},"content":{"rendered":"<p><strong>Redacci\u00f3n<br \/><\/strong>Investigadores del <strong>Centro de Biolog\u00eda Molecular Severo Ochoa<\/strong> (CBM), centro mixto del <strong>Consejo Superior de Investigaciones Cient\u00edficas<\/strong> (CSIC) y la <strong>Universidad Aut\u00f3noma de Madrid<\/strong> (UAM), han dise\u00f1ado unas <strong>mol\u00e9culas sint\u00e9ticas<\/strong> que son capaces de reparar en el laboratorio una alteraci\u00f3n frecuente en el autismo. De este modo, los cient\u00edficos han identificado <strong>mol\u00e9culas capaces de corregir un error en la lectura del gen CPEB4<\/strong> en cultivos celulares. Este gen, que produce una prote\u00edna que regula otros genes del cerebro, est\u00e1 implicado en muchos casos de <strong>autismo idiop\u00e1tico<\/strong> (sin causa gen\u00e9tica conocida). El hallazgo, ya patentado por el CSIC y la UAM, abre nuevas perspectivas para futuras investigaciones con potencial terap\u00e9utico.<\/p>\n<p>Nuevos oligonucle\u00f3tidos antisentido corrigen un defecto en el gen CPEB4 ligado al autismo idiop\u00e1tico<\/p>\n<p>Estas mol\u00e9culas son <strong>oligonucle\u00f3tidos antisentido<\/strong>, unas peque\u00f1as secuencias sint\u00e9ticas de ARN que act\u00faan como parches para corregir errores en el procesamiento del material gen\u00e9tico. En este caso, est\u00e1n dise\u00f1ados para unirse al ARN mensajero del gen <strong>CPEB4<\/strong> y asegurar que se produzcan las prote\u00ednas correctas.\u00a0El <a href=\"https:\/\/academic.oup.com\/narmolmed\/advance-article\/doi\/10.1093\/narmme\/ugaf035\/8276718\" target=\"_blank\" rel=\"noopener nofollow\">trabajo<\/a>, publicado en la revista NAR Molecular Medicine, ha sido liderado por <strong>Lourdes Ruiz Desviat<\/strong> y <strong>Jos\u00e9 Javier Lucas<\/strong>, en colaboraci\u00f3n con investigadores de la University of Southern Denmark (Dinamarca).<\/p>\n<p>Los <strong>trastornos del espectro autista<\/strong> (TEA) son alteraciones del desarrollo del cerebro que afectan, aproximadamente, a una de cada 100 personas. Se caracterizan por presentar dificultades en la interacci\u00f3n social y un inter\u00e9s restringido a ciertas actividades. Aunque en un peque\u00f1o porcentaje de casos se detecta una mutaci\u00f3n gen\u00e9tica concreta, en la mayor\u00eda de los casos (autismo idiop\u00e1tico) no se conoce una causa gen\u00e9tica o ambiental clara.<\/p>\n<p><strong>Producci\u00f3n alterada de prote\u00ednas<\/strong><\/p>\n<p>Las mol\u00e9culas patentadas por los investigadores son peque\u00f1as secuencias sint\u00e9ticas de ARN (oligonucle\u00f3tidos antisentido) que act\u00faan como parches para corregir errores en el procesamiento del material gen\u00e9tico. En este caso, est\u00e1n dise\u00f1adas para unirse al ARN mensajero del gen CPEB4 y asegurar que se produzcan las prote\u00ednas correctas.<\/p>\n<p>El ARN mensajero es la instrucci\u00f3n que permite la fabricaci\u00f3n de prote\u00ednas. Si el ARN del gen CPEB4 no se procesa correctamente, se omite un peque\u00f1o fragmento llamado microex\u00f3n, lo que interfiere en la producci\u00f3n de prote\u00ednas esenciales para el cerebro. Esta alteraci\u00f3n se observa en personas con la forma m\u00e1s com\u00fan de autismo, el idiop\u00e1tico, cuya causa gen\u00e9tica es desconocida.<\/p>\n<p>El hallazgo, ya patentado, abre la puerta a futuros estudios precl\u00ednicos<\/p>\n<p>Un estudio anterior del CBM publicado en la revista Nature demostr\u00f3 que en el autismo idiop\u00e1tico hay un defecto en el procesamiento del ARN del gen CPEB4. Como resultado, una peque\u00f1a porci\u00f3n del ARN del gen CPEB4, un <strong>microex\u00f3n de 24 nucle\u00f3tidos<\/strong>, no se incluye correctamente en el cerebro de los <strong>pacientes con autismo idiop\u00e1tico.<\/strong> Tambi\u00e9n vieron que la falta del microex\u00f3n de CPEB4 lleva a una expresi\u00f3n deficitaria de muchos de los genes de riesgo de autismo.<\/p>\n<p><strong>Reto terap\u00e9utico<\/strong><\/p>\n<p>Encontrar maneras de revertir el incorrecto procesamiento del ARN de CPEB4 era un reto terap\u00e9utico, cuyo objetivo era conseguir que el microex\u00f3n se incluyera en su justa medida. \u00abHicimos un barrido de las secuencias gen\u00f3micas que flanquean el microex\u00f3n de CPEB4 y dise\u00f1amos oligonucle\u00f3tidos antisentido candidatos a modificar la inclusi\u00f3n de estos 24 nucle\u00f3tidos\u00bb, explica Ainhoa Mart\u00ednez, primera firmante del nuevo art\u00edculo.<\/p>\n<p>\u00abAl principio encontramos oligonucle\u00f3tidos antisentido que produc\u00edan el efecto contrario al deseado y que, aunque no tendr\u00edan utilidad terap\u00e9utica, nos permitieron conocer un poco mejor los mecanismos biol\u00f3gicos que regulan la inclusi\u00f3n de los microexones\u00bb, ha se\u00f1alado Mart\u00ednez, quien ha a\u00f1adido que es \u00abalgo que a\u00fan no se conoce por completo\u00bb.<\/p>\n<p>Los oligonucle\u00f3tidos antisentido restauran la inclusi\u00f3n del microex\u00f3n en CPEB4<\/p>\n<p>El efecto deseado lo consiguieron con oligonucle\u00f3tidos antisentido que bloquean parcialmente el tramo del ARN de CPEB4 siguiente al microex\u00f3n. \u00abEs unLos oligonucle\u00f3tidos antisentido restauran la inclusi\u00f3n del microex\u00f3n en CPEB4 a manera de ralentizar el procesamiento del ARN, de manera que da m\u00e1s opciones a las neuronas para que acaben incluyendo el microex\u00f3n\u00bb, afirma Lourdes Ruiz.<\/p>\n<p>\u00abEstas mol\u00e9culas s\u00ed tienen el potencial terap\u00e9utico deseado y ya han dado lugar a una patente\u00bb, ha agregado Ruiz. Adem\u00e1s, la aplicaci\u00f3n futura de estas mol\u00e9culas podr\u00eda no estar restringida al autismo, ya que una alteraci\u00f3n equivalente del microex\u00f3n de CPEB4 fue observada por los mismos investigadores del CBM tambi\u00e9n en la esquizofrenia.<\/p>\n<p>Aunque este hallazgo representa un primer paso hacia una posible terapia, los investigadores advierten que a\u00fan queda mucho por hacer. \u00abEsto es solo la prueba de concepto en un modelo celular. Por primera vez tenemos unas mol\u00e9culas capaces de corregir la alteraci\u00f3n molecular observada en el cerebro de individuos con autismo idiop\u00e1tico, pero falta mucho para que esto pueda ser una terapia. Ahora debemos hacer estudios precl\u00ednicos en modelos animales para demostrar que somos capaces de hacer llegar esas mol\u00e9culas al cerebro y que all\u00ed hagan el mismo efecto\u00bb, concluye Lucas.<\/p>\n","protected":false},"excerpt":{"rendered":"Redacci\u00f3nInvestigadores del Centro de Biolog\u00eda Molecular Severo Ochoa (CBM), centro mixto del Consejo Superior de Investigaciones Cient\u00edficas (CSIC)&hellip;\n","protected":false},"author":2,"featured_media":218493,"comment_status":"","ping_status":"","sticky":false,"template":"","format":"standard","meta":{"footnotes":""},"categories":[92],"tags":[3349,10475,25,24,2381,165,1294,166,23],"class_list":{"0":"post-218492","1":"post","2":"type-post","3":"status-publish","4":"format-standard","5":"has-post-thumbnail","7":"category-salud","8":"tag-autismo","9":"tag-csic","10":"tag-es","11":"tag-espana","12":"tag-genetica","13":"tag-health","14":"tag-investigacion","15":"tag-salud","16":"tag-spain"},"share_on_mastodon":{"url":"https:\/\/pubeurope.com\/@es\/115492938327746820","error":""},"_links":{"self":[{"href":"https:\/\/www.europesays.com\/es\/wp-json\/wp\/v2\/posts\/218492","targetHints":{"allow":["GET"]}}],"collection":[{"href":"https:\/\/www.europesays.com\/es\/wp-json\/wp\/v2\/posts"}],"about":[{"href":"https:\/\/www.europesays.com\/es\/wp-json\/wp\/v2\/types\/post"}],"author":[{"embeddable":true,"href":"https:\/\/www.europesays.com\/es\/wp-json\/wp\/v2\/users\/2"}],"replies":[{"embeddable":true,"href":"https:\/\/www.europesays.com\/es\/wp-json\/wp\/v2\/comments?post=218492"}],"version-history":[{"count":0,"href":"https:\/\/www.europesays.com\/es\/wp-json\/wp\/v2\/posts\/218492\/revisions"}],"wp:featuredmedia":[{"embeddable":true,"href":"https:\/\/www.europesays.com\/es\/wp-json\/wp\/v2\/media\/218493"}],"wp:attachment":[{"href":"https:\/\/www.europesays.com\/es\/wp-json\/wp\/v2\/media?parent=218492"}],"wp:term":[{"taxonomy":"category","embeddable":true,"href":"https:\/\/www.europesays.com\/es\/wp-json\/wp\/v2\/categories?post=218492"},{"taxonomy":"post_tag","embeddable":true,"href":"https:\/\/www.europesays.com\/es\/wp-json\/wp\/v2\/tags?post=218492"}],"curies":[{"name":"wp","href":"https:\/\/api.w.org\/{rel}","templated":true}]}}