{"id":218506,"date":"2025-11-04T19:03:09","date_gmt":"2025-11-04T19:03:09","guid":{"rendered":"https:\/\/www.europesays.com\/es\/218506\/"},"modified":"2025-11-04T19:03:09","modified_gmt":"2025-11-04T19:03:09","slug":"la-seleccion-espanola-de-trial-conquista-su-septimo-titulo-mundial-por-equipos-consecutivo-en-riyadh-2","status":"publish","type":"post","link":"https:\/\/www.europesays.com\/es\/218506\/","title":{"rendered":"La selecci\u00f3n espa\u00f1ola de Trial conquista su s\u00e9ptimo t\u00edtulo mundial por equipos consecutivo en Riyadh"},"content":{"rendered":"<p data-mrf-recirculation=\"Links P\u00e1rrafos\" class=\"ue-c-article__paragraph paragraph ue-c-article--first-letter-highlighted\">La <strong>Selecci\u00f3n Espa\u00f1ola de Trial<\/strong> ha vuelto a hacer historia en el Campeonato del Mundo de Ciclismo Urbano, que se est\u00e1 disputando en Riyadh (Arabia Saud\u00ed), al lograr<strong> su s\u00e9ptimo t\u00edtulo mundial por equipos consecutivo<\/strong>. El conjunto nacional, compuesto por Alejandro Montalvo, Vera <strong>Bar\u00f3n<\/strong>, Mikel<strong> Azcona,<\/strong> Travis <strong>Asenjo<\/strong>, Julen <strong>S\u00e1enz de Ormijana<\/strong> y Andrea <strong>P\u00e9rez<\/strong>, se ha impuesto con autoridad en una jornada en la que <strong>ha vuelto a demostrar su hegemon\u00eda internacional en esta disciplina.<\/strong><\/p>\n<p data-mrf-recirculation=\"Links P\u00e1rrafos\" class=\"ue-c-article__paragraph paragraph\">El equipo<strong> dirigido por el seleccionador nacional Javi Alonso <\/strong>ha sumado un total de 890 puntos, tras firmar una actuaci\u00f3n muy s\u00f3lida en los cinco sectores de la prueba. Espa\u00f1a<strong> ha liderado la competici\u00f3n de principio a fin<\/strong> gracias al <strong>gran rendimiento de todos sus integrantes<\/strong>, con Julen S\u00e1enz de Ormijana y Alejandro Montalvo logrando la m\u00e1xima puntuaci\u00f3n posible en cada zona. Los j\u00faniors Travis Asenjo y Mikel Azcona tambi\u00e9n <strong>han brillado en las categor\u00edas j\u00fanior<\/strong>, al igual que Vera Bar\u00f3n y Andrea P\u00e9rez que <strong>han completado el excelente resultado del combinado espa\u00f1ol.<\/strong><\/p>\n<p><img decoding=\"async\" width=\"1980\" height=\"1320\" class=\"ue-c-article__image lazyload\" alt=\"La selecci\u00f3n con las medallas\" loading=\"lazy\" src=\"https:\/\/www.europesays.com\/es\/wp-content\/uploads\/2025\/11\/690a24f23ba4a.jpeg\"\/><\/p>\n<p>La selecci\u00f3n con las medallasRFECiclismo<\/p>\n<p data-mrf-recirculation=\"Links P\u00e1rrafos\" class=\"ue-c-article__paragraph paragraph\"><strong>Alemania y Francia han acompa\u00f1ado Espa\u00f1a en el podio<\/strong>, con 730 y 710 puntos respectivamente, quedando a una notable distancia del conjunto nacional. Con este nuevo oro,<strong> la Selecci\u00f3n Espa\u00f1ola mantiene su reinado absoluto en la prueba por equipos<\/strong>, una racha de \u00e9xitos que se remonta a 2018 y que refleja el nivel de excelencia alcanzado por los pilotos espa\u00f1oles en todas las categor\u00edas.<\/p>\n<p data-mrf-recirculation=\"Links P\u00e1rrafos\" class=\"ue-c-article__paragraph paragraph\"><strong>Este triunfo consolida el gran momento del Trial espa\u00f1ol,<\/strong> que afrontar\u00e1 a lo largo de esta semana con m\u00e1xima ambici\u00f3n el resto de las pruebas individuales del Mundial de Riyadh.<\/p>\n","protected":false},"excerpt":{"rendered":"La Selecci\u00f3n Espa\u00f1ola de Trial ha vuelto a hacer historia en el Campeonato del Mundo de Ciclismo Urbano,&hellip;\n","protected":false},"author":2,"featured_media":218507,"comment_status":"","ping_status":"","sticky":false,"template":"","format":"standard","meta":{"footnotes":""},"categories":[273],"tags":[313,312,168,25,24,23,167],"class_list":{"0":"post-218506","1":"post","2":"type-post","3":"status-publish","4":"format-standard","5":"has-post-thumbnail","7":"category-ciclismo","8":"tag-ciclismo","9":"tag-cycling","10":"tag-deportes","11":"tag-es","12":"tag-espana","13":"tag-spain","14":"tag-sports"},"share_on_mastodon":{"url":"https:\/\/pubeurope.com\/@es\/115492985696602943","error":""},"_links":{"self":[{"href":"https:\/\/www.europesays.com\/es\/wp-json\/wp\/v2\/posts\/218506","targetHints":{"allow":["GET"]}}],"collection":[{"href":"https:\/\/www.europesays.com\/es\/wp-json\/wp\/v2\/posts"}],"about":[{"href":"https:\/\/www.europesays.com\/es\/wp-json\/wp\/v2\/types\/post"}],"author":[{"embeddable":true,"href":"https:\/\/www.europesays.com\/es\/wp-json\/wp\/v2\/users\/2"}],"replies":[{"embeddable":true,"href":"https:\/\/www.europesays.com\/es\/wp-json\/wp\/v2\/comments?post=218506"}],"version-history":[{"count":0,"href":"https:\/\/www.europesays.com\/es\/wp-json\/wp\/v2\/posts\/218506\/revisions"}],"wp:featuredmedia":[{"embeddable":true,"href":"https:\/\/www.europesays.com\/es\/wp-json\/wp\/v2\/media\/218507"}],"wp:attachment":[{"href":"https:\/\/www.europesays.com\/es\/wp-json\/wp\/v2\/media?parent=218506"}],"wp:term":[{"taxonomy":"category","embeddable":true,"href":"https:\/\/www.europesays.com\/es\/wp-json\/wp\/v2\/categories?post=218506"},{"taxonomy":"post_tag","embeddable":true,"href":"https:\/\/www.europesays.com\/es\/wp-json\/wp\/v2\/tags?post=218506"}],"curies":[{"name":"wp","href":"https:\/\/api.w.org\/{rel}","templated":true}]}}