{"id":218608,"date":"2025-11-04T20:16:14","date_gmt":"2025-11-04T20:16:14","guid":{"rendered":"https:\/\/www.europesays.com\/es\/218608\/"},"modified":"2025-11-04T20:16:14","modified_gmt":"2025-11-04T20:16:14","slug":"esta-vez-no-fue-porque-no-quisiera-estar-sola","status":"publish","type":"post","link":"https:\/\/www.europesays.com\/es\/218608\/","title":{"rendered":"Esta vez no fue porque no quisiera estar sola"},"content":{"rendered":"<p id=\"eFBmipKish\" data-wc=\"93\"><strong>Aitana est\u00e1 feliz<\/strong>. La &#8216;superestrella&#8217; vive una de las mejores etapas de su vida: contin\u00faa cosechando \u00e9xitos a nivel profesional, espera con entusiasmo el inicio de su gira por Am\u00e9rica Latina el pr\u00f3ximo 14 de marzo de 2026 en el festival Lollapalooza Argentina (Buenos Aires) y se muestra muy ilusionada en el plano personal. La cantante ha concedido una entrevista al p\u00f3dcast\u00a0Se regalan dudas, en la ha abierto su coraz\u00f3n para compartir sus momentos m\u00e1s dif\u00edciles <strong>y<\/strong><a class=\"hm-link ho-link\" href=\"https:\/\/www.hola.com\/actualidad\/20250920856929\/aitana-mas-enamorada-que-nunca\/\" data-mrf-recirculation=\"article-body-link\" rel=\"nofollow noopener\" target=\"_blank\">\u00a0ha hablado como nunca de su relaci\u00f3n con Plex\u00a0<\/a><strong>confesando lo que siente por \u00e9l.\u00a0<\/strong><\/p>\n<p> <img src=\"https:\/\/www.europesays.com\/es\/wp-content\/uploads\/2025\/11\/5b1b758ddbaa-snapinstato550828355183442378152037166562347072876064337n.jpg\"   width=\"1024\" height=\"1024\" loading=\"lazy\" decoding=\"async\" alt=\"Aitana y Plex, m\u00e1s enamorados que nunca\" fetchpriority=\"auto\" class=\"image ho-image\"\/>\u00a9 @aitanaxAitana y Plex, m\u00e1s enamorados que nunca<\/p>\n<p> <img src=\"https:\/\/www.europesays.com\/es\/wp-content\/uploads\/2025\/11\/b2bf2f805b09-snapinstato551952124183442377942037163712790331445457552n.jpg\"   width=\"1024\" height=\"1024\" loading=\"lazy\" decoding=\"async\" alt=\"Aitana y Plex, m\u00e1s enamorados que nunca\" fetchpriority=\"auto\" class=\"image ho-image\"\/>\u00a9 @aitanaxAitana y Plex, m\u00e1s enamorados que nunca<\/p>\n<p id=\"eHocmLKXST\" data-wc=\"86\">Durante su participaci\u00f3n en el citado p\u00f3dcast, presentado por Lety Sahag\u00fan y Ashley Frangie, la artista, que acudi\u00f3 con un conjunto de pantal\u00f3n y chaqueta vaquera combinado con botas de tac\u00f3n negro,<a class=\"hm-link ho-link\" href=\"https:\/\/www.hola.com\/actualidad\/20251027863905\/aitana-sabe-que-es-una-superestrella-y-lo-demuestra\/\" data-mrf-recirculation=\"article-body-link\" rel=\"nofollow noopener\" target=\"_blank\">\u00a0ha confesado por primera vez en p\u00fablico lo que siente por Plex<\/a><strong>. \u201cEstoy enamorada, s\u00ed. Y esto no me lo hab\u00edais escuchado decir nunca\u201d,<\/strong> ha revelado con una sonrisa llena de emoci\u00f3n e ilusi\u00f3n al hablar de los sentimientos que tiene por el youtuber, cuyas primeras fotograf\u00edas juntos fueron publicadas en exclusiva en \u00a1HOLA!.<\/p>\n<p> <img src=\"https:\/\/www.europesays.com\/es\/wp-content\/uploads\/2025\/11\/63363abbfe4b-snapinstato550891330183442377162037162273499509918005769n.jpg\"   width=\"1024\" height=\"1024\" loading=\"lazy\" decoding=\"async\" alt=\"Aitana y Plex, m\u00e1s enamorados que nunca\" fetchpriority=\"auto\" class=\"image ho-image\"\/>\u00a9 @aitanaxAitana y Plex, m\u00e1s enamorados que nunca<\/p>\n<p id=\"el0OfEbMbY\" data-wc=\"154\">Posteriormente, <a class=\"hm-link ho-link\" href=\"https:\/\/www.hola.com\/actualidad\/20251103865259\/aitana-curioso-comentario-plex-fiesta-actor-hollywood\/\" data-mrf-recirculation=\"article-body-link\" rel=\"nofollow noopener\" target=\"_blank\">sin poder ni querer ocultar lo feliz que est\u00e1 junto a Plex,<\/a> ha explicado c\u00f3mo comenz\u00f3 su historia de amor: \u00abDespu\u00e9s de ese a\u00f1o soltera, me inventaban un novio nuevo cada mes. Cuando empec\u00e9 mi relaci\u00f3n con Dani, dec\u00edan: &#8216;Si no ha estado ni dos meses sola&#8217;, y yo pensaba: &#8216;\u00bfT\u00fa qu\u00e9 sabr\u00e1s? \u00bfY qu\u00e9 m\u00e1s te da?&#8217;. Yo s\u00ed me di un espacio real para entenderme un poco y ver qu\u00e9 me pasaba. Comet\u00ed errores, fui y volv\u00ed, pero <strong>cuando conoc\u00ed a Dani sent\u00ed que era diferente: \u00e9l me elige y yo lo elijo. Estaba en un proceso de madurez emocional, y esta vez no fue porque no quisiera estar sola, sino porque me he enamorado de verdad. Esta persona me da todo, me completa, y es distinto\u00bb.\u00a0<\/strong>Y es que la cantante y el youtuber no pueden estar m\u00e1s felices y todo apunta a que <a class=\"hm-link ho-link\" href=\"https:\/\/www.hola.com\/actualidad\/20250710843582\/aitana-reaparece-confirmacion-relacion-plex-como-estan\/\" data-mrf-recirculation=\"article-body-link\" rel=\"nofollow noopener\" target=\"_blank\">lo suyo va muy en serio<\/a>.<\/p>\n<p> <img src=\"https:\/\/www.europesays.com\/es\/wp-content\/uploads\/2025\/11\/ce67f2443e39-snapinstato551341592183442378242037164572494802531049769n.jpg\"   width=\"1024\" height=\"1024\" loading=\"lazy\" decoding=\"async\" alt=\"Aitana y Plex, m\u00e1s enamorados que nunca\" fetchpriority=\"auto\" class=\"image ho-image\"\/>\u00a9 @aitanaxAitana y Plex, m\u00e1s enamorados que nunca<\/p>\n<p> <img src=\"https:\/\/www.europesays.com\/es\/wp-content\/uploads\/2025\/11\/51a773450040-snapinstato550996799183442377372037167313054015432056217n.jpg\"   width=\"1024\" height=\"1024\" loading=\"lazy\" decoding=\"async\" alt=\"Aitana y Plex, m\u00e1s enamorados que nunca\" fetchpriority=\"auto\" class=\"image ho-image\"\/>\u00a9 @aitanaxAitana y Plex, m\u00e1s enamorados que nunca<\/p>\n<p id=\"eiHNFRoAcd\" data-wc=\"103\"><a class=\"hm-link ho-link\" href=\"https:\/\/www.hola.com\/actualidad\/20251026863778\/aitana-formula-1-mexico-fernando-alonso\/\" data-mrf-recirculation=\"article-body-link\" rel=\"nofollow noopener\" target=\"_blank\">La int\u00e9rprete de Las babys o\u00a0Mariposas<\/a>, tambi\u00e9n ha explicado, sin dejarse nada en el tintero, c\u00f3mo ha evolucionado para ella el concepto del amor:<strong>\u00a0\u00abMe sent\u00ed muy sola y vac\u00eda cuando, en realidad, no lo estaba.\u00a0<\/strong>Era una etapa en la que estaba soltera, y siempre hab\u00eda tenido pareja. Pens\u00e9 que era muy joven, que pod\u00eda conocer a quien fuera y tambi\u00e9n encontrarme a m\u00ed misma. Pero luego me daba cuenta de cu\u00e1nto me gustaba estar enamorada.<strong>\u00a0Siempre he sido muy intensa, muy enamoradiza, y con el tiempo entend\u00ed que, en realidad, estaba enamorada de forma equivocada. Era otro tipo de enamoramiento\u00bb.\u00a0<\/strong><\/p>\n<p> <img src=\"https:\/\/www.europesays.com\/es\/wp-content\/uploads\/2025\/11\/281de22e6be8-snapinstato551991688183442378062037168114981219198682119n.jpg\"   width=\"1024\" height=\"1024\" loading=\"lazy\" decoding=\"async\" alt=\"Aitana y Plex, m\u00e1s enamorados que nunca\" fetchpriority=\"auto\" class=\"image ho-image\"\/>\u00a9 @aitanaxAitana y Plex, m\u00e1s enamorados que nunca<\/p>\n<p id=\"eCWbbZ-Zn7\" data-wc=\"146\">Entre los temas que ha tratado en la entrevista, Aitana tambi\u00e9n ha puesto sobre la mesa que vivi\u00f3 su peor a\u00f1o y\u00a0Cuarto Azul fue su terapia: \u00abA veces tengo mucha dualidad entre qui\u00e9n es Aitana, la cantante, y qui\u00e9n soy yo, y por eso voy mucho a terapia. Todas las cr\u00edticas me afectan directamente y me llegan muy profundo. Al principio me resultaba muy complicado: no era capaz de encontrarme ni de saber hacia d\u00f3nde quer\u00eda ir porque no ten\u00eda tiempo para detenerme. Por eso, el a\u00f1o pasado toqu\u00e9 fondo; no quer\u00eda ser m\u00e1s Aitana, no lo estaba disfrutando. Nada me hac\u00eda feliz y, adem\u00e1s, me sent\u00eda culpable porque lo ten\u00eda todo y aun as\u00ed me castigaba mucho. Por eso decid\u00ed darme ese tiempo, y ahora mismo vuelvo a ser feliz. Cuarto Azul es esa terapia que viv\u00ed.<strong>\u00a0Tuve que reencontrarme despu\u00e9s de haberme perdido\u00bb.<\/strong><\/p>\n<p> <img src=\"https:\/\/www.europesays.com\/es\/wp-content\/uploads\/2025\/11\/892c63acbeb1-snapinstato551067030183442377612037165494106273876038969n.jpg\"   width=\"1024\" height=\"1024\" loading=\"lazy\" decoding=\"async\" alt=\"Aitana le dedica una publicaci\u00f3n de cumplea\u00f1os a Daniel, 'Plex'\" fetchpriority=\"auto\" class=\"image ho-image\"\/>Aitana le dedica una publicaci\u00f3n de cumplea\u00f1os a Daniel, &#8216;Plex&#8217;<br \/>\nLas fechas de su gira<\/p>\n<p id=\"eJvNhnzcATW\" data-wc=\"126\">La gira arrancar\u00e1 en Am\u00e9rica Latina el 14 de marzo de 2026 en el festival Lollapalooza Argentina (Buenos Aires) y continuar\u00e1 el 22 de marzo en el festival Est\u00e9reo Picnic de Bogot\u00e1. En Espa\u00f1a, algunas de las citas confirmadas incluyen el 9 de mayo en Roquetas de Mar, el 15 de mayo en Murcia, el 22 de mayo en Valencia, el 29 de mayo en Albacete, el 5 de junio en Sevilla, el 12\/13 de junio en Mallorca, y en julio en Zaragoza (10), C\u00e1diz (12) o A Coru\u00f1a (22). La recta final de la gira ser\u00e1 en M\u00e9xico: Monterrey el 9 de octubre, Guadalajara el 30 de octubre, Quer\u00e9taro el 31, Puebla el 4 de noviembre y Ciudad de M\u00e9xico cerrar\u00e1 el 6 de noviembre.<\/p>\n","protected":false},"excerpt":{"rendered":"Aitana est\u00e1 feliz. La &#8216;superestrella&#8217; vive una de las mejores etapas de su vida: contin\u00faa cosechando \u00e9xitos a&hellip;\n","protected":false},"author":2,"featured_media":218609,"comment_status":"","ping_status":"","sticky":false,"template":"","format":"standard","meta":{"footnotes":""},"categories":[174],"tags":[517,5521,255,146,147,25,24,256,23],"class_list":{"0":"post-218608","1":"post","2":"type-post","3":"status-publish","4":"format-standard","5":"has-post-thumbnail","7":"category-famosos","8":"tag-actualidad","9":"tag-aitana-ocana","10":"tag-celebrities","11":"tag-entertainment","12":"tag-entretenimiento","13":"tag-es","14":"tag-espana","15":"tag-famosos","16":"tag-spain"},"share_on_mastodon":{"url":"https:\/\/pubeurope.com\/@es\/115493272759460013","error":""},"_links":{"self":[{"href":"https:\/\/www.europesays.com\/es\/wp-json\/wp\/v2\/posts\/218608","targetHints":{"allow":["GET"]}}],"collection":[{"href":"https:\/\/www.europesays.com\/es\/wp-json\/wp\/v2\/posts"}],"about":[{"href":"https:\/\/www.europesays.com\/es\/wp-json\/wp\/v2\/types\/post"}],"author":[{"embeddable":true,"href":"https:\/\/www.europesays.com\/es\/wp-json\/wp\/v2\/users\/2"}],"replies":[{"embeddable":true,"href":"https:\/\/www.europesays.com\/es\/wp-json\/wp\/v2\/comments?post=218608"}],"version-history":[{"count":0,"href":"https:\/\/www.europesays.com\/es\/wp-json\/wp\/v2\/posts\/218608\/revisions"}],"wp:featuredmedia":[{"embeddable":true,"href":"https:\/\/www.europesays.com\/es\/wp-json\/wp\/v2\/media\/218609"}],"wp:attachment":[{"href":"https:\/\/www.europesays.com\/es\/wp-json\/wp\/v2\/media?parent=218608"}],"wp:term":[{"taxonomy":"category","embeddable":true,"href":"https:\/\/www.europesays.com\/es\/wp-json\/wp\/v2\/categories?post=218608"},{"taxonomy":"post_tag","embeddable":true,"href":"https:\/\/www.europesays.com\/es\/wp-json\/wp\/v2\/tags?post=218608"}],"curies":[{"name":"wp","href":"https:\/\/api.w.org\/{rel}","templated":true}]}}