{"id":218674,"date":"2025-11-04T21:03:12","date_gmt":"2025-11-04T21:03:12","guid":{"rendered":"https:\/\/www.europesays.com\/es\/218674\/"},"modified":"2025-11-04T21:03:12","modified_gmt":"2025-11-04T21:03:12","slug":"la-fotografia-urbana-contemporanea-leonesa-se-exhibe-en-la-biblioteca-de-astorga","status":"publish","type":"post","link":"https:\/\/www.europesays.com\/es\/218674\/","title":{"rendered":"La fotograf\u00eda urbana contempor\u00e1nea leonesa se exhibe en la Biblioteca de Astorga"},"content":{"rendered":"<p>La Biblioteca Municipal de Astorga acoge desde este martes y hasta el 30 de noviembre una muestra temporal con las obras ganadoras y seleccionadas del 10\u00ba Certamen de Fotograf\u00eda Urbana Contempor\u00e1nea Leonesa. En total, el p\u00fablico podr\u00e1 disfrutar de una treintena de im\u00e1genes, escogidas entre las m\u00e1s de 300 fotograf\u00edas presentadas a la convocatoria.<\/p>\n<p>En esta edici\u00f3n, el primer premio recay\u00f3 en \u2018El final del verano\u2019, de Esperanza Labrador Rodr\u00edguez; el segundo fue para \u2018Sala de rehabilitaci\u00f3n del Hospital de Regla\u2019, de Ana Mar\u00eda Loreto; mientras que el tercer galard\u00f3n se otorg\u00f3 a \u2018Estrellas humildes\u2019, de Virginia Mor\u00e1n de la Mata.<\/p>\n<p><img fetchpriority=\"high\" decoding=\"async\" class=\"size-medium wp-image-340601 aligncenter\" src=\"https:\/\/www.europesays.com\/es\/wp-content\/uploads\/2025\/11\/www.astorgadigital.com-img-1906-660x495.jpeg\" alt=\"\" width=\"660\" height=\"495\"  \/><\/p>\n<p><img loading=\"lazy\" decoding=\"async\" class=\"size-medium wp-image-340602 aligncenter\" src=\"https:\/\/www.europesays.com\/es\/wp-content\/uploads\/2025\/11\/www.astorgadigital.com-img-1907-660x495.jpeg\" alt=\"\" width=\"660\" height=\"495\"  \/><\/p>\n<p>Adem\u00e1s, se exhibe la obra \u2018Reflejo de Nuestra Se\u00f1ora del Perpetuo Socorro\u2019, de Cristina Lozan, premiada con el galard\u00f3n Quattro Centro de Negocios Astorga. La autora, que participa por primera vez en el certamen, destac\u00f3 la \u201cilusi\u00f3n\u201d de recibir este reconocimiento y puso en valor las posibilidades fotogr\u00e1ficas de Astorga: \u201cEs incre\u00edble para hacer fotograf\u00edas. Est\u00e1 lleno de ventanales y reflejos que cambian seg\u00fan la luz\u201d.<\/p>\n<p><img loading=\"lazy\" decoding=\"async\" class=\"size-medium wp-image-340603 aligncenter\" src=\"https:\/\/www.europesays.com\/es\/wp-content\/uploads\/2025\/11\/www.astorgadigital.com-img-1909-660x880.jpeg\" alt=\"\" width=\"660\" height=\"880\"  \/><\/p>\n<p><strong>Una edici\u00f3n marcada por la po\u00e9tica de la luz<\/strong><\/p>\n<p>El gerente de la C\u00e1mara de la Propiedad Urbana de Le\u00f3n, Miguel \u00c1ngel S\u00e1nchez, explic\u00f3 durante la inauguraci\u00f3n que la principal novedad de este a\u00f1o ha sido la inclusi\u00f3n de un lema: La po\u00e9tica de la luz. Una tem\u00e1tica con la que se ha buscado \u201cdar un peque\u00f1o giro y orientar las fotograf\u00edas\u201d dentro del amplio marco de la fotograf\u00eda urbana y contempor\u00e1nea realizada en cualquier punto de la provincia de Le\u00f3n.<\/p>\n<p>S\u00e1nchez destac\u00f3 la alta participaci\u00f3n, con cerca de 300 obras presentadas, y la calidad de las fotograf\u00edas seleccionadas: \u201cEstamos muy contentos. Es bastante dif\u00edcil elegir. Este es el resultado de un certamen que ya est\u00e1 muy consolidado, despu\u00e9s de diez ediciones, con m\u00e1s de 2.500 originales y alrededor de 600 fot\u00f3grafos participantes\u201d.<\/p>\n<p><img loading=\"lazy\" decoding=\"async\" class=\"size-medium wp-image-340599 aligncenter\" src=\"https:\/\/www.europesays.com\/es\/wp-content\/uploads\/2025\/11\/www.astorgadigital.com-img-1903-660x495.jpeg\" alt=\"\" width=\"660\" height=\"495\"  \/><\/p>\n<p><img loading=\"lazy\" decoding=\"async\" class=\"size-medium wp-image-340597 aligncenter\" src=\"https:\/\/www.europesays.com\/es\/wp-content\/uploads\/2025\/11\/www.astorgadigital.com-img-1900-660x495.jpeg\" alt=\"\" width=\"660\" height=\"495\"  \/><\/p>\n<p><img loading=\"lazy\" decoding=\"async\" class=\"size-medium wp-image-340600 aligncenter\" src=\"https:\/\/www.europesays.com\/es\/wp-content\/uploads\/2025\/11\/www.astorgadigital.com-img-1904-660x495.jpeg\" alt=\"\" width=\"660\" height=\"495\"  \/><\/p>\n<p>El responsable adelant\u00f3 adem\u00e1s en primicia que la pr\u00f3xima edici\u00f3n, cuyas bases se publicar\u00e1n pr\u00f3ximamente, incorporar\u00e1 un nuevo lema: La mirada en movimiento, que buscar\u00e1 estimular nuevas interpretaciones en el di\u00e1logo de la fotograf\u00eda contempor\u00e1nea.<\/p>\n<p>Por su parte, el concejal de Cultura del Ayuntamiento de Astorga, Tom\u00e1s Valle, agradeci\u00f3 a la C\u00e1mara de la Propiedad Urbana que la exposici\u00f3n vuelva un a\u00f1o m\u00e1s a la ciudad, subrayando el incremento de calidad en las obras presentadas. Tambi\u00e9n destac\u00f3 la presencia del blanco y negro, una t\u00e9cnica que, afirm\u00f3, \u201cest\u00e1 triunfando en todos los lugares\u201d por su atractivo visual.<\/p>\n<p>Valle anim\u00f3 especialmente a los j\u00f3venes a adentrarse en el mundo de la fotograf\u00eda: \u201cEs una afici\u00f3n maravillosa que cada vez cuenta con m\u00e1s seguidores\u201d.<\/p>\n<p>La exposici\u00f3n permanecer\u00e1 abierta en la Biblioteca Municipal de Astorga de lunes a viernes, de 18.30 a 20.30 horas, y los fines de semana, de 12 a 14 horas.<\/p>\n<p>El Certamen de Fotograf\u00eda Urbana Contempor\u00e1nea Leonesa naci\u00f3 con el objetivo de fomentar la observaci\u00f3n y reflexi\u00f3n sobre el paisaje urbano y la evoluci\u00f3n de las ciudades, apoyando tanto a fot\u00f3grafos profesionales como aficionados, quienes contribuyen con su trabajo a preservar la memoria visual de Le\u00f3n y su provincia.<\/p>\n<p>                    <a href=\"#\" rel=\"nofollow\" onclick=\"window.print(); return false;\" title=\"Printer Friendly, PDF &amp; Email\"><br \/>\n                    <img decoding=\"async\" src=\"https:\/\/www.europesays.com\/es\/wp-content\/uploads\/2025\/07\/printfriendly-icon-md.png\" alt=\"Print Friendly, PDF &amp; Email\" class=\"pf-button-img\" style=\"width: 16px;height: 16px;\"\/><br \/>\n                    <\/a><\/p>\n<p>\n\tRelacionado\n<\/p>\n<p>                        <a class=\"share-bluesky\" href=\"https:\/\/bsky.app\/intent\/compose?text=https%3A%2F%2Fwww.astorgadigital.com%2Fla-biblioteca-de-astorga-exhibe-las-obras-del-10o-certamen-de-fotografia-urbana-leonesa%2F\" target=\"_blank\" rel=\"noopener noreferrer nofollow\"><br \/>\n    <img decoding=\"async\" src=\"https:\/\/www.astorgadigital.com\/wp-content\/themes\/ebd-theme\/img\/iconos\/bluesky-blanco.svg\"\/><br \/>\n<\/a><\/p>\n","protected":false},"excerpt":{"rendered":"La Biblioteca Municipal de Astorga acoge desde este martes y hasta el 30 de noviembre una muestra temporal&hellip;\n","protected":false},"author":2,"featured_media":218675,"comment_status":"","ping_status":"","sticky":false,"template":"","format":"standard","meta":{"footnotes":""},"categories":[173],"tags":[229,233,231,230,232,234,146,147,25,24,23],"class_list":{"0":"post-218674","1":"post","2":"type-post","3":"status-publish","4":"format-standard","5":"has-post-thumbnail","7":"category-arte-y-diseno","8":"tag-arte","9":"tag-arte-y-diseno","10":"tag-arts","11":"tag-arts-and-design","12":"tag-design","13":"tag-diseno","14":"tag-entertainment","15":"tag-entretenimiento","16":"tag-es","17":"tag-espana","18":"tag-spain"},"share_on_mastodon":{"url":"https:\/\/pubeurope.com\/@es\/115493457724946471","error":""},"_links":{"self":[{"href":"https:\/\/www.europesays.com\/es\/wp-json\/wp\/v2\/posts\/218674","targetHints":{"allow":["GET"]}}],"collection":[{"href":"https:\/\/www.europesays.com\/es\/wp-json\/wp\/v2\/posts"}],"about":[{"href":"https:\/\/www.europesays.com\/es\/wp-json\/wp\/v2\/types\/post"}],"author":[{"embeddable":true,"href":"https:\/\/www.europesays.com\/es\/wp-json\/wp\/v2\/users\/2"}],"replies":[{"embeddable":true,"href":"https:\/\/www.europesays.com\/es\/wp-json\/wp\/v2\/comments?post=218674"}],"version-history":[{"count":0,"href":"https:\/\/www.europesays.com\/es\/wp-json\/wp\/v2\/posts\/218674\/revisions"}],"wp:featuredmedia":[{"embeddable":true,"href":"https:\/\/www.europesays.com\/es\/wp-json\/wp\/v2\/media\/218675"}],"wp:attachment":[{"href":"https:\/\/www.europesays.com\/es\/wp-json\/wp\/v2\/media?parent=218674"}],"wp:term":[{"taxonomy":"category","embeddable":true,"href":"https:\/\/www.europesays.com\/es\/wp-json\/wp\/v2\/categories?post=218674"},{"taxonomy":"post_tag","embeddable":true,"href":"https:\/\/www.europesays.com\/es\/wp-json\/wp\/v2\/tags?post=218674"}],"curies":[{"name":"wp","href":"https:\/\/api.w.org\/{rel}","templated":true}]}}