{"id":218720,"date":"2025-11-04T21:34:10","date_gmt":"2025-11-04T21:34:10","guid":{"rendered":"https:\/\/www.europesays.com\/es\/218720\/"},"modified":"2025-11-04T21:34:10","modified_gmt":"2025-11-04T21:34:10","slug":"la-traduccion-en-vivo-llega-a-espana","status":"publish","type":"post","link":"https:\/\/www.europesays.com\/es\/218720\/","title":{"rendered":"la traducci\u00f3n en vivo llega a Espa\u00f1a"},"content":{"rendered":"<p>Cuando Apple present\u00f3 sus nuevas funciones de <a class=\"text-outboundlink\" href=\"https:\/\/www.xataka.com\/basics\/apple-intelligence-que-disponibilidad-que-va-a-poder-hacer-inteligencia-artificial-para-iphone-ipad-mac\" data-vars-post-title=\"Apple Intelligence: qu\u00e9 es, disponibilidad y qu\u00e9 va a poder hacer la inteligencia artificial para iPhone, iPad y Mac\" data-vars-post-url=\"https:\/\/www.xataka.com\/basics\/apple-intelligence-que-disponibilidad-que-va-a-poder-hacer-inteligencia-artificial-para-iphone-ipad-mac\" rel=\"nofollow noopener\" target=\"_blank\">Apple Intelligence<\/a>, muchas de ellas llegaron con un asterisco para la Uni\u00f3n Europea. La estricta regulaci\u00f3n continental dejaron en el aire algunas de las caracter\u00edsticas m\u00e1s llamativas. Una de las m\u00e1s esperadas es la \u00abLive Translation\u00bb, la capacidad de los AirPods Pro de <a class=\"text-outboundlink\" href=\"https:\/\/www.xataka.com\/perifericos\/traduccion-instantanea-realidad-estos-dispositivos-que-hacen-posible\" data-vars-post-title=\"La traducci\u00f3n instant\u00e1nea ya es una realidad: estos son los dispositivos que la hacen posible \" data-vars-post-url=\"https:\/\/www.xataka.com\/perifericos\/traduccion-instantanea-realidad-estos-dispositivos-que-hacen-posible\" rel=\"nofollow noopener\" target=\"_blank\">traducir conversaciones en tiempo real<\/a>. Tras meses de espera, la funci\u00f3n ha superado todo escollo y <strong>comienza por fin su despliegue en Espa\u00f1a<\/strong>.<\/p>\n<p><strong>Aterrizaje<\/strong>. Apple ha comenzado a desplegar una de las funciones m\u00e1s esperadas de iOS 26 en nuestro pa\u00eds: la traducci\u00f3n en vivo para los AirPods. Esta caracter\u00edstica, presentada en septiembre junto a los <a class=\"text-outboundlink\" href=\"https:\/\/www.applesfera.com\/analisis\/airpods-pro-3-analisis-caracteristicas-precio-especificaciones\" data-vars-post-title=\"AirPods Pro 3, an\u00e1lisis: Apple reinventa sus auriculares estrella con mejor sonido, mejor ajuste y nuevas funciones de salud\" data-vars-post-url=\"https:\/\/www.applesfera.com\/analisis\/airpods-pro-3-analisis-caracteristicas-precio-especificaciones\" rel=\"nofollow noopener\" target=\"_blank\">nuevos AirPods Pro 3<\/a>, se lanza ahora tras un bloqueo inicial que <a class=\"text-outboundlink\" href=\"https:\/\/www.xataka.com\/audio\/jarro-agua-fria-traduccion-airpods-pro-3-no-funcionara-union-europea\" data-vars-post-title=\"Jarro de agua fr\u00eda: la traducci\u00f3n de los AirPods Pro 3 no funcionar\u00e1 en la Uni\u00f3n Europea \" data-vars-post-url=\"https:\/\/www.xataka.com\/audio\/jarro-agua-fria-traduccion-airpods-pro-3-no-funcionara-union-europea\" rel=\"nofollow noopener\" target=\"_blank\">la mantuvo inactiva en toda la UE<\/a>.<\/p>\n<p><strong>As\u00ed funciona<\/strong>. El sistema permite una conversaci\u00f3n fluida entre dos personas que hablan idiomas distintos. Gracias a la cancelaci\u00f3n de ruido, el auricular minimiza la voz original de tu interlocutor y superpone la traducci\u00f3n en tu idioma casi al instante. Si la otra persona no tiene unos auriculares compatibles, puedes usar el iPhone en horizontal, que mostrar\u00e1 una transcripci\u00f3n de tu voz ya traducida a su idioma.<\/p>\n<p>    <a href=\"https:\/\/www.xataka.com\/empresas-y-economia\/mayor-victoria-apple-trae-su-mayor-miedo-china-no-juega-a-su-favor\" class=\"pivot-outboundlink\" data-vars-post-title=\"El gran problema de Apple no es la IA: es que ya no es la gran marca aspiracional en China\" rel=\"nofollow noopener\" target=\"_blank\"><br \/>\n     <img loading=\"lazy\" decoding=\"async\" alt=\"El gran problema de Apple no es la IA: es que ya no es la gran marca aspiracional en China\" width=\"375\" height=\"142\" src=\"https:\/\/www.europesays.com\/es\/wp-content\/uploads\/2025\/11\/1762292049_800_375_142.jpeg\"\/><br \/>\n    <\/a><\/p>\n<p><strong>Funci\u00f3n <\/strong><strong>on-device<\/strong>. Una de las claves de esta nueva funci\u00f3n y requisito de Apple Intelligence, es que el procesamiento se realiza localmente en el dispositivo: motivo por el que se necesita un iPhone 15 Pro o modelos posteriores, y con <a class=\"text-outboundlink\" href=\"https:\/\/www.xataka.com\/analisis\/he-probado-ios-26-primera-vez-he-quitado-iconos-transparentes-minutos-liquid-glass-mucho-que-eso\" data-vars-post-title=\"He probado iOS 26 por primera vez y he quitado los iconos transparentes en minutos, pero Liquid Glass es mucho m\u00e1s que eso\" data-vars-post-url=\"https:\/\/www.xataka.com\/analisis\/he-probado-ios-26-primera-vez-he-quitado-iconos-transparentes-minutos-liquid-glass-mucho-que-eso\" rel=\"nofollow noopener\" target=\"_blank\">iOS 26<\/a>. Esto implica que deberemos descargar los paquetes de idiomas correspondientes para permitir la traducci\u00f3n offline.<\/p>\n<p><strong>No es exclusiva<\/strong>. A pesar de que se lanz\u00f3 como una de las grandes bazas de los nuevos AirPods Pro 3, la traducci\u00f3n en vivo <a class=\"text-outboundlink\" href=\"https:\/\/www.applesfera.com\/airpods\/buena-noticia-que-traduccion-vivo-airpods-no-exclusiva-pro-3-mala-que-no-funciona-europa-momento\" data-vars-post-title=\"La buena noticia es que la traducci\u00f3n en vivo de los AirPods no es exclusiva de los &#039;Pro 3&#039;. La mala es que no funciona en Europa (de momento) \" data-vars-post-url=\"https:\/\/www.applesfera.com\/airpods\/buena-noticia-que-traduccion-vivo-airpods-no-exclusiva-pro-3-mala-que-no-funciona-europa-momento\" rel=\"nofollow noopener\" target=\"_blank\">no es exclusiva de ellos<\/a>. Apple ha confirmado \u2014y se puede ver en su web de soporte\u2014 que la funci\u00f3n es compatible con todos los modelos que equipan el chip H2 y cancelaci\u00f3n activa de ruido. Entonces, \u00bfcu\u00e1les son compatibles? B\u00e1sicamente, estos:<\/p>\n<p>                   <img class=\"centro_sinmarco\" height=\"2160\" width=\"3840\" loading=\"lazy\" decoding=\"async\"  fetchpriority=\"high\"  src=\"https:\/\/www.europesays.com\/es\/wp-content\/uploads\/2025\/11\/1762292049_50_450_1000.jpeg\" alt=\"Apple Airpods Pro 3\"\/><\/p>\n<p><strong>C\u00f3mo probarla ya mismo<\/strong>. Hay un asterisco para usar la nueva funci\u00f3n: no llega, de momento, a las versiones estables de iOS 26. La caracter\u00edstica se estrena hoy mismo en la primera beta para desarrolladores de iOS 26.2 (cuya versi\u00f3n estable no se espera hasta diciembre), as\u00ed que toca instalarla para tener acceso. Si no eres desarrollador, podr\u00e1s acceder pr\u00f3ximamente a trav\u00e9s de la beta p\u00fablica (normalmente, una semana despu\u00e9s).<\/p>\n<p><a class=\"text-outboundlink\" href=\"https:\/\/www.applesfera.com\/tutoriales\/como-instalar-beta-iphone\" data-vars-post-title=\"C\u00f3mo instalar una beta de iOS 26.1 en el iPhone: paso a paso para hacerlo de una manera segura y oficial\" data-vars-post-url=\"https:\/\/www.applesfera.com\/tutoriales\/como-instalar-beta-iphone\" rel=\"nofollow noopener\" target=\"_blank\">El proceso<\/a> es muy sencillo, aunque implica ciertos riesgos al instalar software no definitivo. Es por ello que recomendamos antes <a class=\"text-outboundlink\" href=\"https:\/\/www.xataka.com\/basics\/pasar-iphone-a-otro-iphone-guia-todos-metodos-para-transferir-todos-tus-datos\" data-vars-post-title=\"Pasar de un iPhone a otro iPhone: gu\u00eda con TODOS los m\u00e9todos para transferir todos tus datos\" data-vars-post-url=\"https:\/\/www.xataka.com\/basics\/pasar-iphone-a-otro-iphone-guia-todos-metodos-para-transferir-todos-tus-datos\" rel=\"nofollow noopener\" target=\"_blank\">hacer una copia de seguridad<\/a> de tu iPhone. Luego, solo har\u00e1 falta inscribirse en el programa de desarrolladores de Apple: con esto, acude a \u00abAjustes\u00bb &gt; \u00abGeneral\u00bb &gt; \u00abActualizaci\u00f3n de software\u00bb &gt; \u00abActualizaciones beta\u00bb.<\/p>\n<p><strong>C\u00f3mo activar la funci\u00f3n<\/strong>. Una vez actualizada la versi\u00f3n de iOS, activar la funci\u00f3n requiere dos pasos m\u00e1s. Primero, descarga los idiomas: conecta tus AirPods, ve a \u00abAjustes\u00bb, pulsa en el men\u00fa de tus AirPods (justo bajo tu ID de Apple) y busca la secci\u00f3n \u00abTraducci\u00f3n\u00bb para seleccionar y descargar los paquetes que necesites. Segundo, simplemente abre la aplicaci\u00f3n \u00abTraducir\u00bb nativa de Apple y pulsa la pesta\u00f1a \u00abEn directo\u00bb.<\/p>\n<p>                   <img class=\"\" height=\"1088\" width=\"1715\" loading=\"lazy\" decoding=\"async\"  fetchpriority=\"high\"  src=\"https:\/\/www.europesays.com\/es\/wp-content\/uploads\/2025\/11\/1762292050_387_450_1000.jpeg\" alt=\"iOS 26 Beta Desarrolladores\"\/><\/p>\n<p>        Pasos para instalar una versi\u00f3n beta de iOS en el iPhone. Capturas de Guille Lomener para Applesfera<\/p>\n<p><strong>El porqu\u00e9 del retraso<\/strong>. La raz\u00f3n por la que la funci\u00f3n (y el idioma espa\u00f1ol) ha tardado meses en llegar no es t\u00e9cnica, sino regulatoria. Apple especific\u00f3 en su lanzamiento que estaba bloqueada en la UE, citando \u00abcuestiones burocr\u00e1ticas\u00bb y la espera de aprobaci\u00f3n por parte de los reguladores europeos. Esto, lejos de ser un caso aislado, es un calco de lo que ya vivimos con el accidentado despliegue de la propia Apple Intelligence.\u00a0<\/p>\n<p>La historia se repite: Apple presenta sus nuevas funciones y se topa con la legislaci\u00f3n europea, teniendo que retrasar su llegada. Intelligence se anunci\u00f3 en 2024, pero <a class=\"text-outboundlink\" href=\"https:\/\/www.xataka.com\/robotica-e-ia\/apple-intelligence-fin-ha-llegado-a-espana-espanol-como-puedes-activarlo-empezar-a-explorar-sus-funciones\" data-vars-post-title=\"Apple Intelligence por fin ha llegado a Espa\u00f1a y en espa\u00f1ol: c\u00f3mo puedes activarlo y empezar a explorar sus funciones\" data-vars-post-url=\"https:\/\/www.xataka.com\/robotica-e-ia\/apple-intelligence-fin-ha-llegado-a-espana-espanol-como-puedes-activarlo-empezar-a-explorar-sus-funciones\" rel=\"nofollow noopener\" target=\"_blank\">su llegada a Espa\u00f1a y en espa\u00f1ol<\/a> no se complet\u00f3 oficialmente hasta finales de marzo de 2025 con iOS 18.4. Es m\u00e1s, a d\u00eda de hoy, las funciones avanzadas de Siri siguen retrasadas y <a class=\"text-outboundlink\" href=\"https:\/\/www.xataka.com\/robotica-e-ia\/siri-inteligente-se-retrasa-varias-funciones-apple-intelligence-no-llegaran-este-ano-como-estaba-previsto\" data-vars-post-title=\"La Siri m\u00e1s inteligente se retrasa: varias funciones de Apple Intelligence no llegar\u00e1n este a\u00f1o como estaba previsto \" data-vars-post-url=\"https:\/\/www.xataka.com\/robotica-e-ia\/siri-inteligente-se-retrasa-varias-funciones-apple-intelligence-no-llegaran-este-ano-como-estaba-previsto\" rel=\"nofollow noopener\" target=\"_blank\">no se esperan hasta 2026<\/a>.<\/p>\n<p>Im\u00e1genes | Apple<\/p>\n<p>En Xataka | <a class=\"text-outboundlink\" href=\"https:\/\/www.xataka.com\/seleccion\/airpods-pro-3-vs-airpods-pro-2-que-auriculares-bluetooth-apple-elegir-funcion-tus-gustos-necesidades\" data-vars-post-title=\"AirPods Pro 3 vs AirPods Pro 2. Qu\u00e9 auriculares Bluetooth de Apple elegir en funci\u00f3n de tus gustos y necesidades \" data-vars-post-url=\"https:\/\/www.xataka.com\/seleccion\/airpods-pro-3-vs-airpods-pro-2-que-auriculares-bluetooth-apple-elegir-funcion-tus-gustos-necesidades\" rel=\"nofollow noopener\" target=\"_blank\">AirPods Pro 3 vs AirPods Pro 2. Qu\u00e9 auriculares Bluetooth de Apple elegir en funci\u00f3n de tus gustos y necesidades<\/a><\/p>\n","protected":false},"excerpt":{"rendered":"Cuando Apple present\u00f3 sus nuevas funciones de Apple Intelligence, muchas de ellas llegaron con un asterisco para la&hellip;\n","protected":false},"author":2,"featured_media":218721,"comment_status":"","ping_status":"","sticky":false,"template":"","format":"standard","meta":{"footnotes":""},"categories":[81],"tags":[119,123,124,25,24,117,121,122,23,118,120],"class_list":{"0":"post-218720","1":"post","2":"type-post","3":"status-publish","4":"format-standard","5":"has-post-thumbnail","7":"category-ciencia-y-tecnologia","8":"tag-ciencia","9":"tag-ciencia-y-tecnologia","10":"tag-cienciaytecnologia","11":"tag-es","12":"tag-espana","13":"tag-science","14":"tag-science-and-technology","15":"tag-scienceandtechnology","16":"tag-spain","17":"tag-technology","18":"tag-tecnologia"},"share_on_mastodon":{"url":"https:\/\/pubeurope.com\/@es\/115493579904170829","error":""},"_links":{"self":[{"href":"https:\/\/www.europesays.com\/es\/wp-json\/wp\/v2\/posts\/218720","targetHints":{"allow":["GET"]}}],"collection":[{"href":"https:\/\/www.europesays.com\/es\/wp-json\/wp\/v2\/posts"}],"about":[{"href":"https:\/\/www.europesays.com\/es\/wp-json\/wp\/v2\/types\/post"}],"author":[{"embeddable":true,"href":"https:\/\/www.europesays.com\/es\/wp-json\/wp\/v2\/users\/2"}],"replies":[{"embeddable":true,"href":"https:\/\/www.europesays.com\/es\/wp-json\/wp\/v2\/comments?post=218720"}],"version-history":[{"count":0,"href":"https:\/\/www.europesays.com\/es\/wp-json\/wp\/v2\/posts\/218720\/revisions"}],"wp:featuredmedia":[{"embeddable":true,"href":"https:\/\/www.europesays.com\/es\/wp-json\/wp\/v2\/media\/218721"}],"wp:attachment":[{"href":"https:\/\/www.europesays.com\/es\/wp-json\/wp\/v2\/media?parent=218720"}],"wp:term":[{"taxonomy":"category","embeddable":true,"href":"https:\/\/www.europesays.com\/es\/wp-json\/wp\/v2\/categories?post=218720"},{"taxonomy":"post_tag","embeddable":true,"href":"https:\/\/www.europesays.com\/es\/wp-json\/wp\/v2\/tags?post=218720"}],"curies":[{"name":"wp","href":"https:\/\/api.w.org\/{rel}","templated":true}]}}