{"id":218724,"date":"2025-11-04T21:36:09","date_gmt":"2025-11-04T21:36:09","guid":{"rendered":"https:\/\/www.europesays.com\/es\/218724\/"},"modified":"2025-11-04T21:36:09","modified_gmt":"2025-11-04T21:36:09","slug":"doha-acoge-la-cumbre-social-de-la-onu-que-por-primera-vez-se-celebra-fuera-de-occidente","status":"publish","type":"post","link":"https:\/\/www.europesays.com\/es\/218724\/","title":{"rendered":"Doha acoge la cumbre social de la ONU, que por primera vez se celebra fuera de Occidente"},"content":{"rendered":"<p><a href=\"https:\/\/es.euronews.com\/2025\/09\/09\/los-medios-arabes-vinculan-una-explosion-en-doha-con-un-ataque-aereo-israeli-a-hamas\" rel=\"nofollow noopener\" target=\"_blank\">Doha <\/a>acoge esta semana la segunda Cumbre Mundial sobre Desarrollo Social, convirti\u00e9ndose en la primera capital que acoge una reuni\u00f3n de Naciones Unidas de esta envergadura <strong>fuera de Nueva York o Ginebra<\/strong>. <strong>La Cumbre se celebra del 4 al 6 de noviembre y reunir\u00e1 a m\u00e1s de 8.000 participantes<\/strong>, desde jefes de Estado y de Gobierno a altos funcionarios de la ONU, pasando por redes de la sociedad civil, grupos juveniles, el mundo acad\u00e9mico y el sector privado.El objetivo es establecer una nueva hoja de ruta cre\u00edble para reducir la pobreza, reforzar la protecci\u00f3n social, garantizar un crecimiento integrador y responder a los r\u00e1pidos cambios tecnol\u00f3gicos y medioambientales. La reuni\u00f3n conmemora tambi\u00e9n <strong>los 30 a\u00f1os de la primera Cumbre Mundial sobre Desarrollo Social<\/strong>, celebrada en Copenhague en 1995.<\/p>\n<p><strong>Las mujeres en el mercado laboral<\/strong><\/p>\n<p>Para la Comisi\u00f3n Europea, una de las palancas m\u00e1s poderosas para el progreso es sencilla: aumentar la participaci\u00f3n de las mujeres en el mercado laboral e imponer transparencia y <a href=\"https:\/\/es.euronews.com\/business\/2025\/03\/08\/cuanto-ganan-las-mujeres-en-comparacion-con-los-hombres-en-toda-europa\" rel=\"nofollow noopener\" target=\"_blank\">responsabilidad en materia de igualdad salarial<\/a>.<\/p>\n<p><strong>Roxana Minzatu<\/strong>, vicepresidenta de la Comisi\u00f3n Europea, declara a &#8216;Euronews&#8217; que Europa intenta ahora abordar estructuralmente la desigualdad salarial mediante medidas vinculantes de transparencia. \u00abEstamos buscando formas de estimular la presencia de las mujeres en el mercado laboral\u00bb, ha dicho. \u00abPropusimos la Directiva de Transparencia Salarial de la UE, que crea un marco transparente que muestra si hombres y mujeres reciben igual salario por igual trabajo\u00bb. <\/p>\n<p>Minzatu dice que no se trata s\u00f3lo de un argumento basado en derechos, sino tambi\u00e9n <strong>beneficioso para la econom\u00eda<\/strong>. \u00abLa igualdad de g\u00e9nero forma parte de nuestro modelo social, pero creo que tambi\u00e9n debe formar parte de nuestro modelo econ\u00f3mico\u00bb, afirma. Las pol\u00edticas, a\u00f1ade, no s\u00f3lo deben garantizar el bienestar, sino apoyar los ingresos, las pensiones y la autonom\u00eda econ\u00f3mica a lo largo de toda la vida.<\/p>\n<p><strong>El papel de Qatar en la cumbre<\/strong><\/p>\n<p>La celebraci\u00f3n de esta cumbre subraya el papel emergente de Qatar como convocante de los debates mundiales sobre pol\u00edtica social. El emir de Qatar, <strong>Sheikh Tamim bin Hamad Al Thani<\/strong>, ha inaugurado la cumbre en el Centro Nacional de Convenciones de Qatar, advirtiendo a los delegados que el desarrollo social no puede perseguirse \u00abcomo una opci\u00f3n\u00bb, sino que debe tratarse como un requisito existencial.<\/p>\n<p>Las autoridades de Doha afirman que la cumbre est\u00e1 <strong>en consonancia con la nueva estrategia de desarrollo social del pa\u00eds<\/strong> (2025-2030) y contribuir\u00e1 a acelerar la labor nacional e internacional en pro de los Objetivos de Desarrollo Sostenible.<\/p>\n<p>El mensaje de Doha esta semana es que el desarrollo social no puede impulsarse desde una sola parte del mundo y que ahora es <strong>esencial el liderazgo del Sur Global<\/strong>. Antes de la inauguraci\u00f3n, el izado de las banderas de Qatar y de la ONU en la sede pretendi\u00f3 simbolizar que la protecci\u00f3n social y la justicia social no son pilares perif\u00e9ricos de la ONU, sino prioridades centrales de la gobernanza mundial.<\/p>\n<p><strong>Los progresos y retos de los Estados<\/strong><\/p>\n<p>Francesco D&#8217;Ovidio, director de la Oficina de la Organizaci\u00f3n Internacional del Trabajo en Doha, afirma que la trayectoria del desarrollo social en las tres \u00faltimas d\u00e9cadas demuestra que es posible lograr avances significativos cuando <strong>gobiernos, empresas y la sociedad civil empujan en la misma direcci\u00f3n<\/strong>.<\/p>\n<p>D&#8217;Ovidio se\u00f1ala una serie de mejoras globales desde 1995: el descenso del <strong>trabajo infantil<\/strong>, el aumento de la <strong>escolarizaci\u00f3n<\/strong> primaria, la mejora de la <strong>productividad<\/strong> <a href=\"https:\/\/es.euronews.com\/video\/2025\/09\/30\/que-paises-de-la-ue-rozan-el-riesgo-de-pobreza-y-exclusion-social\" rel=\"nofollow noopener\" target=\"_blank\">y la reducci\u00f3n general a la mitad de la pobreza extrema<\/a>. \u00abHay algunas buenas noticias en lo que respecta a los indicadores que tienen que ver con el mundo del trabajo\u00bb, afirma. \u00abSin embargo, sigue habiendo retos muy, muy importantes\u00bb.<\/p>\n<p>El experto de la OIT subraya que <strong>la falta de cobertura universal de protecci\u00f3n social<\/strong> sigue siendo una de las mayores debilidades estructurales de la econom\u00eda mundial y uno de los mayores riesgos para la estabilidad social.<\/p>\n<p>Las organizaciones internacionales estiman que <strong>m\u00e1s de 800 millones de personas siguen viviendo hoy en la pobreza extrema<\/strong>. Adem\u00e1s, las lagunas en los sistemas de protecci\u00f3n social dejan a cientos de millones m\u00e1s en riesgo de caer en el atraso por los desastres clim\u00e1ticos, los conflictos, la volatilidad de los productos b\u00e1sicos y el desplazamiento de puestos de trabajo vinculados a la tecnolog\u00eda.<\/p>\n<p><strong>El programa de la Cumbre<\/strong><\/p>\n<p>La agenda de la cumbre es amplia, pero los temas principales est\u00e1n claros: reducci\u00f3n de la <strong>pobreza<\/strong>, <strong>trabajo decente<\/strong>, <strong>empleo<\/strong> de j\u00f3venes y mujeres, <strong>resiliencia clim\u00e1tica<\/strong>, transformaci\u00f3n <strong>digital<\/strong> y creaci\u00f3n de sistemas de <strong>protecci\u00f3n social<\/strong> justos y bien financiados que puedan resistir futuras crisis.<\/p>\n<p>M\u00e1s all\u00e1 de las salas plenarias, esta semana se celebran en Doha m\u00faltiples foros. Por ejemplo, la reuni\u00f3n inaugural de la <strong>Alianza Mundial contra el Hambre y la Pobreza<\/strong>, el Foro de Soluciones de Doha para el Desarrollo Social, un foro del sector privado, un foro de la sociedad civil, una reuni\u00f3n parlamentaria titulada \u00abTendiendo puentes para un desarrollo inclusivo\u00bb y espacios centrados en la juventud con participaci\u00f3n de redes de todo Oriente Medio, \u00c1frica, Asia y Am\u00e9rica Latina.<\/p>\n<p>Todo ello est\u00e1 pensado para evitar la cr\u00edtica habitual que se hace a las cumbres multilaterales: que se asumen compromisos elevados, pero nunca se pasa de los papeles y las declaraciones. Los organizadores afirman que uno de los principales objetivos de esta semana es <strong>crear mecanismos estructurados de seguimiento<\/strong>, de modo que los resultados de Doha se traduzcan en cambios pol\u00edticos y decisiones de financiaci\u00f3n a escala nacional.<\/p>\n<p><strong>Convertir los compromisos en acciones<\/strong><\/p>\n<p>Con el mundo reunido en Doha, las expectativas de resultados tangibles son altas. Las redes de j\u00f3venes, ONG y movimientos por la justicia social piden a los gobiernos que vayan m\u00e1s all\u00e1 de las declaraciones y <strong>adopten medidas reales<\/strong> para luchar contra la pobreza y la desigualdad.<\/p>\n<p>La cumbre concluir\u00e1 con la <strong>Declaraci\u00f3n Pol\u00edtica de Doha<\/strong>, que, seg\u00fan los delegados, esbozar\u00e1 un compromiso renovado con el desarrollo social. Lo que importa ahora, dicen varios funcionarios, es si los Estados miembros llevan este lenguaje a casa, a los ministerios de finanzas, trabajo, desarrollo social, educaci\u00f3n, pol\u00edtica digital y legislan sobre estos temas.<\/p>\n<p>El hecho de que la Declaraci\u00f3n de Doha se convierta en un catalizador de resultados o simplemente en otro comunicado, determinar\u00e1 en \u00faltima instancia si la Segunda Cumbre Mundial sobre Desarrollo Social <strong>ser\u00e1 recordada como un punto de inflexi\u00f3n o como una oportunidad perdida<\/strong>.<\/p>\n","protected":false},"excerpt":{"rendered":"Doha acoge esta semana la segunda Cumbre Mundial sobre Desarrollo Social, convirti\u00e9ndose en la primera capital que acoge&hellip;\n","protected":false},"author":2,"featured_media":218725,"comment_status":"","ping_status":"","sticky":false,"template":"","format":"standard","meta":{"footnotes":""},"categories":[42],"tags":[17,18,36220,13,14,11,61,62,63,64,19,20,30073,9,10,15,16,732,20989,12,21,22,65,66,67],"class_list":{"0":"post-218724","1":"post","2":"type-post","3":"status-publish","4":"format-standard","5":"has-post-thumbnail","7":"category-internacional","8":"tag-breaking-news","9":"tag-breakingnews","10":"tag-doha","11":"tag-featured-news","12":"tag-featurednews","13":"tag-headlines","14":"tag-internacional","15":"tag-international","16":"tag-international-news","17":"tag-internationalnews","18":"tag-latest-news","19":"tag-latestnews","20":"tag-naciones-unidas","21":"tag-news","22":"tag-noticias","23":"tag-noticias-destacadas","24":"tag-noticiasdestacadas","25":"tag-onu","26":"tag-qatar","27":"tag-titulares","28":"tag-ultimas-noticias","29":"tag-ultimasnoticias","30":"tag-world","31":"tag-world-news","32":"tag-worldnews"},"share_on_mastodon":{"url":"https:\/\/pubeurope.com\/@es\/115493587219943920","error":""},"_links":{"self":[{"href":"https:\/\/www.europesays.com\/es\/wp-json\/wp\/v2\/posts\/218724","targetHints":{"allow":["GET"]}}],"collection":[{"href":"https:\/\/www.europesays.com\/es\/wp-json\/wp\/v2\/posts"}],"about":[{"href":"https:\/\/www.europesays.com\/es\/wp-json\/wp\/v2\/types\/post"}],"author":[{"embeddable":true,"href":"https:\/\/www.europesays.com\/es\/wp-json\/wp\/v2\/users\/2"}],"replies":[{"embeddable":true,"href":"https:\/\/www.europesays.com\/es\/wp-json\/wp\/v2\/comments?post=218724"}],"version-history":[{"count":0,"href":"https:\/\/www.europesays.com\/es\/wp-json\/wp\/v2\/posts\/218724\/revisions"}],"wp:featuredmedia":[{"embeddable":true,"href":"https:\/\/www.europesays.com\/es\/wp-json\/wp\/v2\/media\/218725"}],"wp:attachment":[{"href":"https:\/\/www.europesays.com\/es\/wp-json\/wp\/v2\/media?parent=218724"}],"wp:term":[{"taxonomy":"category","embeddable":true,"href":"https:\/\/www.europesays.com\/es\/wp-json\/wp\/v2\/categories?post=218724"},{"taxonomy":"post_tag","embeddable":true,"href":"https:\/\/www.europesays.com\/es\/wp-json\/wp\/v2\/tags?post=218724"}],"curies":[{"name":"wp","href":"https:\/\/api.w.org\/{rel}","templated":true}]}}