{"id":218726,"date":"2025-11-04T21:37:18","date_gmt":"2025-11-04T21:37:18","guid":{"rendered":"https:\/\/www.europesays.com\/es\/218726\/"},"modified":"2025-11-04T21:37:18","modified_gmt":"2025-11-04T21:37:18","slug":"la-reina-letizia-da-la-bienvenida-al-frio-con-un-abrigo-batin-negro-con-sorpresa-debajo-el-mundo","status":"publish","type":"post","link":"https:\/\/www.europesays.com\/es\/218726\/","title":{"rendered":"La Reina Letizia da la bienvenida al fr\u00edo con un abrigo bat\u00edn negro con sorpresa debajo &#8211; El Mundo"},"content":{"rendered":"<ol>\n<li><a href=\"https:\/\/news.google.com\/rss\/articles\/CBMikwFBVV95cUxQR2NzVWlaeUo5T1lNRS02SmlTOVlmM3pPS25sd2IxMGRYUENYMWxYWHZzVDZGNkg1OGFYQ1MwM2NZeDhkZ0tZOVM3eUtaWERrTFJHcjZwdnVaMDBaMUJ1eGxCOXoxam5DMk8zeUZBWlhUTmRzV01SRFNuSjJTVENnUGFOVHhSQ2dzcnBhUjRkazhITTTSAZMBQVVfeXFMUGRNOVc2TXdPNXd2UnZ3V1JvejJ3TnJXOWdUaUU3d0RkbjFjblNNUTB0MnJWUTFZX3g5akJRQndjd3dfRy1adjlHWHdzWklRWXdOdEFaTUdFWlJDM1g5T3RUQ2dnNVdHdzVsUHRuaHRoLUUtM0JGckhWbUh1SGRhNHh2ZEtaTzVFVk1TRjZrZy10aFFV?oc=5\" target=\"_blank\" rel=\"nofollow noopener\">La Reina Letizia da la bienvenida al fr\u00edo con un abrigo bat\u00edn negro con sorpresa debajo<\/a>&nbsp;&nbsp;El Mundo<\/li>\n<li><a href=\"https:\/\/news.google.com\/rss\/articles\/CBMigwFBVV95cUxQcTRNaGxsdjI0d3p2ZURXcnNXM1hsajJ3eGxHZDQyekphZWwtZmo1SU9oSnFQd1I2SFZLZnVxRElaLTBDZ1NnUlc3anlYYm5hT2FXSnNGWmRvSzJHQmlFMHQ1cWZmYWxFMzVPTUNyblI3N0NfYzkxRE5GUzBONXhpaTJXd9IBgwFBVV95cUxQSTFfQjdsQjFzWU5Vc2ZRUDR6QUhGOXROT3E1dmpIbXNMUTQ3NVpNcDVzdzFsRWZJLVJOMkJjbnE0QmJ5emFxZ1NfaGdoR2hiNHA2N2hFemlKdUdkU2FJVjkxdFNlbnV6MHZaVHhNM0Fxa0FnSDU0ck55bFNHWDgtZENCWQ?oc=5\" target=\"_blank\" rel=\"nofollow noopener\">Do\u00f1a Letizia saca la artiller\u00eda pesada y se pone la tiara rusa en la cena de gala en honor al sult\u00e1n de Om\u00e1n, en visita de Estado a Espa\u00f1a<\/a>&nbsp;&nbsp;El Mundo<\/li>\n<li><a href=\"https:\/\/news.google.com\/rss\/articles\/CBMiowFBVV95cUxOUDZmdjNaTXU1bXVtM3haUzZRMHFGSEV2OFowRmVsZU5UQVpZSnlYRU9qd3Zrd292aWJOOUpnbHlOYmFyNDNObFFiNEdjVWE4UGxFeFdMc25UNUZ4N0s0OUtNVGRDZXlQNkZZZjhjZm9jMjhYTFpUZFk5YjZXTGIyNHBvUVcxV3I4cHlrZm84SGRLamxKZmtpc3RwdjVnT2dUN0M0?oc=5\" target=\"_blank\" rel=\"nofollow noopener\">La cena de gala de los Reyes al Sult\u00e1n de Om\u00e1n en la que Letizia deslumbra con tiara y el Palacio Real recupera su esplendor<\/a>&nbsp;&nbsp;HOLA<\/li>\n<li><a href=\"https:\/\/news.google.com\/rss\/articles\/CBMiygFBVV95cUxPcmd2cXhOZS1NSnpRSkdWcWhNMDhvYTNKMklpNi1rbUZnYjEyRDVISXlmUWd0bXpOZnBWLS1hX3NaT1Y2cUFiVTQzSHZ3dEMxMGFRckxDbWNPR2U0bEI0aWZGcnRjVjlHZGZvNWVSUTBxNHAzMTNvazVGNzkwLTNKdUpjMUJ1ei1tSEtLOEg1MWVsY2o2V21vNVE5aUJ6SUV5UjRfVkxQSjVPLVQ3eU9YQXVLTlNaSkJwYm5FUUdUa2ZxVGczYWlQMk9B?oc=5\" target=\"_blank\" rel=\"nofollow noopener\">De Francina Armengol o Margarita Robles a Esther Koplowitz: los looks de las invitadas a la cena de gala en honor al sult\u00e1n de Om\u00e1n<\/a>&nbsp;&nbsp;Vanitatis<\/li>\n<li><a href=\"https:\/\/news.google.com\/rss\/articles\/CBMiywFBVV95cUxOQ1dCSjBxSFJDZDJEUDg1S1pnWGtBaHZjZzFreUNSMURNZXpFekc0NjlITXlwNEhETE90R2Rwc2RmRjB0a0lMS1NRY1JBVjBJTm55SXdtMUxFcHd6UGRsd3ZVcGlhaWkwY3VrLVFPak9kclltWm5qQzdONDgwbXpvMGxsTzViZEJ3YVgxeHoyY09YdXZvdlIzdW90ZUIzSWVyM0VtN3ZSX1dKdEJ3dnhpXzZpWjFOWFRlZnp6WV8taWFlcUNFMVpsa2V0UdIB0AFBVV95cUxQelphVWJrbDFlUnFfeGRXaTZFNXpEYm9jMXVTQWNTTk5WeE9KRUljUExiYjlPQllkMmh6OW1LY3h1MlBsdVU5MUFYRHFDbmdnN2hUTVFqRFZmdjBwTGVkNHRZNkdreUVwQWlhYUEtVHU4OXFYQ0NOWUgxdFF6VUtNbEtrcGNfN3pMZm1Zc09qZjFuOHE5N3ByU21OMElFOUNoM2NiVHBiX0Jyc0JKZWk3b0x3Nkg4c0U0OVBkMDBjTV9GZGtMSlp4MHpsNFhrb2lF?oc=5\" target=\"_blank\" rel=\"nofollow noopener\">La reina Letizia sorprende con su look de gala m\u00e1s llamativo: repite vestido azul, se pone los chatones y elige su tiara rusa favorita<\/a>&nbsp;&nbsp;Mujerhoy<\/li>\n<\/ol>\n","protected":false},"excerpt":{"rendered":"La Reina Letizia da la bienvenida al fr\u00edo con un abrigo bat\u00edn negro con sorpresa debajo&nbsp;&nbsp;El Mundo Do\u00f1a&hellip;\n","protected":false},"author":2,"featured_media":218727,"comment_status":"","ping_status":"","sticky":false,"template":"","format":"standard","meta":{"footnotes":""},"categories":[8],"tags":[17,18,25,24,13,14,11,19,20,1023,9,10,15,16,11362,23,12,21,22,11068,54877],"class_list":{"0":"post-218726","1":"post","2":"type-post","3":"status-publish","4":"format-standard","5":"has-post-thumbnail","7":"category-espana","8":"tag-breaking-news","9":"tag-breakingnews","10":"tag-es","11":"tag-espana","12":"tag-featured-news","13":"tag-featurednews","14":"tag-headlines","15":"tag-latest-news","16":"tag-latestnews","17":"tag-moda","18":"tag-news","19":"tag-noticias","20":"tag-noticias-destacadas","21":"tag-noticiasdestacadas","22":"tag-reina-letizia","23":"tag-spain","24":"tag-titulares","25":"tag-ultimas-noticias","26":"tag-ultimasnoticias","27":"tag-yodona","28":"tag-yodona-moda-reina-letizia"},"share_on_mastodon":{"url":"https:\/\/pubeurope.com\/@es\/115493591125261555","error":""},"_links":{"self":[{"href":"https:\/\/www.europesays.com\/es\/wp-json\/wp\/v2\/posts\/218726","targetHints":{"allow":["GET"]}}],"collection":[{"href":"https:\/\/www.europesays.com\/es\/wp-json\/wp\/v2\/posts"}],"about":[{"href":"https:\/\/www.europesays.com\/es\/wp-json\/wp\/v2\/types\/post"}],"author":[{"embeddable":true,"href":"https:\/\/www.europesays.com\/es\/wp-json\/wp\/v2\/users\/2"}],"replies":[{"embeddable":true,"href":"https:\/\/www.europesays.com\/es\/wp-json\/wp\/v2\/comments?post=218726"}],"version-history":[{"count":0,"href":"https:\/\/www.europesays.com\/es\/wp-json\/wp\/v2\/posts\/218726\/revisions"}],"wp:featuredmedia":[{"embeddable":true,"href":"https:\/\/www.europesays.com\/es\/wp-json\/wp\/v2\/media\/218727"}],"wp:attachment":[{"href":"https:\/\/www.europesays.com\/es\/wp-json\/wp\/v2\/media?parent=218726"}],"wp:term":[{"taxonomy":"category","embeddable":true,"href":"https:\/\/www.europesays.com\/es\/wp-json\/wp\/v2\/categories?post=218726"},{"taxonomy":"post_tag","embeddable":true,"href":"https:\/\/www.europesays.com\/es\/wp-json\/wp\/v2\/tags?post=218726"}],"curies":[{"name":"wp","href":"https:\/\/api.w.org\/{rel}","templated":true}]}}